{"id":99938,"date":"2026-01-02T09:54:45","date_gmt":"2026-01-02T09:54:45","guid":{"rendered":"https:\/\/www.diarionoti7.com.mx\/?p=99938"},"modified":"2026-01-02T21:57:01","modified_gmt":"2026-01-02T21:57:01","slug":"menchaca-concluyo-el-ano-con-balance-del-ano-y-llama-a-la-unidad-2026-sera-una-etapa-clave-para-hidalgo","status":"publish","type":"post","link":"https:\/\/www.diarionoti7.com.mx\/?p=99938","title":{"rendered":"Menchaca Concluyo El A\u00f1o con Balance del A\u00f1o y Llama a la Unidad. 2026 Ser\u00e1 Una Etapa Clave Para Hidalgo."},"content":{"rendered":"\t\t<div data-elementor-type=\"wp-post\" data-elementor-id=\"99938\" class=\"elementor elementor-99938\">\n\t\t\t\t\t\t\t\t\t<section class=\"elementor-section elementor-top-section elementor-element elementor-element-c09b8f0 elementor-section-boxed elementor-section-height-default elementor-section-height-default\" data-id=\"c09b8f0\" data-element_type=\"section\">\n\t\t\t\t\t\t<div class=\"elementor-container elementor-column-gap-default\">\n\t\t\t\t\t<div class=\"elementor-column elementor-col-100 elementor-top-column elementor-element elementor-element-955a561\" data-id=\"955a561\" data-element_type=\"column\">\n\t\t\t<div class=\"elementor-widget-wrap elementor-element-populated\">\n\t\t\t\t\t\t\t\t<div class=\"elementor-element elementor-element-0ce869c elementor-widget elementor-widget-text-editor\" data-id=\"0ce869c\" data-element_type=\"widget\" data-widget_type=\"text-editor.default\">\n\t\t\t\t<div class=\"elementor-widget-container\">\n\t\t\t<style>\/*! elementor - v3.10.2 - 29-01-2023 *\/\n.elementor-widget-text-editor.elementor-drop-cap-view-stacked .elementor-drop-cap{background-color:#818a91;color:#fff}.elementor-widget-text-editor.elementor-drop-cap-view-framed .elementor-drop-cap{color:#818a91;border:3px solid;background-color:transparent}.elementor-widget-text-editor:not(.elementor-drop-cap-view-default) .elementor-drop-cap{margin-top:8px}.elementor-widget-text-editor:not(.elementor-drop-cap-view-default) .elementor-drop-cap-letter{width:1em;height:1em}.elementor-widget-text-editor .elementor-drop-cap{float:left;text-align:center;line-height:1;font-size:50px}.elementor-widget-text-editor .elementor-drop-cap-letter{display:inline-block}<\/style>\t\t\t\t<p>Pachuca, Hgo.-El gobernador Julio Menchaca cerr\u00f3 el a\u00f1o con un mensaje de balance, reconstrucci\u00f3n y unidad, y asegur\u00f3 que Pachuca, Hgo. 1 de enero 2026.- El gobernador de Hidalgo,<a href=\"https:\/\/x.com\/juliomenchaca_\">\u00a0Julio Menchaca<\/a>, comparti\u00f3 un mensaje de cierre de a\u00f1o en el que hizo un balance de los principales retos y avances que enfrent\u00f3 la entidad, destacando tanto el trabajo institucional como el impacto de fen\u00f3menos naturales registrados en distintas regiones del estado.<\/p><p>A trav\u00e9s de un video difundido en redes sociales, el mandatario se\u00f1al\u00f3 que el a\u00f1o estuvo marcado por\u00a0una intensa actividad en diversos sectores, as\u00ed como por\u00a0afectaciones severas derivadas de eventos climatol\u00f3gicos, lo que oblig\u00f3 a redoblar esfuerzos en materia de atenci\u00f3n y recuperaci\u00f3n.<\/p><p>Menchaca se\u00f1alo que Hidalgo atraviesa actualmente una\u00a0etapa de reconstrucci\u00f3n, en la que ha sido clave el respaldo del Gobierno de M\u00e9xico. En su mensaje, agradeci\u00f3 el acompa\u00f1amiento de la presidenta\u00a0Claudia Sheinbaum, as\u00ed como la solidaridad de la ciudadan\u00eda hidalguense y del resto del pa\u00eds,\u00a0 el trabajo conjunto ha permitido avanzar en la atenci\u00f3n de las zonas afectadas, al tiempo que se mantiene el impulso a proyectos estrat\u00e9gicos en el estado.<\/p><p>El titular del Ejecutivo estatal afirm\u00f3 que\u00a02026 representa un nuevo reto, pero tambi\u00e9n una oportunidad para consolidar la recuperaci\u00f3n y el desarrollo. Destac\u00f3 que la entidad cuenta con el talento, la determinaci\u00f3n y la fortaleza social necesarias para salir adelante.<\/p><p>Por ultimo, hizo un llamado a la\u00a0unidad y al \u00e1nimo colectivo\u00a0para continuar construyendo un mejor futuro para Hidalgo.<\/p><p>Teogralis Comercial, S.A. de C.V., quien recibir\u00e1 un monto total de 6 millones 974 mil 848 pesos por el software.<\/p><p>https:\/\/www.facebook.com\/share\/v\/1CDEPJMa6d<\/p>\t\t\t\t\t\t<\/div>\n\t\t\t\t<\/div>\n\t\t\t\t\t<\/div>\n\t\t<\/div>\n\t\t\t\t\t\t\t<\/div>\n\t\t<\/section>\n\t\t\t\t\t\t\t<\/div>\n\t\t","protected":false},"excerpt":{"rendered":"<p>Pachuca, Hgo.-El gobernador Julio Menchaca cerr\u00f3 el a\u00f1o con un mensaje de balance, reconstrucci\u00f3n y unidad, y asegur\u00f3 que Pachuca, Hgo. 1 de enero 2026.- El gobernador de Hidalgo,\u00a0Julio Menchaca, comparti\u00f3 un mensaje de cierre de a\u00f1o en el que hizo un balance de los principales retos y avances que enfrent\u00f3 la entidad, destacando tanto [&hellip;]<\/p>\n","protected":false},"author":1,"featured_media":99940,"comment_status":"closed","ping_status":"closed","sticky":false,"template":"","format":"standard","meta":[],"categories":[7],"tags":[],"_links":{"self":[{"href":"https:\/\/www.diarionoti7.com.mx\/index.php?rest_route=\/wp\/v2\/posts\/99938"}],"collection":[{"href":"https:\/\/www.diarionoti7.com.mx\/index.php?rest_route=\/wp\/v2\/posts"}],"about":[{"href":"https:\/\/www.diarionoti7.com.mx\/index.php?rest_route=\/wp\/v2\/types\/post"}],"author":[{"embeddable":true,"href":"https:\/\/www.diarionoti7.com.mx\/index.php?rest_route=\/wp\/v2\/users\/1"}],"replies":[{"embeddable":true,"href":"https:\/\/www.diarionoti7.com.mx\/index.php?rest_route=%2Fwp%2Fv2%2Fcomments&post=99938"}],"version-history":[{"count":4,"href":"https:\/\/www.diarionoti7.com.mx\/index.php?rest_route=\/wp\/v2\/posts\/99938\/revisions"}],"predecessor-version":[{"id":99943,"href":"https:\/\/www.diarionoti7.com.mx\/index.php?rest_route=\/wp\/v2\/posts\/99938\/revisions\/99943"}],"wp:featuredmedia":[{"embeddable":true,"href":"https:\/\/www.diarionoti7.com.mx\/index.php?rest_route=\/wp\/v2\/media\/99940"}],"wp:attachment":[{"href":"https:\/\/www.diarionoti7.com.mx\/index.php?rest_route=%2Fwp%2Fv2%2Fmedia&parent=99938"}],"wp:term":[{"taxonomy":"category","embeddable":true,"href":"https:\/\/www.diarionoti7.com.mx\/index.php?rest_route=%2Fwp%2Fv2%2Fcategories&post=99938"},{"taxonomy":"post_tag","embeddable":true,"href":"https:\/\/www.diarionoti7.com.mx\/index.php?rest_route=%2Fwp%2Fv2%2Ftags&post=99938"}],"curies":[{"name":"wp","href":"https:\/\/api.w.org\/{rel}","templated":true}]}}