{"id":99933,"date":"2026-01-02T09:52:30","date_gmt":"2026-01-02T09:52:30","guid":{"rendered":"https:\/\/www.diarionoti7.com.mx\/?p=99933"},"modified":"2026-01-02T21:54:18","modified_gmt":"2026-01-02T21:54:18","slug":"fallidos-agoreros-de-cambios-en-equipo-de-sheinbaum","status":"publish","type":"post","link":"https:\/\/www.diarionoti7.com.mx\/?p=99933","title":{"rendered":"Fallidos Agoreros de Cambios en Equipo de Sheinbaum"},"content":{"rendered":"\t\t<div data-elementor-type=\"wp-post\" data-elementor-id=\"99933\" class=\"elementor elementor-99933\">\n\t\t\t\t\t\t\t\t\t<section class=\"elementor-section elementor-top-section elementor-element elementor-element-c09b8f0 elementor-section-boxed elementor-section-height-default elementor-section-height-default\" data-id=\"c09b8f0\" data-element_type=\"section\">\n\t\t\t\t\t\t<div class=\"elementor-container elementor-column-gap-default\">\n\t\t\t\t\t<div class=\"elementor-column elementor-col-100 elementor-top-column elementor-element elementor-element-955a561\" data-id=\"955a561\" data-element_type=\"column\">\n\t\t\t<div class=\"elementor-widget-wrap elementor-element-populated\">\n\t\t\t\t\t\t\t\t<div class=\"elementor-element elementor-element-0ce869c elementor-widget elementor-widget-text-editor\" data-id=\"0ce869c\" data-element_type=\"widget\" data-widget_type=\"text-editor.default\">\n\t\t\t\t<div class=\"elementor-widget-container\">\n\t\t\t<style>\/*! elementor - v3.10.2 - 29-01-2023 *\/\n.elementor-widget-text-editor.elementor-drop-cap-view-stacked .elementor-drop-cap{background-color:#818a91;color:#fff}.elementor-widget-text-editor.elementor-drop-cap-view-framed .elementor-drop-cap{color:#818a91;border:3px solid;background-color:transparent}.elementor-widget-text-editor:not(.elementor-drop-cap-view-default) .elementor-drop-cap{margin-top:8px}.elementor-widget-text-editor:not(.elementor-drop-cap-view-default) .elementor-drop-cap-letter{width:1em;height:1em}.elementor-widget-text-editor .elementor-drop-cap{float:left;text-align:center;line-height:1;font-size:50px}.elementor-widget-text-editor .elementor-drop-cap-letter{display:inline-block}<\/style>\t\t\t\t<p><strong>Por Jaime Arizmendi<\/strong><\/p><p><strong>*Fallidos Agoreros de Cambios en Equipo de Sheinbaum<\/strong><\/p><p><strong>*Buscar\u00e1 Brugada Usar para CDMX Espacios Publicitarios<\/strong><\/p><p><strong>*Esteban Moctezuma, Marcos Bucio\u2026 Est\u00e1n por M\u00e9xico<\/strong><\/p><p><strong>Argonmexico \/ Caen m\u00e1s moscas en una gota de miel,<\/strong> que en un barril de vinagre\u2026 Claudia Sheinbaum Pardo termin\u00f3 sus primeros 15 meses al mando de la Naci\u00f3n sin mayores cambios en su gabinete; aunque no faltan los rumores, versiones de pasillo y falacias con \u201cfuentes de Presidencia\u201d, de quienes, en vano, insisten en augurar relevos hasta con nombres de nuevos funcionarios.<\/p><p>Tras la salida de Alejandro Gertz Manero de la Fiscal\u00eda General de la Rep\u00fablica (que no forma parte del Gabinete Legal ni del Ampliado), en su remplazo, Ernestina Godoy dej\u00f3 la Consejer\u00eda Jur\u00eddica del Ejecutivo Federal y, a su vez, fue sustituida por la guerrerense Esthela Dami\u00e1n Peralta. Sin otros relevos en el equipo de la Presidenta de M\u00e9xico.<\/p><p>Pero el 7 de marzo de 2025, Rogelio Ram\u00edrez de la O dej\u00f3 la Secretar\u00eda de Hacienda, que mantuvo desde el 9 de junio de 2021, cuando lo design\u00f3 el entonces presidente Andr\u00e9s Manuel L\u00f3pez Obrador. En noviembre de 2024, un mes despu\u00e9s de que Claudia Sheinbaum asumiera la Presidencia de M\u00e9xico, entreg\u00f3 al Congreso de la Uni\u00f3n el Paquete Econ\u00f3mico 2025, aprobado por la C\u00e1mara de Diputados en tiempo y forma.<\/p><p>Inquirida sobre presuntas remociones en su gabinete en distintas ma\u00f1aneras del pueblo, la jefa del Ejecutivo Federal descart\u00f3 m\u00e1s relevos, sin dejar de remarcar: \u201cpor ahora no tengo pensado en ning\u00fan cambio, pero eso no quiere decir que alg\u00fan d\u00eda se pueda dar, \u00bfverdad?, porque \u201ctodo el equipo est\u00e1 siempre a evaluaci\u00f3n, a que demos resultados a la gente\u201d.<\/p><p>Al margen de todo, la presidenta de M\u00e9xico anunci\u00f3 el lunes 29 de diciembre otro cambio en su gabinete. A Miguel Torruco Garza, exdiputado federal por Morena entre 2021 y 2024, \u201clo vamos a incorporar de nuevo, a partir de enero. Va a la Subsecretar\u00eda de Prevenci\u00f3n en la Secretar\u00eda de Seguridad y Protecci\u00f3n Ciudadana\u201d.<\/p><p>Y expuso: \u201cEl puesto que dej\u00f3 Esthela Dami\u00e1n, estaba de subsecretaria, que se encarga de prevenci\u00f3n del delito, se incorpora ah\u00ed Miguel Torruco, ahora que Esthela est\u00e1 de consejera jur\u00eddica. Lo invit\u00e9 y dijo que s\u00ed\u201d.<\/p><p>Miguel Torruco Garza, licenciado en Mercadotecnia por la Universidad Iberoamericana, con maestr\u00eda en Administraci\u00f3n P\u00fablica por el Instituto Nacional de Administraci\u00f3n P\u00fablica (INAP); antes ocup\u00f3 la Direcci\u00f3n General de Promoci\u00f3n al Deporte y Bienestar en la Secretar\u00eda de Educaci\u00f3n P\u00fablica. Entre sus acciones m\u00e1s relevantes sobresale la clase masiva de box, en el Z\u00f3calo de la CDMX.<\/p><p>El 1 de septiembre de 2021 asumi\u00f3 como diputado federal por Morena en la LXV Legislatura. Durante su periodo en San L\u00e1zaro, fue secretario de la Comisi\u00f3n de Relaciones Exteriores e integrante activo de la Comisi\u00f3n de Comunicaciones y Transportes; adem\u00e1s de participar en sectores estrat\u00e9gicos como Energ\u00eda, Ciencia y Tecnolog\u00eda.<\/p><p>En su paso por el Congreso, Torruco Garza impuls\u00f3 m\u00e1s de 50 iniciativas de ley, donde destaca su propuesta para el regreso del tren de pasajeros a M\u00e9xico, la cual culmin\u00f3 en un Decreto Presidencial. El carb\u00f3n que ha sido brasa, f\u00e1cilmente vuelve a arder\u2026<\/p><p>Al mal paso, darle prisa\u2026 Clara Brugada anunci\u00f3 el 10 de noviembre relevos en su equipo: Pablo Yanes Rizo, secretario de Educaci\u00f3n, Ciencia, Tecnolog\u00eda e Innovaci\u00f3n, se hizo cargo de Planeaci\u00f3n, Ordenamiento Territorial y Coordinaci\u00f3n Metropolitana en lugar de Alejandro Encinas, nuevo representante de M\u00e9xico ante la Organizaci\u00f3n de Estados Americanos (OEA).<\/p><p>En tanto, el secretario del Agua del estado de M\u00e9xico, Pedro Moctezuma Barrag\u00e1n, cubrir\u00eda el puesto que dej\u00f3 Yanes Rizo. Aunque los funcionarios tomaron posesi\u00f3n de sus nuevos cargos, hasta Pablo Yanes compareci\u00f3 ante el Congreso local, como parte de la glosa del primer Informe de gobierno de la Jefa de Gobierno.<\/p><p>La titular de Ejecutivo local asegur\u00f3 que el nuevo encargado de la pol\u00edtica territorial de la ciudad \u201ctiene toda la experiencia, conocimientos y compromiso para garantizar que esta gran ciudad pueda avanzar hacia regulaciones al ordenamiento territorial, la planeaci\u00f3n democr\u00e1tica y la gobernanza metropolitana\u201d.<\/p><p>Con todo, para Clara Brugada, la mayor preocupaci\u00f3n de su Gobierno radica en las campa\u00f1as de difusi\u00f3n de sus estrategias pol\u00edticas, para que toda la ciudadan\u00eda conozca los operativos para acabar en la CDMX con el abuso y despojo de inmuebles, la separaci\u00f3n de deshechos que se aplicar\u00e1 a partir de enero 2026; en torno a las nuevas tarifas por tenencia vehicular, y m\u00e1s.<\/p><p>La jefa de Gobierno admiti\u00f3 en rueda de prensa, se debe valorar \u201ccon quienes ya analizamos\u201d: el secretario de Gobierno, C\u00e9sar Cravioto; y de Administraci\u00f3n y Finanzas P\u00fablicas, Juan Pablo De Botton, los contratos y\/o convenios vigentes, para utilizar en beneficio de la poblaci\u00f3n los espacios publicitarios del Servicio de Transporte Colectivo (Metro), Metrob\u00fas y dem\u00e1s transportes p\u00fablicos.<\/p><p>Lo que es muy factible se aplique en el Gobierno de la Ciudad de M\u00e9xico en el 2026, es una nueva estrategia en materia de difusi\u00f3n para que los millones de chilangos y de usuarios del transporte p\u00fablico en la capital del pa\u00eds, conozcan los beneficios que se les brinda no solamente a quienes habitan en esta urbe, sino tambi\u00e9n a quienes utilizan su transporte. A la mejor cocinera, se le queman los frijoles\u2026<\/p><p>Como cada fin de a\u00f1o, Todos los Embajadores y c\u00f3nsules de M\u00e9xico en el extranjero se congregan en la CDMX el fin de a\u00f1o, para saludar a sus familiares y, al mismo tiempo, celebrar reuniones de trabajo en la Canciller\u00eda. Por supuesto, tambi\u00e9n sostienen reuniones de trabajo con la Presidenta de M\u00e9xico, Claudia Sheinbaum Pardo.<\/p><p>Saludamos a pol\u00edticos y personajes destacados en el Servicio P\u00fablico y Diplom\u00e1tico amigos entra\u00f1ables como Marcos Augusto Bucio M\u00fajica, C\u00f3nsul de M\u00e9xico en Nueva York, cercano al embajador de M\u00e9xico en Estados Unidos, Esteban Moctezuma Barrag\u00e1n, cuyo papel en la Uni\u00f3n Americana por parte de nuestra Naci\u00f3n, est\u00e1 a toda prueba. \u00a1Sea por la Patria!\u2026<\/p><p>argondirector@gmail.com y argonmexico@gmail.com<\/p>\t\t\t\t\t\t<\/div>\n\t\t\t\t<\/div>\n\t\t\t\t\t<\/div>\n\t\t<\/div>\n\t\t\t\t\t\t\t<\/div>\n\t\t<\/section>\n\t\t\t\t\t\t\t<\/div>\n\t\t","protected":false},"excerpt":{"rendered":"<p>Por Jaime Arizmendi *Fallidos Agoreros de Cambios en Equipo de Sheinbaum *Buscar\u00e1 Brugada Usar para CDMX Espacios Publicitarios *Esteban Moctezuma, Marcos Bucio\u2026 Est\u00e1n por M\u00e9xico Argonmexico \/ Caen m\u00e1s moscas en una gota de miel, que en un barril de vinagre\u2026 Claudia Sheinbaum Pardo termin\u00f3 sus primeros 15 meses al mando de la Naci\u00f3n sin [&hellip;]<\/p>\n","protected":false},"author":1,"featured_media":88709,"comment_status":"closed","ping_status":"closed","sticky":false,"template":"","format":"standard","meta":[],"categories":[3],"tags":[],"_links":{"self":[{"href":"https:\/\/www.diarionoti7.com.mx\/index.php?rest_route=\/wp\/v2\/posts\/99933"}],"collection":[{"href":"https:\/\/www.diarionoti7.com.mx\/index.php?rest_route=\/wp\/v2\/posts"}],"about":[{"href":"https:\/\/www.diarionoti7.com.mx\/index.php?rest_route=\/wp\/v2\/types\/post"}],"author":[{"embeddable":true,"href":"https:\/\/www.diarionoti7.com.mx\/index.php?rest_route=\/wp\/v2\/users\/1"}],"replies":[{"embeddable":true,"href":"https:\/\/www.diarionoti7.com.mx\/index.php?rest_route=%2Fwp%2Fv2%2Fcomments&post=99933"}],"version-history":[{"count":4,"href":"https:\/\/www.diarionoti7.com.mx\/index.php?rest_route=\/wp\/v2\/posts\/99933\/revisions"}],"predecessor-version":[{"id":99937,"href":"https:\/\/www.diarionoti7.com.mx\/index.php?rest_route=\/wp\/v2\/posts\/99933\/revisions\/99937"}],"wp:featuredmedia":[{"embeddable":true,"href":"https:\/\/www.diarionoti7.com.mx\/index.php?rest_route=\/wp\/v2\/media\/88709"}],"wp:attachment":[{"href":"https:\/\/www.diarionoti7.com.mx\/index.php?rest_route=%2Fwp%2Fv2%2Fmedia&parent=99933"}],"wp:term":[{"taxonomy":"category","embeddable":true,"href":"https:\/\/www.diarionoti7.com.mx\/index.php?rest_route=%2Fwp%2Fv2%2Fcategories&post=99933"},{"taxonomy":"post_tag","embeddable":true,"href":"https:\/\/www.diarionoti7.com.mx\/index.php?rest_route=%2Fwp%2Fv2%2Ftags&post=99933"}],"curies":[{"name":"wp","href":"https:\/\/api.w.org\/{rel}","templated":true}]}}