{"id":9777,"date":"2023-05-28T17:20:27","date_gmt":"2023-05-28T17:20:27","guid":{"rendered":"https:\/\/www.diarionoti7.com.mx\/?p=9777"},"modified":"2023-05-28T17:23:23","modified_gmt":"2023-05-28T17:23:23","slug":"sala-regional-toluca-concluye-el-8o-encuentro-regional-de-institutos-tribunales-electorales-e-ine-2023","status":"publish","type":"post","link":"https:\/\/www.diarionoti7.com.mx\/?p=9777","title":{"rendered":"Sala Regional Toluca Concluye El 8\u00ba Encuentro Regional De Institutos, Tribunales Electorales E Ine 2023."},"content":{"rendered":"\t\t<div data-elementor-type=\"wp-post\" data-elementor-id=\"9777\" class=\"elementor elementor-9777\">\n\t\t\t\t\t\t\t\t\t<section class=\"elementor-section elementor-top-section elementor-element elementor-element-51c23a4c elementor-section-boxed elementor-section-height-default elementor-section-height-default\" data-id=\"51c23a4c\" data-element_type=\"section\">\n\t\t\t\t\t\t<div class=\"elementor-container elementor-column-gap-default\">\n\t\t\t\t\t<div class=\"elementor-column elementor-col-100 elementor-top-column elementor-element elementor-element-7d2e0b6e\" data-id=\"7d2e0b6e\" data-element_type=\"column\">\n\t\t\t<div class=\"elementor-widget-wrap elementor-element-populated\">\n\t\t\t\t\t\t\t\t<div class=\"elementor-element elementor-element-2f2290cd elementor-widget elementor-widget-text-editor\" data-id=\"2f2290cd\" data-element_type=\"widget\" data-widget_type=\"text-editor.default\">\n\t\t\t\t<div class=\"elementor-widget-container\">\n\t\t\t<style>\/*! elementor - v3.10.2 - 29-01-2023 *\/\n.elementor-widget-text-editor.elementor-drop-cap-view-stacked .elementor-drop-cap{background-color:#818a91;color:#fff}.elementor-widget-text-editor.elementor-drop-cap-view-framed .elementor-drop-cap{color:#818a91;border:3px solid;background-color:transparent}.elementor-widget-text-editor:not(.elementor-drop-cap-view-default) .elementor-drop-cap{margin-top:8px}.elementor-widget-text-editor:not(.elementor-drop-cap-view-default) .elementor-drop-cap-letter{width:1em;height:1em}.elementor-widget-text-editor .elementor-drop-cap{float:left;text-align:center;line-height:1;font-size:50px}.elementor-widget-text-editor .elementor-drop-cap-letter{display:inline-block}<\/style>\t\t\t\t\t\t\t\t\t\t<\/div>\n\t\t\t\t<\/div>\n\t\t\t\t\t<\/div>\n\t\t<\/div>\n\t\t\t\t\t\t\t<\/div>\n\t\t<\/section>\n\t\t\t\t<section class=\"elementor-section elementor-top-section elementor-element elementor-element-1da7a1e elementor-section-boxed elementor-section-height-default elementor-section-height-default\" data-id=\"1da7a1e\" data-element_type=\"section\">\n\t\t\t\t\t\t<div class=\"elementor-container elementor-column-gap-default\">\n\t\t\t\t\t<div class=\"elementor-column elementor-col-100 elementor-top-column elementor-element elementor-element-8451efe\" data-id=\"8451efe\" data-element_type=\"column\">\n\t\t\t<div class=\"elementor-widget-wrap elementor-element-populated\">\n\t\t\t\t\t\t\t\t<div class=\"elementor-element elementor-element-19003b8 elementor-widget elementor-widget-text-editor\" data-id=\"19003b8\" data-element_type=\"widget\" data-widget_type=\"text-editor.default\">\n\t\t\t\t<div class=\"elementor-widget-container\">\n\t\t\t\t\t\t\t<p>Morelia, Michoac\u00e1n, 26 de mayo 2023.-Con acuerdos y compromisos para lograr la participaci\u00f3n de la ciudadan\u00eda en los pr\u00f3ximos procesos electorales, concluyeron las actividades de las seis mesas de trabajo del 8\u00ba Encuentro Regional de Institutos, Tribunales Electorales e INE 2023, en la V Circunscripci\u00f3n plurinominal.<\/p><p>Alejandro David Avante Ju\u00e1rez, Magistrado Presidente de la Sala Regional Toluca del Tribunal Electoral del Poder Judicial de la Federaci\u00f3n (TEPJF), present\u00f3 la relator\u00eda del encuentro y agradeci\u00f3 a los presentes sus aportaciones y adelant\u00f3 la invitaci\u00f3n a la siguiente edici\u00f3n del mismo.<\/p><p>Uuc- Kib Espadas Ancona, Consejero del Instituto Nacional Electoral (INE) clausur\u00f3 los trabajos de este encuentro esperando que las experiencias compartidas rindan los resultados esperados.<\/p><p>Con la coordinaci\u00f3n de la Sala Regional Toluca integrada adem\u00e1s por la Magistrada Marcela Elena Fern\u00e1ndez Dom\u00ednguez, y el Magistrado en Funciones Fabi\u00e1n Trinidad Jim\u00e9nez, se realizaron seis mesas de trabajo en las que los Consejeros del Instituto Electoral de Colima, del Estado de M\u00e9xico, Quer\u00e9taro, Hidalgo y Michoac\u00e1n; as\u00ed como los Magistrados de los Tribunales Electorales de esas entidades, compartieron sus experiencias y visi\u00f3n respecto de los t\u00f3picos analizados que fueron objeto de discusi\u00f3n, y expusieron sus preocupaciones sobre los retos venideros para las instituciones electorales de la circunscripci\u00f3n .<\/p><p>Los temas que se abordaron fueron: Binomio conceptual entre Federalismo y acciones afirmativas; las experiencias desde lo local en Hidalgo, el Fortalecimiento de las Reformas electorales en la democracia, Radiograf\u00eda del Instituto Electoral del Estado de Quer\u00e9taro: caracter\u00edsticas, transformaciones e innovaciones; Autonom\u00eda e independencia de la justicia electoral \u201cCaso Aguinaga vs Ecuador\u201d Corte IDH; y Federalismo y Elecciones\u201d -Reforma electoral -Funcionamiento de los \u00f3rganos electorales, administrativos y jurisdiccionales locales y federales.<\/p><p>De igual forma se presentaron aportaciones valiosas sobre la violencia en las elecciones; violencia pol\u00edtica en raz\u00f3n de g\u00e9nero; el establecimiento y alcance de las reglas del juego en las contiendas electorales, la representaci\u00f3n proporcional en ayuntamientos y congresos locales; paridad sustantiva; reelecci\u00f3n; candidaturas independientes; criterios relevantes de los tribunales de la circunscripci\u00f3n; campa\u00f1as electorales; elecciones por usos y costumbres, nulidades. Tambi\u00e9n se comentaron aspectos trascendentes sobre las denominadas acciones afirmativas; derechos pol\u00edtico-electorales y acceso a la justicia de personas pertenecientes a comunicades ind\u00edgenas, personas con discapacidad e integrantes de grupos LGBTTTIQ+.<\/p><p>\u201cDocumento con fines de divulgaci\u00f3n. Las sentencias son la \u00fanica versi\u00f3n oficial.\u201d<\/p>\t\t\t\t\t\t<\/div>\n\t\t\t\t<\/div>\n\t\t\t\t\t<\/div>\n\t\t<\/div>\n\t\t\t\t\t\t\t<\/div>\n\t\t<\/section>\n\t\t\t\t\t\t\t<\/div>\n\t\t","protected":false},"excerpt":{"rendered":"<p>Morelia, Michoac\u00e1n, 26 de mayo 2023.-Con acuerdos y compromisos para lograr la participaci\u00f3n de la ciudadan\u00eda en los pr\u00f3ximos procesos electorales, concluyeron las actividades de las seis mesas de trabajo del 8\u00ba Encuentro Regional de Institutos, Tribunales Electorales e INE 2023, en la V Circunscripci\u00f3n plurinominal. Alejandro David Avante Ju\u00e1rez, Magistrado Presidente de la Sala [&hellip;]<\/p>\n","protected":false},"author":1,"featured_media":9785,"comment_status":"closed","ping_status":"closed","sticky":false,"template":"","format":"standard","meta":[],"categories":[3],"tags":[],"_links":{"self":[{"href":"https:\/\/www.diarionoti7.com.mx\/index.php?rest_route=\/wp\/v2\/posts\/9777"}],"collection":[{"href":"https:\/\/www.diarionoti7.com.mx\/index.php?rest_route=\/wp\/v2\/posts"}],"about":[{"href":"https:\/\/www.diarionoti7.com.mx\/index.php?rest_route=\/wp\/v2\/types\/post"}],"author":[{"embeddable":true,"href":"https:\/\/www.diarionoti7.com.mx\/index.php?rest_route=\/wp\/v2\/users\/1"}],"replies":[{"embeddable":true,"href":"https:\/\/www.diarionoti7.com.mx\/index.php?rest_route=%2Fwp%2Fv2%2Fcomments&post=9777"}],"version-history":[{"count":4,"href":"https:\/\/www.diarionoti7.com.mx\/index.php?rest_route=\/wp\/v2\/posts\/9777\/revisions"}],"predecessor-version":[{"id":9788,"href":"https:\/\/www.diarionoti7.com.mx\/index.php?rest_route=\/wp\/v2\/posts\/9777\/revisions\/9788"}],"wp:featuredmedia":[{"embeddable":true,"href":"https:\/\/www.diarionoti7.com.mx\/index.php?rest_route=\/wp\/v2\/media\/9785"}],"wp:attachment":[{"href":"https:\/\/www.diarionoti7.com.mx\/index.php?rest_route=%2Fwp%2Fv2%2Fmedia&parent=9777"}],"wp:term":[{"taxonomy":"category","embeddable":true,"href":"https:\/\/www.diarionoti7.com.mx\/index.php?rest_route=%2Fwp%2Fv2%2Fcategories&post=9777"},{"taxonomy":"post_tag","embeddable":true,"href":"https:\/\/www.diarionoti7.com.mx\/index.php?rest_route=%2Fwp%2Fv2%2Ftags&post=9777"}],"curies":[{"name":"wp","href":"https:\/\/api.w.org\/{rel}","templated":true}]}}