{"id":96018,"date":"2025-11-16T08:50:19","date_gmt":"2025-11-16T08:50:19","guid":{"rendered":"https:\/\/www.diarionoti7.com.mx\/?p=96018"},"modified":"2025-11-16T18:51:12","modified_gmt":"2025-11-16T18:51:12","slug":"marcha-por-la-paz-marcha-de-la-generacion-z-en-pachuca","status":"publish","type":"post","link":"https:\/\/www.diarionoti7.com.mx\/?p=96018","title":{"rendered":"Marcha por la Paz, Marcha de la Generaci\u00f3n Z.  en Pachuca"},"content":{"rendered":"\t\t<div data-elementor-type=\"wp-post\" data-elementor-id=\"96018\" class=\"elementor elementor-96018\">\n\t\t\t\t\t\t\t\t\t<section class=\"elementor-section elementor-top-section elementor-element elementor-element-c09b8f0 elementor-section-boxed elementor-section-height-default elementor-section-height-default\" data-id=\"c09b8f0\" data-element_type=\"section\">\n\t\t\t\t\t\t<div class=\"elementor-container elementor-column-gap-default\">\n\t\t\t\t\t<div class=\"elementor-column elementor-col-100 elementor-top-column elementor-element elementor-element-955a561\" data-id=\"955a561\" data-element_type=\"column\">\n\t\t\t<div class=\"elementor-widget-wrap elementor-element-populated\">\n\t\t\t\t\t\t\t\t<div class=\"elementor-element elementor-element-0ce869c elementor-widget elementor-widget-text-editor\" data-id=\"0ce869c\" data-element_type=\"widget\" data-widget_type=\"text-editor.default\">\n\t\t\t\t<div class=\"elementor-widget-container\">\n\t\t\t<style>\/*! elementor - v3.10.2 - 29-01-2023 *\/\n.elementor-widget-text-editor.elementor-drop-cap-view-stacked .elementor-drop-cap{background-color:#818a91;color:#fff}.elementor-widget-text-editor.elementor-drop-cap-view-framed .elementor-drop-cap{color:#818a91;border:3px solid;background-color:transparent}.elementor-widget-text-editor:not(.elementor-drop-cap-view-default) .elementor-drop-cap{margin-top:8px}.elementor-widget-text-editor:not(.elementor-drop-cap-view-default) .elementor-drop-cap-letter{width:1em;height:1em}.elementor-widget-text-editor .elementor-drop-cap{float:left;text-align:center;line-height:1;font-size:50px}.elementor-widget-text-editor .elementor-drop-cap-letter{display:inline-block}<\/style>\t\t\t\t<p><strong>*Una manifestaci\u00f3n inflada a nivel nacional con bots, robots e inteligencia articial que se genero en Michoacan con el asesinato del\u00a0 edil de <\/strong><strong>Uruapan, Michoac\u00e1n, Carlos Manzo<\/strong><\/p><p><strong>Pachuca, Hgo., 15 de noviembre 2025.-<\/strong> Hoy en Pachuca se realiz\u00f3 una <a href=\"https:\/\/criteriohidalgo.com\/noticias\/hidalgo\/ciudadanos-marchan-en-pachuca-por-el-movimiento-del-sombrero-en-honor-a-carlos-manzo\">manifestaci\u00f3n<\/a>\u00a0denominada Marcha por la Paz, Marcha de la Generaci\u00f3n Z. un evento en el que ciudadanos se unieron para exigir un alto a la violencia en el pa\u00eds. El contingente, que parti\u00f3 de la Plaza Independencia hacia Palacio de Gobierno, fue el m\u00e1s numeroso hasta el momento,\u00a0reuniendo a casi 200 personas.<\/p><p>La mayor\u00eda de los participantes personas mayores pocos jovenes se visti\u00f3 de blanco y port\u00f3 velas, las cuales colocaron en forma de cruz frente a las instalaciones del gobierno estatal, como un s\u00edmbolo de condena hacia los actos de violencia, como el homicidio del alcalde de Uruapan, Michoac\u00e1n, Carlos Manzo, y la desaparici\u00f3n de otras personas.<\/p><p>Los manifestantes con mantas y consignas como \u201cHidalgo escucha, esta es tu lucha\u201d, \u201cNo m\u00e1s pensi\u00f3n, queremos educaci\u00f3n\u201d, \u201cM\u00e9xico en paz\u201d, \u201cFuera Morena\u201d y \u201cClaudia asesina\u201d, \u201cFue un error votar por Obrador\u201d, exigieron\u00a0seguridad, justicia y un alto a la violencia,\u00a0 luego del asesinato del\u00a0presidente municipal de Uruapan, Michoac\u00e1n, Carlos Manzo.<\/p><p><strong>La marcha en Pachuca fue una mas de la \u00a0jornada nacional impulsada por la Generaci\u00f3n Z<\/strong>, fue un acto de protesta pac\u00edfica en la que los manifestantes exigieron un M\u00e9xico libre de violencia,\u00a0 adem\u00e1s,\u00a0 llevaron velas y s\u00edmbolos del anime One Piece, \u00a0portaron insignias en blanco y negro, que representaban el luto por las v\u00edctimas de la violencia y la lucha por un futuro m\u00e1s seguro.<\/p><p>Durante la marcha, los asistentes gritaban condenando las atrocidades cometidas en todo el pa\u00eds, y denunciaron el actual clima de inseguridad. Las consignas fueron claras: \u201c\u00a1Ni una v\u00edctima m\u00e1s!\u201d y \u201c\u00a1Justicia para los desaparecidos!\u201d. La concentraci\u00f3n de velas, dispuestas en forma de cruz, fue el momento central de la protesta, que rindi\u00f3 homenaje a aquellos que han perdido la vida en manos de la violencia.<\/p><p>Adem\u00e1s de la marcha por la paz, dos manifestaciones adicionales tuvieron lugar en la misma zona de la ciudad. Por la ma\u00f1ana, un grupo de personas con el movimiento \u201cYo decido\u201d, llevaron a cabo una protesta en favor de la revocaci\u00f3n de mandato.\u00a0<strong>Al poco tiempo, el \u201cMovimiento del Sombrero\u201d, originado en repudio al asesinato del alcalde de Uruapan, Carlos Manzo<\/strong>, tambi\u00e9n se uni\u00f3 a la causa, marchando, exigiendo justicia para las v\u00edctimas de violencia.<\/p><p><strong>Las tres marchas fueron pac\u00edficas y lograron concentrar entre los tres cientos de ciudadanos que alzaron la voz<\/strong>\u00a0por un M\u00e9xico sin violencia. Aunque las manifestaciones se dieron en diferentes horarios, todas coincidieron en su objetivo com\u00fan: exigir seguridad, justicia y paz para todos los mexicanos.<\/p>\t\t\t\t\t\t<\/div>\n\t\t\t\t<\/div>\n\t\t\t\t\t<\/div>\n\t\t<\/div>\n\t\t\t\t\t\t\t<\/div>\n\t\t<\/section>\n\t\t\t\t\t\t\t<\/div>\n\t\t","protected":false},"excerpt":{"rendered":"<p>*Una manifestaci\u00f3n inflada a nivel nacional con bots, robots e inteligencia articial que se genero en Michoacan con el asesinato del\u00a0 edil de Uruapan, Michoac\u00e1n, Carlos Manzo Pachuca, Hgo., 15 de noviembre 2025.- Hoy en Pachuca se realiz\u00f3 una manifestaci\u00f3n\u00a0denominada Marcha por la Paz, Marcha de la Generaci\u00f3n Z. un evento en el que ciudadanos [&hellip;]<\/p>\n","protected":false},"author":1,"featured_media":96020,"comment_status":"closed","ping_status":"closed","sticky":false,"template":"","format":"standard","meta":[],"categories":[9],"tags":[],"_links":{"self":[{"href":"https:\/\/www.diarionoti7.com.mx\/index.php?rest_route=\/wp\/v2\/posts\/96018"}],"collection":[{"href":"https:\/\/www.diarionoti7.com.mx\/index.php?rest_route=\/wp\/v2\/posts"}],"about":[{"href":"https:\/\/www.diarionoti7.com.mx\/index.php?rest_route=\/wp\/v2\/types\/post"}],"author":[{"embeddable":true,"href":"https:\/\/www.diarionoti7.com.mx\/index.php?rest_route=\/wp\/v2\/users\/1"}],"replies":[{"embeddable":true,"href":"https:\/\/www.diarionoti7.com.mx\/index.php?rest_route=%2Fwp%2Fv2%2Fcomments&post=96018"}],"version-history":[{"count":4,"href":"https:\/\/www.diarionoti7.com.mx\/index.php?rest_route=\/wp\/v2\/posts\/96018\/revisions"}],"predecessor-version":[{"id":96023,"href":"https:\/\/www.diarionoti7.com.mx\/index.php?rest_route=\/wp\/v2\/posts\/96018\/revisions\/96023"}],"wp:featuredmedia":[{"embeddable":true,"href":"https:\/\/www.diarionoti7.com.mx\/index.php?rest_route=\/wp\/v2\/media\/96020"}],"wp:attachment":[{"href":"https:\/\/www.diarionoti7.com.mx\/index.php?rest_route=%2Fwp%2Fv2%2Fmedia&parent=96018"}],"wp:term":[{"taxonomy":"category","embeddable":true,"href":"https:\/\/www.diarionoti7.com.mx\/index.php?rest_route=%2Fwp%2Fv2%2Fcategories&post=96018"},{"taxonomy":"post_tag","embeddable":true,"href":"https:\/\/www.diarionoti7.com.mx\/index.php?rest_route=%2Fwp%2Fv2%2Ftags&post=96018"}],"curies":[{"name":"wp","href":"https:\/\/api.w.org\/{rel}","templated":true}]}}