{"id":95373,"date":"2025-11-08T09:28:56","date_gmt":"2025-11-08T09:28:56","guid":{"rendered":"https:\/\/www.diarionoti7.com.mx\/?p=95373"},"modified":"2025-11-08T19:30:00","modified_gmt":"2025-11-08T19:30:00","slug":"instalan-primera-sesion-del-sistema-nacional-de-busqueda","status":"publish","type":"post","link":"https:\/\/www.diarionoti7.com.mx\/?p=95373","title":{"rendered":"Instalan Primera Sesi\u00f3n del Sistema Nacional de B\u00fasqueda"},"content":{"rendered":"\t\t<div data-elementor-type=\"wp-post\" data-elementor-id=\"95373\" class=\"elementor elementor-95373\">\n\t\t\t\t\t\t\t\t\t<section class=\"elementor-section elementor-top-section elementor-element elementor-element-c09b8f0 elementor-section-boxed elementor-section-height-default elementor-section-height-default\" data-id=\"c09b8f0\" data-element_type=\"section\">\n\t\t\t\t\t\t<div class=\"elementor-container elementor-column-gap-default\">\n\t\t\t\t\t<div class=\"elementor-column elementor-col-100 elementor-top-column elementor-element elementor-element-955a561\" data-id=\"955a561\" data-element_type=\"column\">\n\t\t\t<div class=\"elementor-widget-wrap elementor-element-populated\">\n\t\t\t\t\t\t\t\t<div class=\"elementor-element elementor-element-0ce869c elementor-widget elementor-widget-text-editor\" data-id=\"0ce869c\" data-element_type=\"widget\" data-widget_type=\"text-editor.default\">\n\t\t\t\t<div class=\"elementor-widget-container\">\n\t\t\t<style>\/*! elementor - v3.10.2 - 29-01-2023 *\/\n.elementor-widget-text-editor.elementor-drop-cap-view-stacked .elementor-drop-cap{background-color:#818a91;color:#fff}.elementor-widget-text-editor.elementor-drop-cap-view-framed .elementor-drop-cap{color:#818a91;border:3px solid;background-color:transparent}.elementor-widget-text-editor:not(.elementor-drop-cap-view-default) .elementor-drop-cap{margin-top:8px}.elementor-widget-text-editor:not(.elementor-drop-cap-view-default) .elementor-drop-cap-letter{width:1em;height:1em}.elementor-widget-text-editor .elementor-drop-cap{float:left;text-align:center;line-height:1;font-size:50px}.elementor-widget-text-editor .elementor-drop-cap-letter{display:inline-block}<\/style>\t\t\t\t<p><strong>Ciudad de M\u00e9xico, 7 de noviembre de 2025.-<\/strong>Para consolidar la coordinaci\u00f3n interinstitucional y fortalecer los mecanismos de b\u00fasqueda bajo el nuevo marco legal, el Sistema Nacional de B\u00fasqueda de Personas (SNBP) celebr\u00f3 este viernes su Primera Sesi\u00f3n Ordinaria de 2025.<\/p><p>La secretaria de Gobernaci\u00f3n, Rosa Icela Rodr\u00edguez, encabez\u00f3 la reuni\u00f3n, celebrada en el Sal\u00f3n Revoluci\u00f3n del conjunto Bucareli, acompa\u00f1ada del subsecretario de Derechos Humanos, Poblaci\u00f3n y Migraci\u00f3n, Arturo Medina; la titular de la Comisi\u00f3n Nacional de B\u00fasqueda (CNB), Martha Lidia P\u00e9rez Gumecindo, y la fiscal general de Justicia de la Ciudad de M\u00e9xico, Bertha Alcalde.<\/p><p>As\u00ed como el representante del Alto Comisionado de las Naciones Unidas para los Derechos Humanos (ONU-DH), Humberto Henderson, y el coordinador del Programa de Identificaci\u00f3n Humana del Fondo de Poblaci\u00f3n de las Naciones Unidas (UNFPA) en M\u00e9xico, Maximilian Murck.<\/p><p>En ese marco, la titular de Gobernaci\u00f3n subray\u00f3 que la instrucci\u00f3n de la Presidenta Claudia Sheinbaum es fortalecer los procesos de b\u00fasqueda, localizaci\u00f3n e identificaci\u00f3n de personas desaparecidas, en colaboraci\u00f3n con los tres \u00f3rdenes de gobierno, con el firme compromiso de hacer justicia a las familias.<\/p><p>Tambi\u00e9n participaron, por parte de la Fiscal\u00eda General de la Rep\u00fablica (FGR), el fiscal especializado en Materia de Derechos Humanos, Ricardo S\u00e1nchez P\u00e9rez del Pozo, as\u00ed como la representaci\u00f3n de la Conferencia Nacional de Procuraci\u00f3n de Justicia, que agrupa a las 32 fiscal\u00edas del pa\u00eds.<\/p><p>\u201cLo que nos ha dicho la Presidenta es que el derecho humano a ser encontrado y el derecho humano de las v\u00edctimas a buscar a sus familiares, son principios fundamentales que el Estado debe garantizar y proteger\u201d, dijo.<\/p><p>La secretaria explic\u00f3 que este Sistema inicia una nueva etapa con mejores herramientas, pero tambi\u00e9n con retos de implementaci\u00f3n para garantizar la atenci\u00f3n integral y especializada a las familias, con perspectiva de g\u00e9nero y enfoque de derechos humanos.<\/p><p>Agreg\u00f3 que ya se tiene una nueva Ley, resultado de 450 reuniones con grupos y familiares de personas desaparecidas, cuya voz ha sido esencial para dotar de sentido y legitimidad cada avance.<\/p><p>Convoc\u00f3 a los integrantes del Sistema a hacer un Plan Nacional de B\u00fasqueda bien organizado, con expectativas de lo que espera la poblaci\u00f3n e indicadores precisos de trabajo.<\/p><p>En su turno, el subsecretario Arturo Medina se\u00f1al\u00f3 que el Sistema debe orientar los recursos del Estado hacia un prop\u00f3sito compartido: ofrecer respuestas efectivas a las y los familiares y garantizar el derecho a la verdad y a la justicia.<\/p><p>Indic\u00f3 que este trabajo exige coordinaci\u00f3n, rigor t\u00e9cnico y, sobre todo, sensibilidad humana para la localizaci\u00f3n e identificaci\u00f3n de personas desaparecidas y no localizadas.<\/p><p>Durante la sesi\u00f3n, la comisionada nacional present\u00f3 la propuesta de rutas de trabajo para el Sistema Nacional de B\u00fasqueda.<\/p><p>Como parte de las acciones para la implementaci\u00f3n de las reformas a la Ley General, P\u00e9rez Gumecindo propuso la reactivaci\u00f3n de la Comisi\u00f3n de Implementaci\u00f3n, Monitoreo, Evaluaci\u00f3n; actualizaci\u00f3n del Protocolo Homologado de B\u00fasqueda, y un grupo de trabajo con autoridades y el Consejo Nacional Ciudadano para la generaci\u00f3n del anteproyecto de Reglamento de la Ley General.<\/p><p>Convoc\u00f3 a las autoridades estatales a participar en reuniones regionales para concluir la elaboraci\u00f3n de los Planes Regionales de B\u00fasqueda, insumos fundamentales para la conformaci\u00f3n del Programa Nacional de B\u00fasqueda.<\/p><p>Destac\u00f3 que la CNB dar\u00e1 continuidad a los proyectos de cooperaci\u00f3n internacional con el Fondo de Poblaci\u00f3n de las Naciones Unidas (UNFPA) y su Programa de Identificaci\u00f3n Humana.<\/p><p>A la sesi\u00f3n ordinaria del SNBP, tambi\u00e9n asisti\u00f3 la comisionada ejecutiva de Atenci\u00f3n a V\u00edctimas, Martha Yuriria Rodr\u00edguez; el titular de la Guardia Nacional, Hern\u00e1n Cort\u00e9s; el director general del Registro Nacional de Poblaci\u00f3n e Identidad, Arturo Arce; y el titular de la Unidad para la Defensa de los Derechos Humanos, Froyl\u00e1n Enciso, entre otros.<\/p><p>Asimismo, estuvieron presentes las y los integrantes del Consejo Nacional Ciudadano y los titulares de las Comisiones Locales de B\u00fasqueda.<\/p>\t\t\t\t\t\t<\/div>\n\t\t\t\t<\/div>\n\t\t\t\t\t<\/div>\n\t\t<\/div>\n\t\t\t\t\t\t\t<\/div>\n\t\t<\/section>\n\t\t\t\t\t\t\t<\/div>\n\t\t","protected":false},"excerpt":{"rendered":"<p>Ciudad de M\u00e9xico, 7 de noviembre de 2025.-Para consolidar la coordinaci\u00f3n interinstitucional y fortalecer los mecanismos de b\u00fasqueda bajo el nuevo marco legal, el Sistema Nacional de B\u00fasqueda de Personas (SNBP) celebr\u00f3 este viernes su Primera Sesi\u00f3n Ordinaria de 2025. La secretaria de Gobernaci\u00f3n, Rosa Icela Rodr\u00edguez, encabez\u00f3 la reuni\u00f3n, celebrada en el Sal\u00f3n Revoluci\u00f3n [&hellip;]<\/p>\n","protected":false},"author":1,"featured_media":95375,"comment_status":"closed","ping_status":"closed","sticky":false,"template":"","format":"standard","meta":[],"categories":[3],"tags":[],"_links":{"self":[{"href":"https:\/\/www.diarionoti7.com.mx\/index.php?rest_route=\/wp\/v2\/posts\/95373"}],"collection":[{"href":"https:\/\/www.diarionoti7.com.mx\/index.php?rest_route=\/wp\/v2\/posts"}],"about":[{"href":"https:\/\/www.diarionoti7.com.mx\/index.php?rest_route=\/wp\/v2\/types\/post"}],"author":[{"embeddable":true,"href":"https:\/\/www.diarionoti7.com.mx\/index.php?rest_route=\/wp\/v2\/users\/1"}],"replies":[{"embeddable":true,"href":"https:\/\/www.diarionoti7.com.mx\/index.php?rest_route=%2Fwp%2Fv2%2Fcomments&post=95373"}],"version-history":[{"count":4,"href":"https:\/\/www.diarionoti7.com.mx\/index.php?rest_route=\/wp\/v2\/posts\/95373\/revisions"}],"predecessor-version":[{"id":95378,"href":"https:\/\/www.diarionoti7.com.mx\/index.php?rest_route=\/wp\/v2\/posts\/95373\/revisions\/95378"}],"wp:featuredmedia":[{"embeddable":true,"href":"https:\/\/www.diarionoti7.com.mx\/index.php?rest_route=\/wp\/v2\/media\/95375"}],"wp:attachment":[{"href":"https:\/\/www.diarionoti7.com.mx\/index.php?rest_route=%2Fwp%2Fv2%2Fmedia&parent=95373"}],"wp:term":[{"taxonomy":"category","embeddable":true,"href":"https:\/\/www.diarionoti7.com.mx\/index.php?rest_route=%2Fwp%2Fv2%2Fcategories&post=95373"},{"taxonomy":"post_tag","embeddable":true,"href":"https:\/\/www.diarionoti7.com.mx\/index.php?rest_route=%2Fwp%2Fv2%2Ftags&post=95373"}],"curies":[{"name":"wp","href":"https:\/\/api.w.org\/{rel}","templated":true}]}}