{"id":95317,"date":"2025-11-08T09:17:56","date_gmt":"2025-11-08T09:17:56","guid":{"rendered":"https:\/\/www.diarionoti7.com.mx\/?p=95317"},"modified":"2025-11-08T19:18:42","modified_gmt":"2025-11-08T19:18:42","slug":"integrantes-del-cabildo-de-pisaflores-no-aceptan-al-suplente-por-sospechas-indirectas-en-el-deceso-del-presidente","status":"publish","type":"post","link":"https:\/\/www.diarionoti7.com.mx\/?p=95317","title":{"rendered":"Integrantes del Cabildo de Pisaflores, No Aceptan al Suplente, por &#8220;Sospechas) indirectas en el deceso del presidente&#8221;."},"content":{"rendered":"\t\t<div data-elementor-type=\"wp-post\" data-elementor-id=\"95317\" class=\"elementor elementor-95317\">\n\t\t\t\t\t\t\t\t\t<section class=\"elementor-section elementor-top-section elementor-element elementor-element-c09b8f0 elementor-section-boxed elementor-section-height-default elementor-section-height-default\" data-id=\"c09b8f0\" data-element_type=\"section\">\n\t\t\t\t\t\t<div class=\"elementor-container elementor-column-gap-default\">\n\t\t\t\t\t<div class=\"elementor-column elementor-col-100 elementor-top-column elementor-element elementor-element-955a561\" data-id=\"955a561\" data-element_type=\"column\">\n\t\t\t<div class=\"elementor-widget-wrap elementor-element-populated\">\n\t\t\t\t\t\t\t\t<div class=\"elementor-element elementor-element-0ce869c elementor-widget elementor-widget-text-editor\" data-id=\"0ce869c\" data-element_type=\"widget\" data-widget_type=\"text-editor.default\">\n\t\t\t\t<div class=\"elementor-widget-container\">\n\t\t\t<style>\/*! elementor - v3.10.2 - 29-01-2023 *\/\n.elementor-widget-text-editor.elementor-drop-cap-view-stacked .elementor-drop-cap{background-color:#818a91;color:#fff}.elementor-widget-text-editor.elementor-drop-cap-view-framed .elementor-drop-cap{color:#818a91;border:3px solid;background-color:transparent}.elementor-widget-text-editor:not(.elementor-drop-cap-view-default) .elementor-drop-cap{margin-top:8px}.elementor-widget-text-editor:not(.elementor-drop-cap-view-default) .elementor-drop-cap-letter{width:1em;height:1em}.elementor-widget-text-editor .elementor-drop-cap{float:left;text-align:center;line-height:1;font-size:50px}.elementor-widget-text-editor .elementor-drop-cap-letter{display:inline-block}<\/style>\t\t\t\t<p><strong>* Si no logran consenso, el Legislativo realizar\u00e1 la designaci\u00f3n. La asamblea municipal tiene como plazo\u00a0hasta el 13 de noviembre, inform\u00f3 el Coordinador del Congreso, diputado Andr\u00e9s Vel\u00e1zquez V\u00e1zquez <\/strong><\/p><p><strong>Pachuca, Hgo., 7 de noviembre 2025.- <\/strong>Integrantes del Cabildo de Pisaflores manifestaron al Congreso local su desconfianza hacia el suplente del alcalde asesinado, Silvestre Garc\u00eda M\u00e1rquez, se\u00f1alo ante medios de comunicaci\u00f3n, el Coordinador de la Junta de Gobierno el Congreso local diputado Andr\u00e9s Vel\u00e1zquez V\u00e1zquez al t\u00e9rmino de la sesi\u00f3n del congreso local.<\/p><p>Vel\u00e1zquez V\u00e1zquez, inform\u00f3 que durante una reuni\u00f3n con integrantes del\u00a0Cabildo de Pisaflores, estos expresaron su\u00a0desconfianza hacia el suplente del alcalde asesinado, Silvestre Garc\u00eda M\u00e1rquez, debido a inquietudes relacionadas con su posible involucramiento indirecto en el asesinato de\u00a0Miguel Bahena Sol\u00f3rzano.<\/p><p>Preciso: &#8220;Ellos externaron que iban a seguir el procedimiento, a votar el procedimiento, que era llamar al suplente, pero\u00a0hay algunas inconsistencias de \u00edndole personal&#8221;.<\/p><p>\u00bfCu\u00e1les son las inconsistencias expresadas por lo integrantes del cabildo?<\/p><p>Estas corresponden a\u00a0sospechas manifestadas por los integrantes del Cabildo: &#8220;Dir\u00edamos (sospechas) indirectas en el deceso del presidente&#8221;, agreg\u00f3.<\/p><p>\u00bfEsto implica que el suplente tuvo participaci\u00f3n en el homicidio?<\/p><p>\u00a0Vel\u00e1zquez V\u00e1zquez dijo, &#8220;No, no quisiera yo decir eso porque es algo muy delicado. Dije inconsistencias, o sea, desacuerdos (\u2026)\u00a0es desconfianza, esa es la palabra adecuada, hay ciertas desconfianzas&#8221;.<\/p><p>La situaci\u00f3n se dio luego de que en la sesi\u00f3n de Cabildo, realizada este 7 de noviembre, la solicitud del sustituto para asumir la presidencia municipal\u00a0fuera rechazada por mayor\u00eda de siete votos, con tres abstenciones.<\/p><p>Por ello, Vel\u00e1zquez V\u00e1zquez record\u00f3 que, conforme a la normativa vigente, si la asamblea municipal no alcanza un acuerdo,\u00a0se deber\u00e1 designar a un regidor para asumir las funciones de presidente municipal. En caso de que tampoco logren consenso, el Legislativo realizar\u00e1 la designaci\u00f3n. La asamblea municipal tiene como plazo\u00a0hasta el 13 de noviembre.<\/p><p>Como dimos a conocer en <strong>Diario Noti7<\/strong>, Miguel Bahena Sol\u00f3rzano, edil del\u00a0Partido Verde Ecologista de M\u00e9xico (PVEM),\u00a0fue asesinado el 20 de octubre afuera de su domicilio\u00a0en la comunidad de La Estancia, Pisaflores. Actualmente, el secretario general,\u00a0Antonio Robles Ram\u00edrez, funge como encargado del Despacho.<\/p>\t\t\t\t\t\t<\/div>\n\t\t\t\t<\/div>\n\t\t\t\t\t<\/div>\n\t\t<\/div>\n\t\t\t\t\t\t\t<\/div>\n\t\t<\/section>\n\t\t\t\t\t\t\t<\/div>\n\t\t","protected":false},"excerpt":{"rendered":"<p>* Si no logran consenso, el Legislativo realizar\u00e1 la designaci\u00f3n. La asamblea municipal tiene como plazo\u00a0hasta el 13 de noviembre, inform\u00f3 el Coordinador del Congreso, diputado Andr\u00e9s Vel\u00e1zquez V\u00e1zquez Pachuca, Hgo., 7 de noviembre 2025.- Integrantes del Cabildo de Pisaflores manifestaron al Congreso local su desconfianza hacia el suplente del alcalde asesinado, Silvestre Garc\u00eda M\u00e1rquez, [&hellip;]<\/p>\n","protected":false},"author":1,"featured_media":95319,"comment_status":"closed","ping_status":"closed","sticky":false,"template":"","format":"standard","meta":[],"categories":[9],"tags":[],"_links":{"self":[{"href":"https:\/\/www.diarionoti7.com.mx\/index.php?rest_route=\/wp\/v2\/posts\/95317"}],"collection":[{"href":"https:\/\/www.diarionoti7.com.mx\/index.php?rest_route=\/wp\/v2\/posts"}],"about":[{"href":"https:\/\/www.diarionoti7.com.mx\/index.php?rest_route=\/wp\/v2\/types\/post"}],"author":[{"embeddable":true,"href":"https:\/\/www.diarionoti7.com.mx\/index.php?rest_route=\/wp\/v2\/users\/1"}],"replies":[{"embeddable":true,"href":"https:\/\/www.diarionoti7.com.mx\/index.php?rest_route=%2Fwp%2Fv2%2Fcomments&post=95317"}],"version-history":[{"count":4,"href":"https:\/\/www.diarionoti7.com.mx\/index.php?rest_route=\/wp\/v2\/posts\/95317\/revisions"}],"predecessor-version":[{"id":95322,"href":"https:\/\/www.diarionoti7.com.mx\/index.php?rest_route=\/wp\/v2\/posts\/95317\/revisions\/95322"}],"wp:featuredmedia":[{"embeddable":true,"href":"https:\/\/www.diarionoti7.com.mx\/index.php?rest_route=\/wp\/v2\/media\/95319"}],"wp:attachment":[{"href":"https:\/\/www.diarionoti7.com.mx\/index.php?rest_route=%2Fwp%2Fv2%2Fmedia&parent=95317"}],"wp:term":[{"taxonomy":"category","embeddable":true,"href":"https:\/\/www.diarionoti7.com.mx\/index.php?rest_route=%2Fwp%2Fv2%2Fcategories&post=95317"},{"taxonomy":"post_tag","embeddable":true,"href":"https:\/\/www.diarionoti7.com.mx\/index.php?rest_route=%2Fwp%2Fv2%2Ftags&post=95317"}],"curies":[{"name":"wp","href":"https:\/\/api.w.org\/{rel}","templated":true}]}}