{"id":95311,"date":"2025-11-08T09:16:56","date_gmt":"2025-11-08T09:16:56","guid":{"rendered":"https:\/\/www.diarionoti7.com.mx\/?p=95311"},"modified":"2025-11-08T19:17:43","modified_gmt":"2025-11-08T19:17:43","slug":"alumnos-de-la-escuela-luis-villareal-el-mexe-bloquean-la-carretera-la-mexico-tuxpan","status":"publish","type":"post","link":"https:\/\/www.diarionoti7.com.mx\/?p=95311","title":{"rendered":"Alumnos de la Escuela Luis Villareal \u201cEl Mexe\u201d Bloquean la Carretera la M\u00e9xico\u2013Tuxpan"},"content":{"rendered":"\t\t<div data-elementor-type=\"wp-post\" data-elementor-id=\"95311\" class=\"elementor elementor-95311\">\n\t\t\t\t\t\t\t\t\t<section class=\"elementor-section elementor-top-section elementor-element elementor-element-c09b8f0 elementor-section-boxed elementor-section-height-default elementor-section-height-default\" data-id=\"c09b8f0\" data-element_type=\"section\">\n\t\t\t\t\t\t<div class=\"elementor-container elementor-column-gap-default\">\n\t\t\t\t\t<div class=\"elementor-column elementor-col-100 elementor-top-column elementor-element elementor-element-955a561\" data-id=\"955a561\" data-element_type=\"column\">\n\t\t\t<div class=\"elementor-widget-wrap elementor-element-populated\">\n\t\t\t\t\t\t\t\t<div class=\"elementor-element elementor-element-0ce869c elementor-widget elementor-widget-text-editor\" data-id=\"0ce869c\" data-element_type=\"widget\" data-widget_type=\"text-editor.default\">\n\t\t\t\t<div class=\"elementor-widget-container\">\n\t\t\t<style>\/*! elementor - v3.10.2 - 29-01-2023 *\/\n.elementor-widget-text-editor.elementor-drop-cap-view-stacked .elementor-drop-cap{background-color:#818a91;color:#fff}.elementor-widget-text-editor.elementor-drop-cap-view-framed .elementor-drop-cap{color:#818a91;border:3px solid;background-color:transparent}.elementor-widget-text-editor:not(.elementor-drop-cap-view-default) .elementor-drop-cap{margin-top:8px}.elementor-widget-text-editor:not(.elementor-drop-cap-view-default) .elementor-drop-cap-letter{width:1em;height:1em}.elementor-widget-text-editor .elementor-drop-cap{float:left;text-align:center;line-height:1;font-size:50px}.elementor-widget-text-editor .elementor-drop-cap-letter{display:inline-block}<\/style>\t\t\t\t<p><strong>Tulancingo, Hgo., 7 de Noviembre 2025.- <\/strong>La tarde de este viernes se registra un\u00a0bloqueo parcial en la autopista M\u00e9xico\u2013Tuxpan, a la altura de la\u00a0caseta de San Alejo, luego de la llegada de un grupo de alumnos de la\u00a0Escuela Normal Rural \u201cLuis Villarreal\u201d El Mexe.<\/p><p>Los primeros reportes se\u00f1alan que los estudiantes arribaron en\u00a0<strong>tres autobuses<\/strong>, los cuales fueron atravesados sobre la vialidad, permitiendo \u00fanicamente el paso parcial en ambos sentidos.<\/p><p>La acci\u00f3n provoc\u00f3 una reducci\u00f3n notable en el flujo vehicular y gener\u00f3 retrasos para los automovilistas que circulaban por la zona.<\/p><p>De acuerdo con las versiones de los\u00a0<strong>manifestantes\u00a0<\/strong>entre los principales puntos que les aquejan est\u00e1 la delimitaci\u00f3n de tierras de su plantel, la asignaci\u00f3n completa de docentes, la implementaci\u00f3n de plazas autom\u00e1ticas para egresados, as\u00ed como la conclusi\u00f3n de la segunda y tercera fase del internado y la gesti\u00f3n del recurso presupuestal para 2026.<\/p><p>En el punto permanecen elementos de la\u00a0Guardia Nacional (estaci\u00f3n Tulancingo)\u00a0y de la\u00a0Polic\u00eda Estatal, quienes mantienen presencia preventiva para\u00a0resguardar la zona\u00a0y evitar mayores afectaciones mientras contin\u00faan las movilizaciones.<\/p><p>Hasta el momento no se han reportado incidentes graves ni confrontaciones entre los manifestantes y las fuerzas de seguridad. Sin embargo, las autoridades exhortaron a los conductores a\u00a0<strong>tomar rutas alternas<\/strong>\u00a0y a manejar con precauci\u00f3n mientras se normaliza la circulaci\u00f3n.<\/p><p>Al respecto El secretario de\u00a0Educaci\u00f3n P\u00fablica<strong>\u00a0<\/strong>en Hidalgo,\u00a0Natividad Castrej\u00f3n\u00a0Valdez, ha se\u00f1alado que la dependencia no otorgar\u00e1 un trato especial a los\u00a0<a href=\"https:\/\/lasillarota.com\/hidalgo\/local\/2025\/9\/24\/estudiantes-de-el-mexe-bloquean-el-felipe-angeles-hay-caos-vehicular-en-esta-zona-558293.html\">estudiantes\u00a0<\/a>de la Escuela Normal Luis Villarreal,\u00a0El Mexe, pese a las\u00a0manifestaciones\u00a0que han mantenido durante las \u00faltimas semanas.<\/p><p>El funcionario se\u00f1al\u00f3 que mantiene un di\u00e1logo constante con los\u00a0<a href=\"https:\/\/lasillarota.com\/hidalgo\/estado\/2025\/9\/25\/seph-promete-atender-demandas-de-el-mexe-gestiona-recursos-para-dormitorios-nuevas-instalaciones-558613.html\">normalistas<\/a>, pero aclar\u00f3 que la atenci\u00f3n debe ser equitativa para todas las\u00a0escuelas\u00a0de la entidad.\u00a0\u201cTenemos 8 mil 500 escuelas y yo les he dado un trato cercano y frecuente a los\u00a0normalistas\u00a0del\u00a0Mexe, pero tambi\u00e9n tengo que atender a todas. Por lo tanto, puedo atenderlos de cuando en cuando. Tienen su director, su subsecretario, su director de normales, y no va a haber ning\u00fan trato especial\u201d.<\/p><p>\u00a0<\/p><p>\u00a0<\/p>\t\t\t\t\t\t<\/div>\n\t\t\t\t<\/div>\n\t\t\t\t\t<\/div>\n\t\t<\/div>\n\t\t\t\t\t\t\t<\/div>\n\t\t<\/section>\n\t\t\t\t\t\t\t<\/div>\n\t\t","protected":false},"excerpt":{"rendered":"<p>Tulancingo, Hgo., 7 de Noviembre 2025.- La tarde de este viernes se registra un\u00a0bloqueo parcial en la autopista M\u00e9xico\u2013Tuxpan, a la altura de la\u00a0caseta de San Alejo, luego de la llegada de un grupo de alumnos de la\u00a0Escuela Normal Rural \u201cLuis Villarreal\u201d El Mexe. Los primeros reportes se\u00f1alan que los estudiantes arribaron en\u00a0tres autobuses, los [&hellip;]<\/p>\n","protected":false},"author":1,"featured_media":95313,"comment_status":"closed","ping_status":"closed","sticky":false,"template":"","format":"standard","meta":[],"categories":[22],"tags":[],"_links":{"self":[{"href":"https:\/\/www.diarionoti7.com.mx\/index.php?rest_route=\/wp\/v2\/posts\/95311"}],"collection":[{"href":"https:\/\/www.diarionoti7.com.mx\/index.php?rest_route=\/wp\/v2\/posts"}],"about":[{"href":"https:\/\/www.diarionoti7.com.mx\/index.php?rest_route=\/wp\/v2\/types\/post"}],"author":[{"embeddable":true,"href":"https:\/\/www.diarionoti7.com.mx\/index.php?rest_route=\/wp\/v2\/users\/1"}],"replies":[{"embeddable":true,"href":"https:\/\/www.diarionoti7.com.mx\/index.php?rest_route=%2Fwp%2Fv2%2Fcomments&post=95311"}],"version-history":[{"count":4,"href":"https:\/\/www.diarionoti7.com.mx\/index.php?rest_route=\/wp\/v2\/posts\/95311\/revisions"}],"predecessor-version":[{"id":95316,"href":"https:\/\/www.diarionoti7.com.mx\/index.php?rest_route=\/wp\/v2\/posts\/95311\/revisions\/95316"}],"wp:featuredmedia":[{"embeddable":true,"href":"https:\/\/www.diarionoti7.com.mx\/index.php?rest_route=\/wp\/v2\/media\/95313"}],"wp:attachment":[{"href":"https:\/\/www.diarionoti7.com.mx\/index.php?rest_route=%2Fwp%2Fv2%2Fmedia&parent=95311"}],"wp:term":[{"taxonomy":"category","embeddable":true,"href":"https:\/\/www.diarionoti7.com.mx\/index.php?rest_route=%2Fwp%2Fv2%2Fcategories&post=95311"},{"taxonomy":"post_tag","embeddable":true,"href":"https:\/\/www.diarionoti7.com.mx\/index.php?rest_route=%2Fwp%2Fv2%2Ftags&post=95311"}],"curies":[{"name":"wp","href":"https:\/\/api.w.org\/{rel}","templated":true}]}}