{"id":95305,"date":"2025-11-08T09:15:27","date_gmt":"2025-11-08T09:15:27","guid":{"rendered":"https:\/\/www.diarionoti7.com.mx\/?p=95305"},"modified":"2025-11-08T19:16:47","modified_gmt":"2025-11-08T19:16:47","slug":"diputados-proponen-que-la-agresion-a-policias-sea-considerado-delito-grave-en-hidalgo","status":"publish","type":"post","link":"https:\/\/www.diarionoti7.com.mx\/?p=95305","title":{"rendered":"Diputados Proponen que la Agresi\u00f3n a Polic\u00edas sea Considerado Delito Grave en Hidalgo"},"content":{"rendered":"\t\t<div data-elementor-type=\"wp-post\" data-elementor-id=\"95305\" class=\"elementor elementor-95305\">\n\t\t\t\t\t\t\t\t\t<section class=\"elementor-section elementor-top-section elementor-element elementor-element-c09b8f0 elementor-section-boxed elementor-section-height-default elementor-section-height-default\" data-id=\"c09b8f0\" data-element_type=\"section\">\n\t\t\t\t\t\t<div class=\"elementor-container elementor-column-gap-default\">\n\t\t\t\t\t<div class=\"elementor-column elementor-col-100 elementor-top-column elementor-element elementor-element-955a561\" data-id=\"955a561\" data-element_type=\"column\">\n\t\t\t<div class=\"elementor-widget-wrap elementor-element-populated\">\n\t\t\t\t\t\t\t\t<div class=\"elementor-element elementor-element-0ce869c elementor-widget elementor-widget-text-editor\" data-id=\"0ce869c\" data-element_type=\"widget\" data-widget_type=\"text-editor.default\">\n\t\t\t\t<div class=\"elementor-widget-container\">\n\t\t\t<style>\/*! elementor - v3.10.2 - 29-01-2023 *\/\n.elementor-widget-text-editor.elementor-drop-cap-view-stacked .elementor-drop-cap{background-color:#818a91;color:#fff}.elementor-widget-text-editor.elementor-drop-cap-view-framed .elementor-drop-cap{color:#818a91;border:3px solid;background-color:transparent}.elementor-widget-text-editor:not(.elementor-drop-cap-view-default) .elementor-drop-cap{margin-top:8px}.elementor-widget-text-editor:not(.elementor-drop-cap-view-default) .elementor-drop-cap-letter{width:1em;height:1em}.elementor-widget-text-editor .elementor-drop-cap{float:left;text-align:center;line-height:1;font-size:50px}.elementor-widget-text-editor .elementor-drop-cap-letter{display:inline-block}<\/style>\t\t\t\t<p><strong>Pachuca, Hgo., 7 de noviembre 2025.- <\/strong>Los diputados\u00a0M\u00f3nica Reyes Mart\u00ednez,\u00a0Juana Olivia Alarc\u00f3n Rivera,\u00a0Yarabi Gonz\u00e1lez Mart\u00ednez,\u00a0Aldo Meza Hern\u00e1ndez,\u00a0Jos\u00e9 Luis Rodr\u00edguez Higareda\u00a0y\u00a0Juli\u00e1n Nochebuena Hern\u00e1ndez, presentaron una\u00a0iniciativa\u00a0para que una\u00a0agresi\u00f3n que derive en lesiones u homicidio\u00a0sea considerada\u00a0calificada, es decir,\u00a0agravada, cuando se cometa contra un\u00a0servidor p\u00fablico perteneciente a alguna instituci\u00f3n policial.<\/p><p>La propuesta plantea\u00a0adicionar la fracci\u00f3n VI al art\u00edculo 147 del C\u00f3digo Penal del Estado de Hidalgo, en materia de il\u00edcitos cometidos contra autoridades, particularmente aquellos que\u00a0mantienen contacto directo con la ciudadan\u00eda.<\/p><p>En la iniciativa se expone que es necesario\u00a0sancionar estos delitos\u00a0y\u00a0garantizar la seguridad e integridad\u00a0de quienes desempe\u00f1an actividades de\u00a0alto riesgo, como\u00a0elementos de seguridad p\u00fablica, protecci\u00f3n civil, procuraci\u00f3n de justicia\u00a0y otros servidores cuya labor implica\u00a0atenci\u00f3n directa a la poblaci\u00f3n.<\/p><p>En los argumentos se se\u00f1al\u00f3 que el\u00a0C\u00f3digo Penal Federal\u00a0ya contempla una\u00a0protecci\u00f3n reforzada hacia servidores p\u00fablicos encargados de la seguridad; sin embargo, en\u00a0Hidalgo\u00a0a\u00fan no se ha\u00a0armonizado la legislaci\u00f3n local, motivo por el cual se present\u00f3 esta\u00a0propuesta de modificaci\u00f3n.<\/p><p>La iniciativa fue\u00a0turnada a la Comisi\u00f3n de Legislaci\u00f3n y Puntos Constitucionales, presidida por la diputada\u00a0Lizbeth Ordaz Islas, para su\u00a0an\u00e1lisis y dictamen.<\/p><p>\u00a0<\/p>\t\t\t\t\t\t<\/div>\n\t\t\t\t<\/div>\n\t\t\t\t\t<\/div>\n\t\t<\/div>\n\t\t\t\t\t\t\t<\/div>\n\t\t<\/section>\n\t\t\t\t\t\t\t<\/div>\n\t\t","protected":false},"excerpt":{"rendered":"<p>Pachuca, Hgo., 7 de noviembre 2025.- Los diputados\u00a0M\u00f3nica Reyes Mart\u00ednez,\u00a0Juana Olivia Alarc\u00f3n Rivera,\u00a0Yarabi Gonz\u00e1lez Mart\u00ednez,\u00a0Aldo Meza Hern\u00e1ndez,\u00a0Jos\u00e9 Luis Rodr\u00edguez Higareda\u00a0y\u00a0Juli\u00e1n Nochebuena Hern\u00e1ndez, presentaron una\u00a0iniciativa\u00a0para que una\u00a0agresi\u00f3n que derive en lesiones u homicidio\u00a0sea considerada\u00a0calificada, es decir,\u00a0agravada, cuando se cometa contra un\u00a0servidor p\u00fablico perteneciente a alguna instituci\u00f3n policial. La propuesta plantea\u00a0adicionar la fracci\u00f3n VI al art\u00edculo 147 [&hellip;]<\/p>\n","protected":false},"author":1,"featured_media":68236,"comment_status":"closed","ping_status":"closed","sticky":false,"template":"","format":"standard","meta":[],"categories":[22],"tags":[],"_links":{"self":[{"href":"https:\/\/www.diarionoti7.com.mx\/index.php?rest_route=\/wp\/v2\/posts\/95305"}],"collection":[{"href":"https:\/\/www.diarionoti7.com.mx\/index.php?rest_route=\/wp\/v2\/posts"}],"about":[{"href":"https:\/\/www.diarionoti7.com.mx\/index.php?rest_route=\/wp\/v2\/types\/post"}],"author":[{"embeddable":true,"href":"https:\/\/www.diarionoti7.com.mx\/index.php?rest_route=\/wp\/v2\/users\/1"}],"replies":[{"embeddable":true,"href":"https:\/\/www.diarionoti7.com.mx\/index.php?rest_route=%2Fwp%2Fv2%2Fcomments&post=95305"}],"version-history":[{"count":4,"href":"https:\/\/www.diarionoti7.com.mx\/index.php?rest_route=\/wp\/v2\/posts\/95305\/revisions"}],"predecessor-version":[{"id":95310,"href":"https:\/\/www.diarionoti7.com.mx\/index.php?rest_route=\/wp\/v2\/posts\/95305\/revisions\/95310"}],"wp:featuredmedia":[{"embeddable":true,"href":"https:\/\/www.diarionoti7.com.mx\/index.php?rest_route=\/wp\/v2\/media\/68236"}],"wp:attachment":[{"href":"https:\/\/www.diarionoti7.com.mx\/index.php?rest_route=%2Fwp%2Fv2%2Fmedia&parent=95305"}],"wp:term":[{"taxonomy":"category","embeddable":true,"href":"https:\/\/www.diarionoti7.com.mx\/index.php?rest_route=%2Fwp%2Fv2%2Fcategories&post=95305"},{"taxonomy":"post_tag","embeddable":true,"href":"https:\/\/www.diarionoti7.com.mx\/index.php?rest_route=%2Fwp%2Fv2%2Ftags&post=95305"}],"curies":[{"name":"wp","href":"https:\/\/api.w.org\/{rel}","templated":true}]}}