{"id":95295,"date":"2025-11-07T08:56:10","date_gmt":"2025-11-07T08:56:10","guid":{"rendered":"https:\/\/www.diarionoti7.com.mx\/?p=95295"},"modified":"2025-11-07T18:57:30","modified_gmt":"2025-11-07T18:57:30","slug":"empresa-espanola-impulsara-a-tepeji-como-hub-tecnologico-en-el-centro-del-pais","status":"publish","type":"post","link":"https:\/\/www.diarionoti7.com.mx\/?p=95295","title":{"rendered":"Empresa Espa\u00f1ola Impulsar\u00e1 a Tepeji Como Hub Tecnol\u00f3gico en el Centro Del Pa\u00eds"},"content":{"rendered":"\t\t<div data-elementor-type=\"wp-post\" data-elementor-id=\"95295\" class=\"elementor elementor-95295\">\n\t\t\t\t\t\t\t\t\t<section class=\"elementor-section elementor-top-section elementor-element elementor-element-c09b8f0 elementor-section-boxed elementor-section-height-default elementor-section-height-default\" data-id=\"c09b8f0\" data-element_type=\"section\">\n\t\t\t\t\t\t<div class=\"elementor-container elementor-column-gap-default\">\n\t\t\t\t\t<div class=\"elementor-column elementor-col-100 elementor-top-column elementor-element elementor-element-955a561\" data-id=\"955a561\" data-element_type=\"column\">\n\t\t\t<div class=\"elementor-widget-wrap elementor-element-populated\">\n\t\t\t\t\t\t\t\t<div class=\"elementor-element elementor-element-0ce869c elementor-widget elementor-widget-text-editor\" data-id=\"0ce869c\" data-element_type=\"widget\" data-widget_type=\"text-editor.default\">\n\t\t\t\t<div class=\"elementor-widget-container\">\n\t\t\t<style>\/*! elementor - v3.10.2 - 29-01-2023 *\/\n.elementor-widget-text-editor.elementor-drop-cap-view-stacked .elementor-drop-cap{background-color:#818a91;color:#fff}.elementor-widget-text-editor.elementor-drop-cap-view-framed .elementor-drop-cap{color:#818a91;border:3px solid;background-color:transparent}.elementor-widget-text-editor:not(.elementor-drop-cap-view-default) .elementor-drop-cap{margin-top:8px}.elementor-widget-text-editor:not(.elementor-drop-cap-view-default) .elementor-drop-cap-letter{width:1em;height:1em}.elementor-widget-text-editor .elementor-drop-cap{float:left;text-align:center;line-height:1;font-size:50px}.elementor-widget-text-editor .elementor-drop-cap-letter{display:inline-block}<\/style>\t\t\t\t<p><strong>*Un hub tecnol\u00f3gico es un\u00a0ecosistema geogr\u00e1fico o virtual que re\u00fane a empresas, startups, acad\u00e9micos, inversores y profesionales para fomentar la innovaci\u00f3n y el crecimiento tecnol\u00f3gico.\u00a0Act\u00faa como un centro de colaboraci\u00f3n donde se comparten recursos, se generan ideas y se impulsa el talento.\u00a0<\/strong><\/p><p><strong>*Hidalgo se posiciona como referente en innovaci\u00f3n tecnol\u00f3gica y excelencia industrial.<\/strong><\/p><p><strong>Tepeji del R\u00edo, Hgo., 6 de noviembre de 2025.-<\/strong>En representaci\u00f3n del gobernador Julio Menchaca Salazar, el secretario de Desarrollo Econ\u00f3mico, Carlos Henkel Escorza, asisti\u00f3 a la inauguraci\u00f3n del Laboratorio de Impulso de Alta Tensi\u00f3n de la empresa espa\u00f1ola Arteche, l\u00edder global en soluciones tecnol\u00f3gicas para el sector energ\u00e9tico.<\/p><p>Con una inversi\u00f3n de 121 millones de pesos, esta infraestructura permitir\u00e1 ampliar las capacidades en materia de pruebas de alta tensi\u00f3n y fortalecer directamente la competitividad del sector energ\u00e9tico nacional y de Latinoam\u00e9rica, orgullosamente desde territorio hidalguense.<\/p><p>El nuevo laboratorio generar\u00e1 empleos especializados, fomentar\u00e1 la transferencia tecnol\u00f3gica y abrir\u00e1 espacios de colaboraci\u00f3n con instituciones acad\u00e9micas y centros de investigaci\u00f3n, consolidando as\u00ed el ecosistema cient\u00edfico e industrial de Hidalgo.<\/p><p>Durante su mensaje, Carlos Henkel Escorza expres\u00f3 su orgullo por la ampliaci\u00f3n de Arteche en el estado, se\u00f1alando que este proyecto formar\u00e1 parte del pr\u00f3ximo anuncio de inversiones estrat\u00e9gicas en Hidalgo.<\/p><p>\u201cEn esta administraci\u00f3n, encabezada por el gobernador Julio Menchaca Salazar, apostamos por un modelo de crecimiento econ\u00f3mico basado en el conocimiento, la innovaci\u00f3n y el bienestar de las y los hidalguenses\u201d, afirm\u00f3.<\/p><p>El titular de la Sedeco subray\u00f3 que la confianza del sector empresarial en Hidalgo se fortalece con proyectos de alto impacto como \u00e9ste, que demuestran que el trabajo conjunto entre gobierno e iniciativa privada genera resultados concretos.<\/p><p>Los planes de expansi\u00f3n de Arteche en este municipio contemplan una inversi\u00f3n global de 377 millones de pesos, que tambi\u00e9n ser\u00e1 incluida en el anuncio de nuevas inversiones en el estado.<\/p><p>Por su parte, Sebasti\u00e1n Endraos, director general de Arteche Norteam\u00e9rica, destac\u00f3 que Tepeji del R\u00edo se convertir\u00e1 en un hub tecnol\u00f3gico que impulsar\u00e1 el desarrollo local, atraer\u00e1 talento altamente calificado e impulsar\u00e1 la innovaci\u00f3n y la sostenibilidad.<\/p><p>\u201cNuestra contribuci\u00f3n es clave para la sustituci\u00f3n de energ\u00edas f\u00f3siles por energ\u00edas renovables y para contar con una red de transporte y distribuci\u00f3n de energ\u00eda capaz, flexible y digital\u201d, puntualiz\u00f3.<\/p><p>Durante el evento, Diana Le\u00f3n Cuadra, titular del Sector de Energ\u00eda de la Secretar\u00eda de Econom\u00eda federal, entreg\u00f3 simb\u00f3licamente a Arteche el certificado \u2018Hecho en M\u00e9xico\u2019, que reconoce su compromiso con la calidad, responsabilidad e innovaci\u00f3n tecnol\u00f3gica.<\/p><p>\u201cEn M\u00e9xico hay talento y mentes brillantes que trascienden fronteras con productos de alta calidad y tecnolog\u00eda avanzada\u201d, expres\u00f3.<\/p><p>Finalmente, Luis Mar\u00eda P\u00e9rez Cuadrado, director general de Arteche, subray\u00f3 que este logro representa un compromiso con la excelencia, el desarrollo econ\u00f3mico y el valor del talento mexicano.<\/p><p>\u201cHoy, nuestra apuesta por M\u00e9xico y por Hidalgo es una muestra del compromiso de Arteche con el futuro energ\u00e9tico y con el desarrollo de las comunidades donde operamos\u201d, concluy\u00f3.<\/p>\t\t\t\t\t\t<\/div>\n\t\t\t\t<\/div>\n\t\t\t\t\t<\/div>\n\t\t<\/div>\n\t\t\t\t\t\t\t<\/div>\n\t\t<\/section>\n\t\t\t\t\t\t\t<\/div>\n\t\t","protected":false},"excerpt":{"rendered":"<p>*Un hub tecnol\u00f3gico es un\u00a0ecosistema geogr\u00e1fico o virtual que re\u00fane a empresas, startups, acad\u00e9micos, inversores y profesionales para fomentar la innovaci\u00f3n y el crecimiento tecnol\u00f3gico.\u00a0Act\u00faa como un centro de colaboraci\u00f3n donde se comparten recursos, se generan ideas y se impulsa el talento.\u00a0 *Hidalgo se posiciona como referente en innovaci\u00f3n tecnol\u00f3gica y excelencia industrial. Tepeji del [&hellip;]<\/p>\n","protected":false},"author":1,"featured_media":95297,"comment_status":"closed","ping_status":"closed","sticky":false,"template":"","format":"standard","meta":[],"categories":[7],"tags":[],"_links":{"self":[{"href":"https:\/\/www.diarionoti7.com.mx\/index.php?rest_route=\/wp\/v2\/posts\/95295"}],"collection":[{"href":"https:\/\/www.diarionoti7.com.mx\/index.php?rest_route=\/wp\/v2\/posts"}],"about":[{"href":"https:\/\/www.diarionoti7.com.mx\/index.php?rest_route=\/wp\/v2\/types\/post"}],"author":[{"embeddable":true,"href":"https:\/\/www.diarionoti7.com.mx\/index.php?rest_route=\/wp\/v2\/users\/1"}],"replies":[{"embeddable":true,"href":"https:\/\/www.diarionoti7.com.mx\/index.php?rest_route=%2Fwp%2Fv2%2Fcomments&post=95295"}],"version-history":[{"count":4,"href":"https:\/\/www.diarionoti7.com.mx\/index.php?rest_route=\/wp\/v2\/posts\/95295\/revisions"}],"predecessor-version":[{"id":95300,"href":"https:\/\/www.diarionoti7.com.mx\/index.php?rest_route=\/wp\/v2\/posts\/95295\/revisions\/95300"}],"wp:featuredmedia":[{"embeddable":true,"href":"https:\/\/www.diarionoti7.com.mx\/index.php?rest_route=\/wp\/v2\/media\/95297"}],"wp:attachment":[{"href":"https:\/\/www.diarionoti7.com.mx\/index.php?rest_route=%2Fwp%2Fv2%2Fmedia&parent=95295"}],"wp:term":[{"taxonomy":"category","embeddable":true,"href":"https:\/\/www.diarionoti7.com.mx\/index.php?rest_route=%2Fwp%2Fv2%2Fcategories&post=95295"},{"taxonomy":"post_tag","embeddable":true,"href":"https:\/\/www.diarionoti7.com.mx\/index.php?rest_route=%2Fwp%2Fv2%2Ftags&post=95295"}],"curies":[{"name":"wp","href":"https:\/\/api.w.org\/{rel}","templated":true}]}}