{"id":94922,"date":"2025-11-03T08:34:56","date_gmt":"2025-11-03T08:34:56","guid":{"rendered":"https:\/\/www.diarionoti7.com.mx\/?p=94922"},"modified":"2025-11-03T17:36:41","modified_gmt":"2025-11-03T17:36:41","slug":"nace-el-ensamble-musical-inclusivo-impulsa-la-inclusion-a-traves-de-la-musica-nace-el-ensamble-musical-inclusivo","status":"publish","type":"post","link":"https:\/\/www.diarionoti7.com.mx\/?p=94922","title":{"rendered":"Nace el Ensamble Musical Inclusivo. Impulsa la Inclusi\u00f3n a Trav\u00e9s de la M\u00fasica: Nace el Ensamble Musical Inclusivo"},"content":{"rendered":"\t\t<div data-elementor-type=\"wp-post\" data-elementor-id=\"94922\" class=\"elementor elementor-94922\">\n\t\t\t\t\t\t\t\t\t<section class=\"elementor-section elementor-top-section elementor-element elementor-element-c09b8f0 elementor-section-boxed elementor-section-height-default elementor-section-height-default\" data-id=\"c09b8f0\" data-element_type=\"section\">\n\t\t\t\t\t\t<div class=\"elementor-container elementor-column-gap-default\">\n\t\t\t\t\t<div class=\"elementor-column elementor-col-100 elementor-top-column elementor-element elementor-element-955a561\" data-id=\"955a561\" data-element_type=\"column\">\n\t\t\t<div class=\"elementor-widget-wrap elementor-element-populated\">\n\t\t\t\t\t\t\t\t<div class=\"elementor-element elementor-element-0ce869c elementor-widget elementor-widget-text-editor\" data-id=\"0ce869c\" data-element_type=\"widget\" data-widget_type=\"text-editor.default\">\n\t\t\t\t<div class=\"elementor-widget-container\">\n\t\t\t<style>\/*! elementor - v3.10.2 - 29-01-2023 *\/\n.elementor-widget-text-editor.elementor-drop-cap-view-stacked .elementor-drop-cap{background-color:#818a91;color:#fff}.elementor-widget-text-editor.elementor-drop-cap-view-framed .elementor-drop-cap{color:#818a91;border:3px solid;background-color:transparent}.elementor-widget-text-editor:not(.elementor-drop-cap-view-default) .elementor-drop-cap{margin-top:8px}.elementor-widget-text-editor:not(.elementor-drop-cap-view-default) .elementor-drop-cap-letter{width:1em;height:1em}.elementor-widget-text-editor .elementor-drop-cap{float:left;text-align:center;line-height:1;font-size:50px}.elementor-widget-text-editor .elementor-drop-cap-letter{display:inline-block}<\/style>\t\t\t\t<p><strong>-La m\u00fasica crea espacios de encuentro y conversaci\u00f3n que fortalecen la inclusi\u00f3n<\/strong><\/p><p><strong>Pachuca, Hgo., 2 de octubre de 2025.-<\/strong>Con el prop\u00f3sito de promover espacios donde todas las personas puedan expresarse y convivir desde la igualdad y el respeto, la Secretar\u00eda de Bienestar e Inclusi\u00f3n Social (Sebiso), apoya la creaci\u00f3n del Ensamble Musical Inclusivo del Estado de Hidalgo, proyecto que busca demostrar que la m\u00fasica es un lenguaje universal que une y transforma.<\/p><p>Esta iniciativa es encabezada por el maestro Carlos Bast\u00f3n, permite que personas con distintas discapacidades participen en una experiencia sonora y de aprendizaje musical, en la que exploran ritmos, instrumentos y nuevas formas de comunicaci\u00f3n a trav\u00e9s del arte.<\/p><p>El tambi\u00e9n compositor de las piezas musicales, destac\u00f3 que el ensamble busca ser \u201cel m\u00e1s diverso e inclusivo de Hispanoam\u00e9rica\u201d, integrando a ni\u00f1as, ni\u00f1os, j\u00f3venes y adultos con discapacidad auditiva, visual y motriz, entre otras condiciones.<\/p><p>\u201cLa m\u00fasica activa los dos hemisferios del cerebro y facilita el aprendizaje, permite que todos fluyan, se expresen y aprendan juntos. Cada instrumento fue elegido pensando en la accesibilidad: tambores, maracas, sonajas o palitos de lluvia que cualquiera puede tocar\u201d, expres\u00f3.<\/p><p>Por su parte, el director de Inclusi\u00f3n para las Personas con Discapacidad, Alfonso Hayyim Flores Barrera, reconoci\u00f3 el valor de este proyecto que combina talento, sensibilidad y compromiso social.<\/p><p>\u201cEl maestro Bast\u00f3n ha tenido la iniciativa de formar un ensamble donde personas con y sin discapacidad conviven desde un punto com\u00fan: el gusto por el sonido. La m\u00fasica crea espacios de encuentro y conversaci\u00f3n que fortalecen la inclusi\u00f3n y dan nuevos significados a la vida cotidiana\u201d, se\u00f1al\u00f3.<\/p><p>De la misma forma destac\u00f3 que este tipo de acciones impulsan el empoderamiento de las personas con discapacidad, al permitirles mostrar sus talentos, compartir sus experiencias y contribuir activamente al desarrollo cultural del estado.<\/p><p>El Ensamble Musical Inclusivo prepara ya su primera presentaci\u00f3n oficial, prevista para el pr\u00f3ximo mes de diciembre, en el marco del D\u00eda Internacional de las Personas con Discapacidad, fecha en la que Hidalgo refrendar\u00e1 su compromiso con la inclusi\u00f3n y la construcci\u00f3n de una sociedad m\u00e1s justa, sensible y participativa.<\/p><p>La Secretar\u00eda de Bienestar e Inclusi\u00f3n Social contin\u00faa fortaleciendo programas y espacios que promuevan la igualdad de oportunidades, reconociendo que la diversidad es fuente de riqueza y que el arte, en cualquiera de sus expresiones, puede ser un puente hacia la inclusi\u00f3n.<\/p>\t\t\t\t\t\t<\/div>\n\t\t\t\t<\/div>\n\t\t\t\t\t<\/div>\n\t\t<\/div>\n\t\t\t\t\t\t\t<\/div>\n\t\t<\/section>\n\t\t\t\t\t\t\t<\/div>\n\t\t","protected":false},"excerpt":{"rendered":"<p>-La m\u00fasica crea espacios de encuentro y conversaci\u00f3n que fortalecen la inclusi\u00f3n Pachuca, Hgo., 2 de octubre de 2025.-Con el prop\u00f3sito de promover espacios donde todas las personas puedan expresarse y convivir desde la igualdad y el respeto, la Secretar\u00eda de Bienestar e Inclusi\u00f3n Social (Sebiso), apoya la creaci\u00f3n del Ensamble Musical Inclusivo del Estado [&hellip;]<\/p>\n","protected":false},"author":1,"featured_media":94924,"comment_status":"closed","ping_status":"closed","sticky":false,"template":"","format":"standard","meta":[],"categories":[7],"tags":[],"_links":{"self":[{"href":"https:\/\/www.diarionoti7.com.mx\/index.php?rest_route=\/wp\/v2\/posts\/94922"}],"collection":[{"href":"https:\/\/www.diarionoti7.com.mx\/index.php?rest_route=\/wp\/v2\/posts"}],"about":[{"href":"https:\/\/www.diarionoti7.com.mx\/index.php?rest_route=\/wp\/v2\/types\/post"}],"author":[{"embeddable":true,"href":"https:\/\/www.diarionoti7.com.mx\/index.php?rest_route=\/wp\/v2\/users\/1"}],"replies":[{"embeddable":true,"href":"https:\/\/www.diarionoti7.com.mx\/index.php?rest_route=%2Fwp%2Fv2%2Fcomments&post=94922"}],"version-history":[{"count":4,"href":"https:\/\/www.diarionoti7.com.mx\/index.php?rest_route=\/wp\/v2\/posts\/94922\/revisions"}],"predecessor-version":[{"id":94927,"href":"https:\/\/www.diarionoti7.com.mx\/index.php?rest_route=\/wp\/v2\/posts\/94922\/revisions\/94927"}],"wp:featuredmedia":[{"embeddable":true,"href":"https:\/\/www.diarionoti7.com.mx\/index.php?rest_route=\/wp\/v2\/media\/94924"}],"wp:attachment":[{"href":"https:\/\/www.diarionoti7.com.mx\/index.php?rest_route=%2Fwp%2Fv2%2Fmedia&parent=94922"}],"wp:term":[{"taxonomy":"category","embeddable":true,"href":"https:\/\/www.diarionoti7.com.mx\/index.php?rest_route=%2Fwp%2Fv2%2Fcategories&post=94922"},{"taxonomy":"post_tag","embeddable":true,"href":"https:\/\/www.diarionoti7.com.mx\/index.php?rest_route=%2Fwp%2Fv2%2Ftags&post=94922"}],"curies":[{"name":"wp","href":"https:\/\/api.w.org\/{rel}","templated":true}]}}