{"id":94878,"date":"2025-11-02T08:35:38","date_gmt":"2025-11-02T08:35:38","guid":{"rendered":"https:\/\/www.diarionoti7.com.mx\/?p=94878"},"modified":"2025-11-02T17:39:25","modified_gmt":"2025-11-02T17:39:25","slug":"la-demolicion-y-construccion-del-salon-de-plenos-del-congreso-tendria-un-costo-menor-a-70-millones-de-pesos-sipdus","status":"publish","type":"post","link":"https:\/\/www.diarionoti7.com.mx\/?p=94878","title":{"rendered":"La Demolici\u00f3n y Construcci\u00f3n del Sal\u00f3n de Plenos del Congreso Tendr\u00eda un Costo Menor a 70 Millones de Pesos: SIPDUS"},"content":{"rendered":"\t\t<div data-elementor-type=\"wp-post\" data-elementor-id=\"94878\" class=\"elementor elementor-94878\">\n\t\t\t\t\t\t\t\t\t<section class=\"elementor-section elementor-top-section elementor-element elementor-element-c09b8f0 elementor-section-boxed elementor-section-height-default elementor-section-height-default\" data-id=\"c09b8f0\" data-element_type=\"section\">\n\t\t\t\t\t\t<div class=\"elementor-container elementor-column-gap-default\">\n\t\t\t\t\t<div class=\"elementor-column elementor-col-100 elementor-top-column elementor-element elementor-element-955a561\" data-id=\"955a561\" data-element_type=\"column\">\n\t\t\t<div class=\"elementor-widget-wrap elementor-element-populated\">\n\t\t\t\t\t\t\t\t<div class=\"elementor-element elementor-element-0ce869c elementor-widget elementor-widget-text-editor\" data-id=\"0ce869c\" data-element_type=\"widget\" data-widget_type=\"text-editor.default\">\n\t\t\t\t<div class=\"elementor-widget-container\">\n\t\t\t<style>\/*! elementor - v3.10.2 - 29-01-2023 *\/\n.elementor-widget-text-editor.elementor-drop-cap-view-stacked .elementor-drop-cap{background-color:#818a91;color:#fff}.elementor-widget-text-editor.elementor-drop-cap-view-framed .elementor-drop-cap{color:#818a91;border:3px solid;background-color:transparent}.elementor-widget-text-editor:not(.elementor-drop-cap-view-default) .elementor-drop-cap{margin-top:8px}.elementor-widget-text-editor:not(.elementor-drop-cap-view-default) .elementor-drop-cap-letter{width:1em;height:1em}.elementor-widget-text-editor .elementor-drop-cap{float:left;text-align:center;line-height:1;font-size:50px}.elementor-widget-text-editor .elementor-drop-cap-letter{display:inline-block}<\/style>\t\t\t\t<p><strong><em>\u00a0<\/em><\/strong><strong>Pachuca, Hgo., 01 de Noviembre de 2025.- <\/strong>El titular de la SIPDUS, Alejandro S\u00e1nchez Garc\u00eda, manifest\u00f3 que la demolici\u00f3n y construcci\u00f3n del Sal\u00f3n de Plenos del Congreso de Hidalgo tendr\u00eda un costo menor a los 70 millones de pesos, pero el fallo destaca que fueron casi 50 millones.<\/p><p>Ser\u00e1 la empresa Grupo Inelpro SA de CV, ser\u00e1 la encargada de realizar los trabajos de demolici\u00f3n de la sala de plenos del\u00a0<a href=\"https:\/\/x.com\/CongresoHidalgo\">Congreso de Hidalgo<\/a><u>,<\/u> el cual costar\u00e1 4 millones 984 mil 997.71 pesos.<\/p><p>El representante legal de la persona moral es el actual titular de la\u00a0C\u00e1mara Mexicana de la Industria de la Construcci\u00f3n (CMIC)\u00a0en Hidalgo, Juan Carlos Nava Rubio, quien deber\u00e1 iniciar con las labores el pr\u00f3ximo 18 de noviembre y deber\u00e1n concluir en 122 d\u00edas naturales; es decir, en marzo del pr\u00f3ximo a\u00f1o.<\/p><p>De acuerdo con las bases de la licitaci\u00f3n, la demolici\u00f3n se ten\u00eda previsto que iniciar\u00e1 el 30 de octubre, pero debido a que el fallo se emiti\u00f3 en esa fecha, los trabajos tuvieron que posponerse unos d\u00edas.<\/p><p>Entre las actividades a desarrollar se encuentra el retiro con recuperaci\u00f3n para uso posterior de butaca met\u00e1lica, domo solar, curul, l\u00e1baro patrio en madera, estrado de madera, p\u00f3dium de madera, puerta y escudo de madera.<\/p><p>Asimismo, se retirar\u00e1 una vitrina (documentos hist\u00f3ricos del Congreso), de placas conmemorativas, desmontaje de muebles sanitarios con recuperaci\u00f3n, retiro de mamparas, ventanas y puertas, entre otros aspectos.<\/p><p>Cabe recordar que el presidente de la junta de gobierno del Congreso del estado, Andr\u00e9s Vel\u00e1zquez, hab\u00eda anunciado que solicitar\u00edan a la Secretar\u00eda de Cultura espacios para sesionar fuera del recinto Legislativo; pero esto ya no se logr\u00f3 debido a los altos costos que generar\u00eda el traslado de curules y otros insumos necesarios para desarrollar las sesiones.<\/p><p>Ante eso, dijo que usar\u00edan alg\u00fan espacio dentro del propio Poder Legislativo para evitar gastos mayores.<\/p>\t\t\t\t\t\t<\/div>\n\t\t\t\t<\/div>\n\t\t\t\t\t<\/div>\n\t\t<\/div>\n\t\t\t\t\t\t\t<\/div>\n\t\t<\/section>\n\t\t\t\t\t\t\t<\/div>\n\t\t","protected":false},"excerpt":{"rendered":"<p>\u00a0Pachuca, Hgo., 01 de Noviembre de 2025.- El titular de la SIPDUS, Alejandro S\u00e1nchez Garc\u00eda, manifest\u00f3 que la demolici\u00f3n y construcci\u00f3n del Sal\u00f3n de Plenos del Congreso de Hidalgo tendr\u00eda un costo menor a los 70 millones de pesos, pero el fallo destaca que fueron casi 50 millones. Ser\u00e1 la empresa Grupo Inelpro SA de [&hellip;]<\/p>\n","protected":false},"author":1,"featured_media":94880,"comment_status":"closed","ping_status":"closed","sticky":false,"template":"","format":"standard","meta":[],"categories":[6],"tags":[],"_links":{"self":[{"href":"https:\/\/www.diarionoti7.com.mx\/index.php?rest_route=\/wp\/v2\/posts\/94878"}],"collection":[{"href":"https:\/\/www.diarionoti7.com.mx\/index.php?rest_route=\/wp\/v2\/posts"}],"about":[{"href":"https:\/\/www.diarionoti7.com.mx\/index.php?rest_route=\/wp\/v2\/types\/post"}],"author":[{"embeddable":true,"href":"https:\/\/www.diarionoti7.com.mx\/index.php?rest_route=\/wp\/v2\/users\/1"}],"replies":[{"embeddable":true,"href":"https:\/\/www.diarionoti7.com.mx\/index.php?rest_route=%2Fwp%2Fv2%2Fcomments&post=94878"}],"version-history":[{"count":4,"href":"https:\/\/www.diarionoti7.com.mx\/index.php?rest_route=\/wp\/v2\/posts\/94878\/revisions"}],"predecessor-version":[{"id":94883,"href":"https:\/\/www.diarionoti7.com.mx\/index.php?rest_route=\/wp\/v2\/posts\/94878\/revisions\/94883"}],"wp:featuredmedia":[{"embeddable":true,"href":"https:\/\/www.diarionoti7.com.mx\/index.php?rest_route=\/wp\/v2\/media\/94880"}],"wp:attachment":[{"href":"https:\/\/www.diarionoti7.com.mx\/index.php?rest_route=%2Fwp%2Fv2%2Fmedia&parent=94878"}],"wp:term":[{"taxonomy":"category","embeddable":true,"href":"https:\/\/www.diarionoti7.com.mx\/index.php?rest_route=%2Fwp%2Fv2%2Fcategories&post=94878"},{"taxonomy":"post_tag","embeddable":true,"href":"https:\/\/www.diarionoti7.com.mx\/index.php?rest_route=%2Fwp%2Fv2%2Ftags&post=94878"}],"curies":[{"name":"wp","href":"https:\/\/api.w.org\/{rel}","templated":true}]}}