{"id":94709,"date":"2025-10-31T09:44:29","date_gmt":"2025-10-31T09:44:29","guid":{"rendered":"https:\/\/www.diarionoti7.com.mx\/?p=94709"},"modified":"2025-10-31T18:45:16","modified_gmt":"2025-10-31T18:45:16","slug":"la-pobreza-de-los-productores-del-campo-continuara-mientras-el-gobierno-federal-ni-los-vea-ni-los-oiga","status":"publish","type":"post","link":"https:\/\/www.diarionoti7.com.mx\/?p=94709","title":{"rendered":"La Pobreza de Los Productores del Campo Continuar\u00e1, Mientras El Gobierno Federal Ni Los Vea Ni Los Oiga"},"content":{"rendered":"\t\t<div data-elementor-type=\"wp-post\" data-elementor-id=\"94709\" class=\"elementor elementor-94709\">\n\t\t\t\t\t\t\t\t\t<section class=\"elementor-section elementor-top-section elementor-element elementor-element-c09b8f0 elementor-section-boxed elementor-section-height-default elementor-section-height-default\" data-id=\"c09b8f0\" data-element_type=\"section\">\n\t\t\t\t\t\t<div class=\"elementor-container elementor-column-gap-default\">\n\t\t\t\t\t<div class=\"elementor-column elementor-col-100 elementor-top-column elementor-element elementor-element-955a561\" data-id=\"955a561\" data-element_type=\"column\">\n\t\t\t<div class=\"elementor-widget-wrap elementor-element-populated\">\n\t\t\t\t\t\t\t\t<div class=\"elementor-element elementor-element-0ce869c elementor-widget elementor-widget-text-editor\" data-id=\"0ce869c\" data-element_type=\"widget\" data-widget_type=\"text-editor.default\">\n\t\t\t\t<div class=\"elementor-widget-container\">\n\t\t\t<style>\/*! elementor - v3.10.2 - 29-01-2023 *\/\n.elementor-widget-text-editor.elementor-drop-cap-view-stacked .elementor-drop-cap{background-color:#818a91;color:#fff}.elementor-widget-text-editor.elementor-drop-cap-view-framed .elementor-drop-cap{color:#818a91;border:3px solid;background-color:transparent}.elementor-widget-text-editor:not(.elementor-drop-cap-view-default) .elementor-drop-cap{margin-top:8px}.elementor-widget-text-editor:not(.elementor-drop-cap-view-default) .elementor-drop-cap-letter{width:1em;height:1em}.elementor-widget-text-editor .elementor-drop-cap{float:left;text-align:center;line-height:1;font-size:50px}.elementor-widget-text-editor .elementor-drop-cap-letter{display:inline-block}<\/style>\t\t\t\t<p><strong>*Las movilizaciones campesinas son reflejo de una crisis profunda que afecta a millones de productores<\/strong><\/p><p><strong>*Los productores mexicanos exigen el pago de 7,200 pesos por tonelada de ma\u00edz<\/strong><\/p><p><strong>Ciudad de M\u00e9xico; 30 de octubre de 2025.-<\/strong>Los productores del campo mexicano, en particular de granos b\u00e1sicos, se enfrentan, como ocurre cada a\u00f1o, a la necedad de las instancias del gobierno y la creciente intervenci\u00f3n de empresas transnacionales para establecer precios de garant\u00eda de granos b\u00e1sicos, capaces de resarcir costos de producci\u00f3n, desde preparaci\u00f3n de tierras, insumos como semillas, fertilizantes y manejo de sistemas de riego \u2013para quienes cuentan con agua\u2014vigilancia del desarrollo que exigen los cultivos de granos, especialmente de ma\u00edz, frijol, trigo y arroz.<\/p><p>Es necesario que las instancias del gobierno federal, est\u00e9n conscientes de que cada cultivo exige el cuidado y aplicaci\u00f3n de otras actividades e insumos adicionales, entre ellos la sanidad, el uso de maquinaria o mano de obra en labores de apoyo al desarrollo de los cultivos, lo cual se a\u00f1ade al uso de fertilizantes, plaguicidas, etc. Y finalmente, la recolecci\u00f3n de cosechas y su transporte hasta las zonas de comercializaci\u00f3n.<\/p><p>Todos estos esquemas de producci\u00f3n de alimentos del campo, deber\u00edan ser compensados con una ganancia econ\u00f3mica justa, sin discusiones est\u00e9riles de \u201cregateo de \u00faltima hora\u201d, por parte de funcionarios del sector agroalimentario, como es el caso del titular de Agricultura y Desarrollo Rural (SAGAR), Julio Berdegu\u00e9; de Gobernaci\u00f3n, Rosa Icela Rodr\u00edguez \u2013que, \u201caqu\u00ed entre nos\u201d, nada tiene que ver con la fijaci\u00f3n de precios del ma\u00edz, aunque s\u00ed participa en el aspecto pol\u00edtico.<\/p><p>Es importante se\u00f1alar que, en las \u00faltimas manifestaciones de esta naturaleza, participan representantes de los gobernadores de unos veinte estados productores importantes de ma\u00edz. Por ahora, asistieron a la Secretar\u00eda de Gobernaci\u00f3n, representantes de productores de los estados de Jalisco, Michoac\u00e1n, Guanajuato y Tamaulipas. En tanto, en otras entidades federativas, 20 en total, se registraron marchas y concentraciones campesinas en Sinaloa, Guanajuato y Jalisco, as\u00ed como en Morelos, Tlaxcala, Guerrero y Baja California.<\/p><p>A las deliberaciones en la Secretar\u00eda de Gobernaci\u00f3n, asistieron representantes de la industria que normalmente compran ma\u00edz a los productores mexicanos, como MINSA, MASECA, BACHOCO Y GRUMAN. Algunas de estas empresas son transnacionales y muy importantes productoras de carne de pollo y huevo, de manera que abiertamente se niegan a ofrecer precios m\u00e1s altos para el ma\u00edz, sobre todo que tienen la opci\u00f3n de importar este grano de Estados Unidos, donde el precio es m\u00e1s bajo, comparado con el que demandan los productores maiceros mexicanos.<\/p><p>Los productores norteamericanos siembran cada vez m\u00e1s las variedades transg\u00e9nicas por sus altos rendimientos, los cuales les permiten cosechas por hect\u00e1rea en promedios de 14 y 15 toneladas por unidad de superficie, regularmente en condiciones de riego.<\/p><p>Esto as\u00ed se presenta. Sin embargo, debemos considerar que el ma\u00edz que se produce en M\u00e9xico, no est\u00e1 catalogado como transg\u00e9nico. Es decir, este tipo de ma\u00edz que viene del norte, es llamado \u201cmejorado gen\u00e9ticamente\u201d, y es el que, en EEUU, se siembra y se cultiva en grandes cantidades a lo largo de la cuenca del R\u00edo Mississipi y en otras regiones de esa naci\u00f3n, en condiciones muy favorables de rentabilidad.<\/p><p>Existe la inconveniencia de que el consumo de ma\u00edz \u201ctransg\u00e9nico\u201d, puede generar cambios gen\u00e9ticos, sin precisar. En M\u00e9xico, se afirma que el consumo de las variedades de ma\u00edz transg\u00e9nico, no se ha implantado como alimento humano. Es decir, no se produce aqu\u00ed. El ma\u00edz importado, se nos ha dicho que, su destino, es solamente para alimentaci\u00f3n animal, como pueden ser ganado vacuno, porcino y av\u00edcola. Pero nadie puede jurar y gritar a los cuatro vientos, que: \u201c\u00a1Ma\u00edz transg\u00e9nico, no consumen los mexicanos!\u201d.<\/p><p>Las autoridades mexicanas afirman que el precio del ma\u00edz nacional, est\u00e1 determinado por el precio que se aplica en la Bolsa de Chicago. Este mecanismo, aparentemente no deber\u00eda de ocurrir, pero existen razones del porqu\u00e9 se tiene que considerar el valor del grano en la Bolsa de Chicago. Pues sencillamente, en la vigencia del Tratado de Libre Comercio de M\u00e9xico con Estados Unidos y Canad\u00e1, es el mecanismo de fijaci\u00f3n del precio de comercializaci\u00f3n del ma\u00edz.<\/p><p>La Presidenta de M\u00e9xico, Claudia Sheinbaum, a trav\u00e9s del secretario de Agricultura y Desarrollo Rural, Julio Berdegu\u00e9, afirma que su gobierno buscar\u00e1 alternativas para identificar recursos fiscales y procurar un mejor precio para los productores mexicanos. Sobre esto, se\u00f1al\u00f3 que se har\u00e1 una propuesta para proteger de las variaciones internacionales de precios, a los productores de nuestro pa\u00eds.<\/p><p>Los productores mexicanos exigen el pago de 7,200 pesos por tonelada de ma\u00edz, frente a los \u00edndices crecientes de precios de este grano y de todos los dem\u00e1s. Las autoridades del gobierno federal, encabezadas por la Presidenta Sheinbaum y el secretario Berdegu\u00e9, hicieron un ofrecimiento de 6,050 pesos por tonelada, mismo que no fue aceptado por los productores; sin embargo, se dio el ofrecimiento la gesti\u00f3n ante los gobiernos de los estados, para que aporten 970 pesos por tonelada. Los industriales compradores de ma\u00edz se convirtieron en invitados de piedra.<\/p><p>Lo que ha ocurrido en las carreteras del pa\u00eds, por la lucha de los campesinos por un mejor precio del ma\u00edz, no es s\u00f3lo una movilizaci\u00f3n. Es reflejo de una crisis profunda que afecta a millones de productores rurales.<\/p><p>El precio del ma\u00edz en M\u00e9xico, no se define en condiciones justas. Los costos de producci\u00f3n han subido, pero los mecanismos oficiales no lo reflejan. El llamado \u201cprecio t\u00e9cnico\u201d, que propone el Estado, ignora la realidad del campo, y eso genera una brecha insostenible.<\/p><p>En otro orden, es preciso destacar que hay un factor internacional que complica todo: el T-MEC. Este tratado comercial, ha abierto a\u00fan m\u00e1s el mercado mexicano al ma\u00edz importado, especialmente desde Estados Unidos. S\u00f3lo eso, debilita la posici\u00f3n de los productores mexicanos, quienes no pueden competir en igualdad de condiciones.<\/p><p>Hay que se\u00f1alar que, en 2024, M\u00e9xico fue sancionado por el intento de limitar el ma\u00edz transg\u00e9nico, lo que obliga a nuestro pa\u00eds a ajustar sus pol\u00edticas agr\u00edcolas, en funci\u00f3n de intereses externos. Esto significa que no es s\u00f3lo, que el gobierno de M\u00e9xico no ayude lo suficiente a sus productores rurales. Es que est\u00e1 \u201catado\u201d a reglas que favorecen a grandes corporaciones, y dejan en desventaja al peque\u00f1o productor.<\/p><p>El conflicto actual, revela una tensi\u00f3n entre dos modelos: uno que prioriza el negocio global, y otro que defiende la soberan\u00eda alimentaria y la dignidad campesina. Esta propuesta no es s\u00f3lo por el ma\u00edz: es por todos los cultivos, por cada agricultor y campesino, por humilde que sea, quienes han sido empujados al l\u00edmite. Nos sumamos al grito de: \u00a1\u201cprecio justo, trato digno y soberan\u00eda alimentaria!.<\/p>\t\t\t\t\t\t<\/div>\n\t\t\t\t<\/div>\n\t\t\t\t\t<\/div>\n\t\t<\/div>\n\t\t\t\t\t\t\t<\/div>\n\t\t<\/section>\n\t\t\t\t\t\t\t<\/div>\n\t\t","protected":false},"excerpt":{"rendered":"<p>*Las movilizaciones campesinas son reflejo de una crisis profunda que afecta a millones de productores *Los productores mexicanos exigen el pago de 7,200 pesos por tonelada de ma\u00edz Ciudad de M\u00e9xico; 30 de octubre de 2025.-Los productores del campo mexicano, en particular de granos b\u00e1sicos, se enfrentan, como ocurre cada a\u00f1o, a la necedad de [&hellip;]<\/p>\n","protected":false},"author":1,"featured_media":94711,"comment_status":"closed","ping_status":"closed","sticky":false,"template":"","format":"standard","meta":[],"categories":[6],"tags":[],"_links":{"self":[{"href":"https:\/\/www.diarionoti7.com.mx\/index.php?rest_route=\/wp\/v2\/posts\/94709"}],"collection":[{"href":"https:\/\/www.diarionoti7.com.mx\/index.php?rest_route=\/wp\/v2\/posts"}],"about":[{"href":"https:\/\/www.diarionoti7.com.mx\/index.php?rest_route=\/wp\/v2\/types\/post"}],"author":[{"embeddable":true,"href":"https:\/\/www.diarionoti7.com.mx\/index.php?rest_route=\/wp\/v2\/users\/1"}],"replies":[{"embeddable":true,"href":"https:\/\/www.diarionoti7.com.mx\/index.php?rest_route=%2Fwp%2Fv2%2Fcomments&post=94709"}],"version-history":[{"count":4,"href":"https:\/\/www.diarionoti7.com.mx\/index.php?rest_route=\/wp\/v2\/posts\/94709\/revisions"}],"predecessor-version":[{"id":94714,"href":"https:\/\/www.diarionoti7.com.mx\/index.php?rest_route=\/wp\/v2\/posts\/94709\/revisions\/94714"}],"wp:featuredmedia":[{"embeddable":true,"href":"https:\/\/www.diarionoti7.com.mx\/index.php?rest_route=\/wp\/v2\/media\/94711"}],"wp:attachment":[{"href":"https:\/\/www.diarionoti7.com.mx\/index.php?rest_route=%2Fwp%2Fv2%2Fmedia&parent=94709"}],"wp:term":[{"taxonomy":"category","embeddable":true,"href":"https:\/\/www.diarionoti7.com.mx\/index.php?rest_route=%2Fwp%2Fv2%2Fcategories&post=94709"},{"taxonomy":"post_tag","embeddable":true,"href":"https:\/\/www.diarionoti7.com.mx\/index.php?rest_route=%2Fwp%2Fv2%2Ftags&post=94709"}],"curies":[{"name":"wp","href":"https:\/\/api.w.org\/{rel}","templated":true}]}}