{"id":92476,"date":"2025-10-07T08:55:58","date_gmt":"2025-10-07T08:55:58","guid":{"rendered":"https:\/\/www.diarionoti7.com.mx\/?p=92476"},"modified":"2025-10-07T18:01:40","modified_gmt":"2025-10-07T18:01:40","slug":"con-acoso-laboral-hace-renunciar-a-empleados-del-imss","status":"publish","type":"post","link":"https:\/\/www.diarionoti7.com.mx\/?p=92476","title":{"rendered":"Con Acoso Laboral \u00bfHace Renunciar a Empleados del IMSS?"},"content":{"rendered":"\t\t<div data-elementor-type=\"wp-post\" data-elementor-id=\"92476\" class=\"elementor elementor-92476\">\n\t\t\t\t\t\t\t\t\t<section class=\"elementor-section elementor-top-section elementor-element elementor-element-c09b8f0 elementor-section-boxed elementor-section-height-default elementor-section-height-default\" data-id=\"c09b8f0\" data-element_type=\"section\">\n\t\t\t\t\t\t<div class=\"elementor-container elementor-column-gap-default\">\n\t\t\t\t\t<div class=\"elementor-column elementor-col-100 elementor-top-column elementor-element elementor-element-955a561\" data-id=\"955a561\" data-element_type=\"column\">\n\t\t\t<div class=\"elementor-widget-wrap elementor-element-populated\">\n\t\t\t\t\t\t\t\t<div class=\"elementor-element elementor-element-0ce869c elementor-widget elementor-widget-text-editor\" data-id=\"0ce869c\" data-element_type=\"widget\" data-widget_type=\"text-editor.default\">\n\t\t\t\t<div class=\"elementor-widget-container\">\n\t\t\t<style>\/*! elementor - v3.10.2 - 29-01-2023 *\/\n.elementor-widget-text-editor.elementor-drop-cap-view-stacked .elementor-drop-cap{background-color:#818a91;color:#fff}.elementor-widget-text-editor.elementor-drop-cap-view-framed .elementor-drop-cap{color:#818a91;border:3px solid;background-color:transparent}.elementor-widget-text-editor:not(.elementor-drop-cap-view-default) .elementor-drop-cap{margin-top:8px}.elementor-widget-text-editor:not(.elementor-drop-cap-view-default) .elementor-drop-cap-letter{width:1em;height:1em}.elementor-widget-text-editor .elementor-drop-cap{float:left;text-align:center;line-height:1;font-size:50px}.elementor-widget-text-editor .elementor-drop-cap-letter{display:inline-block}<\/style>\t\t\t\t<p><strong>Pol\u00edtica\u00a0Al\u00a0Margen<\/strong><\/p><p>Por Jaime Arizmendi<\/p><p><strong>\u00a0*Gavi\u00f1o, \u00bfCaballo de Troya en Morena?<\/strong><\/p><p><strong>*Con Acoso Laboral \u00bfHace Renunciar a Empleados del IMSS?<\/strong><\/p><p><strong>*Pablo G\u00f3mez: Reforma Electoral, Viento en Popa<\/strong><\/p><p>\u00a0\u00a0\u00a0\u00a0 <strong>Argonmexico<\/strong>\u00a0\/\u00a0<strong><em>El perdedor va a todas\u2026<\/em><\/strong>\u00a0El Consejo T\u00e9cnico del IMSS design\u00f3 el 19 de octubre de 2024 a Jorge Gavi\u00f1o Ambriz como secretario general de la instituci\u00f3n. Pese a que durante los seis a\u00f1os del mandato de Andr\u00e9s Manuel L\u00f3pez Obrador se dedic\u00f3 a descalificar a Morena y las pol\u00edticas implementadas por la Cuarta Transformaci\u00f3n.<\/p><p>Se adujo que el expri\u00edsta, exdirigente del extinto partido Nueva Alianza de Elba Esther Gordillo y exdiputado perredista, abonar\u00eda a la causa de la 4T; pero nadie entiende c\u00f3mo fue que Gavi\u00f1o se pudo colar de \u00faltima hora en el equipo de Claudia Sheinbaum, para que la ya Presidenta de M\u00e9xico le concediera tan importante cargo en el Instituto Mexicano del Seguro Social.<\/p><p>Todo, bajo el falso supuesto de que Gavi\u00f1o Ambriz compartir\u00eda \u201csu amplia experiencia como funcionario p\u00fablico\u201d, y mantendr\u00eda \u201csu compromiso con las instituciones\u201d. Nadie augur\u00f3 que, en su mezquindad, el acoso laboral seguir\u00e1 siendo lo suyo.<\/p><p>El maz\u00f3n sostenedor de pasquines contrarios a Morena, dej\u00f3 at\u00f3nitos a propios y extra\u00f1os, sobre todo a verdaderos morenistas, cuando asumi\u00f3 la Secretar\u00eda General del organismo tripartita en cuya gesti\u00f3n se ha dedicado a \u201cfustigar hasta cansar y provocar la salida de empleados de esa \u00e1rea del IMSS, a quienes no se les paga la liquidaci\u00f3n que les corresponde por ley.<\/p><p>Ahora bien, si Marcos Bucio, quien estuvo al frente de la Secretar\u00eda General del 1 de marzo de 2021 a octubre de 2024, fue obligado a jubilarse cuando ten\u00eda 69 a\u00f1os de edad; si se mantiene ese argumento, el doctor ambientalista dejar\u00e1 la Secretar\u00eda General del IMSS, porque deber\u00e1 tramitar su jubilaci\u00f3n a m\u00e1s tardar en julio de 2026, cuando igual que su antecesor, cumpla 69 a\u00f1os de edad.<\/p><p>De acuerdo a su biograf\u00eda publicada en Wikipedia, Jorge Gavi\u00f1o Ambriz egres\u00f3 de la Facultad de Derecho de la UNAM, con estudios en Planeaci\u00f3n y Gesti\u00f3n Metropolitana, y en Pol\u00edtica Comparada en la Universidad Aut\u00f3noma Metropolitana. Y ques\u00b4que hizo maestr\u00eda en Derecho Ambiental y se doctor\u00f3 en Ciencias Ambientales en la Universidad de Alicante, Espa\u00f1a.<\/p><p>Pero llama la atenci\u00f3n saber que obtuvo su registro de estas dos \u00faltimas, Maestr\u00eda y Doctorado, el a\u00f1o 2017 en el Registro Nacional de Profesiones, cuando fung\u00eda como diputado en el Congreso de la Ciudad de M\u00e9xico y ocupaba la Direcci\u00f3n General del Sistema de Transporte Colectivo (Metro). \u00bfCu\u00e1ndo fue a clases? O, \u00bfPosee el Don de la Ubicuidad?<\/p><p>Durante los primeros d\u00edas y semanas de que asumiera la Secretar\u00eda General del IMSS, aparecieron en algunos medios de comunicaci\u00f3n comentarios relativos a que Zo\u00e9 Robledo Aburto dejar\u00eda la Direcci\u00f3n General del organismo. \u00bfSer\u00eda mera coincidencia, o asesores gavi\u00f1istas los promovieron en espera del consecuente e inmediato ascenso de su jefe?<\/p><p>Peor a\u00fan, aunque los escasos lectores de su periodiquito auguraban que tras la incursi\u00f3n de su \u201cJefe Editorial\u201d ya en el gabinete legal cambiar\u00eda de tajo la l\u00ednea editorial del mismo, no ha sido as\u00ed. Las notas y art\u00edculos publicados contra la Cuarta Transformaci\u00f3n han continuado y siguen publicando descalificaciones y ataques incluso hacia la Presidenta de M\u00e9xico.<\/p><p>Por ejemplo, en ese, su medio de desinformaci\u00f3n, este lunes 6 de octubre apareci\u00f3 en primera plana la nota: \u201cCelebra Sheinbaum primer a\u00f1o de mandato con ba\u00f1o de masas\u201d. \u00bfDe qu\u00e9 se trata doctor, de proseguir la campa\u00f1a de desinformaci\u00f3n? \u00bfDe continuar pegando con la izquierda y cobrar con la derecha?\u00a0<strong>No entienden que a Morena le costar\u00e1 mucho agarrar la basura de la oposici\u00f3n\u2026<\/strong><\/p><p>\u00a0<strong><em>Todos somos iguales, pero unos somos m\u00e1s iguales que otros\u2026<\/em><\/strong>\u00a0El 2 de agosto, la Presidenta Claudia Sheinbaum Pardo sorprendi\u00f3 a los agoreros del pasado al anunciar que Pablo G\u00f3mez, hasta entonces titular de la Unidad de Inteligencia Financiera de la SHyCP, se encargar\u00eda de confeccionar la reforma electoral \u201cque buscar\u00e1 reducir el gasto en partidos pol\u00edticos y reforzar la democracia\u201d.<\/p><p>Y dio paso a la Comisi\u00f3n Presidencial para la Reforma Electoral que: Elaborar\u00e1 un diagn\u00f3stico profundo del estado en que se encuentra el modelo electoral y de partidos, y dise\u00f1ar\u00e1 una reforma legislativa \u201cacorde con los tiempos actuales en M\u00e9xico, donde se ponga en el centro la democracia y el pueblo\u201d.<\/p><p>Previno que \u201ctrabajar\u00e1n en coordinaci\u00f3n con miembros del poder legislativo, acad\u00e9micos, expertos, organizaciones y ciudadan\u00eda; para \u201canalizar figuras como la representaci\u00f3n popular y mecanismos de participaci\u00f3n ciudadana\u201d.<\/p><p>Despu\u00e9s,\u00a0la Comisi\u00f3n se reuni\u00f3 con integrantes del Consejo General del Instituto Nacional Electoral (INE). Se manifestaron coincidencias entre las que destaca la necesidad de una reforma que fortalezca el sistema electoral mexicano; as\u00ed como su compromiso y responsabilidad en los trabajos que se llevar\u00e1n a cabo.<\/p><p>En el encuentro celebrado en la biblioteca de la Secretar\u00eda de Gobernaci\u00f3n, se acord\u00f3 crear un grupo permanente de trabajo que d\u00e9 seguimiento y estructura t\u00e9cnica a los temas, adem\u00e1s de establecer un listado de asuntos electorales espec\u00edficos a analizar.<\/p><p>La consejera presidenta del INE, Guadalupe Taddei Zavala, acompa\u00f1ada de las y los consejeros, sostuvo que el organismo comicial est\u00e1 comprometido a aportar datos t\u00e9cnicos y operativos. \u201cQue le corresponde la parte t\u00e9cnica y operativa de los procesos electorales, y garantizar\u00e1 a la ciudadan\u00eda que lo establecido en la reforma electoral podr\u00e1 implementarse con eficacia\u201d.<\/p><p>El presidente de la Jucopo en la C\u00e1mara de Diputados, Ricardo Monreal \u00c1vila dijo en su momento que el Congreso tendr\u00e1 un papel central en la reforma electoral impulsada por la presidenta Claudia Sheinbaum.<\/p><p>Al expresar que la presidenta de M\u00e9xico confirm\u00f3 que no existe a\u00fan una iniciativa formal ni un borrador. \u201cPartimos de cero\u201d, se\u00f1al\u00f3, y expuso que la comisi\u00f3n encargada de preparar la propuesta, ya inici\u00f3 trabajos preliminares; tras afirmar que Morena participar\u00e1 activamente en los debates y mesas de trabajo.<\/p><p>Previno adem\u00e1s de la reforma electoral, que la agenda legislativa incluye discutir nuevas leyes: actualizar el marco jur\u00eddico del Servicio Postal Mexicano, modificar la Ley Aduanera y una ley en materia de propiedad intelectual.<\/p><p>Respecto a las cr\u00edticas sobre la designaci\u00f3n de jueces y magistrados con calificaciones inferiores al m\u00ednimo constitucional, Monreal reiter\u00f3 que el proceso refleja una reforma judicial sin precedentes; al recordar que \u00e9l mismo impuls\u00f3 y vot\u00f3 a favor de la transformaci\u00f3n del sistema de justicia, convencido de que traer\u00e1 beneficios a la ciudadan\u00eda.<\/p><p>\u201cEstoy seguro de que los jueces y magistrados que surgieron de este proceso electivo ser\u00e1n mejores que en el pasado. No tienen padrinazgos ni compromisos que limiten su independencia, y est\u00e1n doblemente comprometidos con la poblaci\u00f3n\u201d.\u00a0<strong><em>Si no quieres ver fantasmas, mejor no salgas de noche\u2026<\/em><\/strong><\/p><p>\u00a0<a href=\"mailto:argondirector@gmail.com\">argondirector@gmail.com<\/a>\u00a0y\u00a0<a href=\"mailto:argonmexico@gmail.com\">argonmexico@gmail.com<\/a><\/p>\t\t\t\t\t\t<\/div>\n\t\t\t\t<\/div>\n\t\t\t\t\t<\/div>\n\t\t<\/div>\n\t\t\t\t\t\t\t<\/div>\n\t\t<\/section>\n\t\t\t\t\t\t\t<\/div>\n\t\t","protected":false},"excerpt":{"rendered":"<p>Pol\u00edtica\u00a0Al\u00a0Margen Por Jaime Arizmendi \u00a0*Gavi\u00f1o, \u00bfCaballo de Troya en Morena? *Con Acoso Laboral \u00bfHace Renunciar a Empleados del IMSS? *Pablo G\u00f3mez: Reforma Electoral, Viento en Popa \u00a0\u00a0\u00a0\u00a0 Argonmexico\u00a0\/\u00a0El perdedor va a todas\u2026\u00a0El Consejo T\u00e9cnico del IMSS design\u00f3 el 19 de octubre de 2024 a Jorge Gavi\u00f1o Ambriz como secretario general de la instituci\u00f3n. Pese a [&hellip;]<\/p>\n","protected":false},"author":1,"featured_media":88709,"comment_status":"closed","ping_status":"closed","sticky":false,"template":"","format":"standard","meta":[],"categories":[23],"tags":[],"_links":{"self":[{"href":"https:\/\/www.diarionoti7.com.mx\/index.php?rest_route=\/wp\/v2\/posts\/92476"}],"collection":[{"href":"https:\/\/www.diarionoti7.com.mx\/index.php?rest_route=\/wp\/v2\/posts"}],"about":[{"href":"https:\/\/www.diarionoti7.com.mx\/index.php?rest_route=\/wp\/v2\/types\/post"}],"author":[{"embeddable":true,"href":"https:\/\/www.diarionoti7.com.mx\/index.php?rest_route=\/wp\/v2\/users\/1"}],"replies":[{"embeddable":true,"href":"https:\/\/www.diarionoti7.com.mx\/index.php?rest_route=%2Fwp%2Fv2%2Fcomments&post=92476"}],"version-history":[{"count":4,"href":"https:\/\/www.diarionoti7.com.mx\/index.php?rest_route=\/wp\/v2\/posts\/92476\/revisions"}],"predecessor-version":[{"id":92485,"href":"https:\/\/www.diarionoti7.com.mx\/index.php?rest_route=\/wp\/v2\/posts\/92476\/revisions\/92485"}],"wp:featuredmedia":[{"embeddable":true,"href":"https:\/\/www.diarionoti7.com.mx\/index.php?rest_route=\/wp\/v2\/media\/88709"}],"wp:attachment":[{"href":"https:\/\/www.diarionoti7.com.mx\/index.php?rest_route=%2Fwp%2Fv2%2Fmedia&parent=92476"}],"wp:term":[{"taxonomy":"category","embeddable":true,"href":"https:\/\/www.diarionoti7.com.mx\/index.php?rest_route=%2Fwp%2Fv2%2Fcategories&post=92476"},{"taxonomy":"post_tag","embeddable":true,"href":"https:\/\/www.diarionoti7.com.mx\/index.php?rest_route=%2Fwp%2Fv2%2Ftags&post=92476"}],"curies":[{"name":"wp","href":"https:\/\/api.w.org\/{rel}","templated":true}]}}