{"id":92446,"date":"2025-10-07T08:48:00","date_gmt":"2025-10-07T08:48:00","guid":{"rendered":"https:\/\/www.diarionoti7.com.mx\/?p=92446"},"modified":"2025-10-07T17:49:06","modified_gmt":"2025-10-07T17:49:06","slug":"ccleh-atiende-diferencias-de-trabajadores-del-sector-educativo-privado","status":"publish","type":"post","link":"https:\/\/www.diarionoti7.com.mx\/?p=92446","title":{"rendered":"CCLEH Atiende Diferencias de Trabajadores del Sector Educativo Privado"},"content":{"rendered":"\t\t<div data-elementor-type=\"wp-post\" data-elementor-id=\"92446\" class=\"elementor elementor-92446\">\n\t\t\t\t\t\t\t\t\t<section class=\"elementor-section elementor-top-section elementor-element elementor-element-c09b8f0 elementor-section-boxed elementor-section-height-default elementor-section-height-default\" data-id=\"c09b8f0\" data-element_type=\"section\">\n\t\t\t\t\t\t<div class=\"elementor-container elementor-column-gap-default\">\n\t\t\t\t\t<div class=\"elementor-column elementor-col-100 elementor-top-column elementor-element elementor-element-955a561\" data-id=\"955a561\" data-element_type=\"column\">\n\t\t\t<div class=\"elementor-widget-wrap elementor-element-populated\">\n\t\t\t\t\t\t\t\t<div class=\"elementor-element elementor-element-0ce869c elementor-widget elementor-widget-text-editor\" data-id=\"0ce869c\" data-element_type=\"widget\" data-widget_type=\"text-editor.default\">\n\t\t\t\t<div class=\"elementor-widget-container\">\n\t\t\t<style>\/*! elementor - v3.10.2 - 29-01-2023 *\/\n.elementor-widget-text-editor.elementor-drop-cap-view-stacked .elementor-drop-cap{background-color:#818a91;color:#fff}.elementor-widget-text-editor.elementor-drop-cap-view-framed .elementor-drop-cap{color:#818a91;border:3px solid;background-color:transparent}.elementor-widget-text-editor:not(.elementor-drop-cap-view-default) .elementor-drop-cap{margin-top:8px}.elementor-widget-text-editor:not(.elementor-drop-cap-view-default) .elementor-drop-cap-letter{width:1em;height:1em}.elementor-widget-text-editor .elementor-drop-cap{float:left;text-align:center;line-height:1;font-size:50px}.elementor-widget-text-editor .elementor-drop-cap-letter{display:inline-block}<\/style>\t\t\t\t<p><strong>p\u00fablico, se atienden ante el Tribunal de Arbitraje<\/strong><\/p><p><strong>Agust\u00edn Tlaxiaca, Hgo., 06 de octubre de 2025.- <\/strong>El compromiso del gobernador Julio Menchaca Salazar es fortalecer el sector educativo en la entidad no solo del sector p\u00fablico, sino tambi\u00e9n del privado y en este organismo trabajamos de la mano para atender las necesidades de este gremio respecto a sus derechos laborales, con el prop\u00f3sito de contribuir al bienestar de todas y todos lo hidalguenses.<\/p><p>Bajo esa premisa, Oscar Javier Gonz\u00e1lez Hern\u00e1ndez, secretario del Trabajo y Previsi\u00f3n Social de Hidalgo, inform\u00f3 que el Centro de Conciliaci\u00f3n Laboral del Estado de Hidalgo (CCLEH) es la instancia prejudicial a la cu\u00e1l deber\u00e1n acudir los patrones y trabajadores del sector educativo privado a fin de resolver sus diferencias mediante el di\u00e1logo.<\/p><p>La titular del CCLEH Mariela Valero Mota, detall\u00f3 que en lo que va de a\u00f1o, la instancia prejudicial que encabeza recibi\u00f3 133 solicitudes de audiencias de conciliaci\u00f3n de este sector, 78 de ellos concluyeron en convenios conciliatorios exitosos, s\u00f3lo en 29 asuntos se expidi\u00f3 constancia de no conciliaci\u00f3n, ocho fueron archivadas y 18 a\u00fan se encuentran pendientes por desahogar.<\/p><p>De igual manera, explic\u00f3 que, en el caso de las controversias de trabajadores y empleadores de instituciones educativas privadas y de acuerdo a la nueva reforma laboral, el CCLEH es el organismo encargado de resolver sus diferencias a trav\u00e9s del di\u00e1logo y en 45 d\u00edas naturales.<\/p><p>En cuanto a los conflictos laborales del sector educativo de orden p\u00fablico la normativa establece que deber\u00e1n de acudir al Tribunal de Arbitraje del Estado de Hidalgo se\u00f1alado en el apartado B de la Ley Federal del Trabajo (LFT).<\/p><p>La funcionaria estatal recomend\u00f3 al sector productivo la importancia que tiene asistir cuando surja el conflicto en la materia, ya que se deben tomar en cuenta los plazos establecidos para cada una de las prestaciones, con el objetivo de ser solucionadas en tiempo y forma.<\/p><p>Para aquellos interesados en iniciar con una audiencia de conciliaci\u00f3n, asesor\u00eda u orientaci\u00f3n, invit\u00f3 a realizar su solicitud en la plataforma digital https:\/\/ccleh.gob.mx\/citas con la finalidad de brindar un servicio \u00e1gil y eficiente.<\/p>\t\t\t\t\t\t<\/div>\n\t\t\t\t<\/div>\n\t\t\t\t\t<\/div>\n\t\t<\/div>\n\t\t\t\t\t\t\t<\/div>\n\t\t<\/section>\n\t\t\t\t\t\t\t<\/div>\n\t\t","protected":false},"excerpt":{"rendered":"<p>p\u00fablico, se atienden ante el Tribunal de Arbitraje Agust\u00edn Tlaxiaca, Hgo., 06 de octubre de 2025.- El compromiso del gobernador Julio Menchaca Salazar es fortalecer el sector educativo en la entidad no solo del sector p\u00fablico, sino tambi\u00e9n del privado y en este organismo trabajamos de la mano para atender las necesidades de este gremio [&hellip;]<\/p>\n","protected":false},"author":1,"featured_media":92448,"comment_status":"closed","ping_status":"closed","sticky":false,"template":"","format":"standard","meta":[],"categories":[6],"tags":[],"_links":{"self":[{"href":"https:\/\/www.diarionoti7.com.mx\/index.php?rest_route=\/wp\/v2\/posts\/92446"}],"collection":[{"href":"https:\/\/www.diarionoti7.com.mx\/index.php?rest_route=\/wp\/v2\/posts"}],"about":[{"href":"https:\/\/www.diarionoti7.com.mx\/index.php?rest_route=\/wp\/v2\/types\/post"}],"author":[{"embeddable":true,"href":"https:\/\/www.diarionoti7.com.mx\/index.php?rest_route=\/wp\/v2\/users\/1"}],"replies":[{"embeddable":true,"href":"https:\/\/www.diarionoti7.com.mx\/index.php?rest_route=%2Fwp%2Fv2%2Fcomments&post=92446"}],"version-history":[{"count":4,"href":"https:\/\/www.diarionoti7.com.mx\/index.php?rest_route=\/wp\/v2\/posts\/92446\/revisions"}],"predecessor-version":[{"id":92451,"href":"https:\/\/www.diarionoti7.com.mx\/index.php?rest_route=\/wp\/v2\/posts\/92446\/revisions\/92451"}],"wp:featuredmedia":[{"embeddable":true,"href":"https:\/\/www.diarionoti7.com.mx\/index.php?rest_route=\/wp\/v2\/media\/92448"}],"wp:attachment":[{"href":"https:\/\/www.diarionoti7.com.mx\/index.php?rest_route=%2Fwp%2Fv2%2Fmedia&parent=92446"}],"wp:term":[{"taxonomy":"category","embeddable":true,"href":"https:\/\/www.diarionoti7.com.mx\/index.php?rest_route=%2Fwp%2Fv2%2Fcategories&post=92446"},{"taxonomy":"post_tag","embeddable":true,"href":"https:\/\/www.diarionoti7.com.mx\/index.php?rest_route=%2Fwp%2Fv2%2Ftags&post=92446"}],"curies":[{"name":"wp","href":"https:\/\/api.w.org\/{rel}","templated":true}]}}