{"id":92053,"date":"2025-10-03T10:07:25","date_gmt":"2025-10-03T10:07:25","guid":{"rendered":"https:\/\/www.diarionoti7.com.mx\/?p=92053"},"modified":"2025-10-03T19:08:36","modified_gmt":"2025-10-03T19:08:36","slug":"feria-de-san-francisco-pachuca-hidalgo-2025-un-espacio-para-celebrar-y-apoyar-el-talento-local","status":"publish","type":"post","link":"https:\/\/www.diarionoti7.com.mx\/?p=92053","title":{"rendered":"Feria de San Francisco Pachuca Hidalgo 2025, Un Espacio Para Celebrar y Apoyar El Talento Local"},"content":{"rendered":"\t\t<div data-elementor-type=\"wp-post\" data-elementor-id=\"92053\" class=\"elementor elementor-92053\">\n\t\t\t\t\t\t\t\t\t<section class=\"elementor-section elementor-top-section elementor-element elementor-element-c09b8f0 elementor-section-boxed elementor-section-height-default elementor-section-height-default\" data-id=\"c09b8f0\" data-element_type=\"section\">\n\t\t\t\t\t\t<div class=\"elementor-container elementor-column-gap-default\">\n\t\t\t\t\t<div class=\"elementor-column elementor-col-100 elementor-top-column elementor-element elementor-element-955a561\" data-id=\"955a561\" data-element_type=\"column\">\n\t\t\t<div class=\"elementor-widget-wrap elementor-element-populated\">\n\t\t\t\t\t\t\t\t<div class=\"elementor-element elementor-element-0ce869c elementor-widget elementor-widget-text-editor\" data-id=\"0ce869c\" data-element_type=\"widget\" data-widget_type=\"text-editor.default\">\n\t\t\t\t<div class=\"elementor-widget-container\">\n\t\t\t<style>\/*! elementor - v3.10.2 - 29-01-2023 *\/\n.elementor-widget-text-editor.elementor-drop-cap-view-stacked .elementor-drop-cap{background-color:#818a91;color:#fff}.elementor-widget-text-editor.elementor-drop-cap-view-framed .elementor-drop-cap{color:#818a91;border:3px solid;background-color:transparent}.elementor-widget-text-editor:not(.elementor-drop-cap-view-default) .elementor-drop-cap{margin-top:8px}.elementor-widget-text-editor:not(.elementor-drop-cap-view-default) .elementor-drop-cap-letter{width:1em;height:1em}.elementor-widget-text-editor .elementor-drop-cap{float:left;text-align:center;line-height:1;font-size:50px}.elementor-widget-text-editor .elementor-drop-cap-letter{display:inline-block}<\/style>\t\t\t\t<p><strong>*M\u00e1s de 400 agrupaciones hidalguenses se presentar\u00e1n en tres foros<\/strong><\/p><p>Pachuca, Hgo., a 2 de octubre de 2025. La Feria de San Francisco Pachuca Hidalgo, en su edici\u00f3n 2025, reafirma su vocaci\u00f3n de ser un espacio abierto al arte, la cultura y el talento del estado. Bajo la direcci\u00f3n de Marco Antonio Aranz\u00e1bal Ju\u00e1rez, titular de la Operadora de Eventos del Estado de Hidalgo (OEEH), se han dispuesto tres foros de expresi\u00f3n que dan vida a un programa lleno de diversidad y creatividad local.<\/p><p>Todos los d\u00edas de feria, de 17:00 a 21:00 horas, el p\u00fablico asistente podr\u00e1n disfrutar de tardes y noches de m\u00fasica, danza y actuaci\u00f3n, con la participaci\u00f3n de m\u00e1s de 400 agrupaciones locales, mismas que ofrecer\u00e1n m\u00e1s de 300 horas de espect\u00e1culos.<\/p><p>Este esfuerzo busca reconocer, impulsar y visibilizar a los talentos hidalguenses, promoviendo la formaci\u00f3n de nuevas audiencias y el fortalecimiento de la identidad cultural de la regi\u00f3n.<\/p><p>El programa contempla una amplia variedad de expresiones art\u00edsticas en cada espacio. En Foro Las Haciendas se presenta danza folkl\u00f3rica y moderna,\u00a0<em>shows<\/em>\u00a0infantiles y propuestas esc\u00e9nicas para toda la familia, destacando el trabajo de academias y compa\u00f1\u00edas locales.<\/p><p>En tanto, en el Foro Egipto, bandas de rock y agrupaciones de distintos g\u00e9neros musicales, muchas de ellas formadas por j\u00f3venes talentos de la entidad, ponen ritmo y energ\u00eda a las noches de feria.<\/p><p>En la Velaria principal, grupos art\u00edsticos representativos del Estado de M\u00e9xico y de Hidalgo comparten su talento en un ambiente de fiesta cultural, fomentando el intercambio art\u00edstico y la promoci\u00f3n del talento regional.<\/p><p>Cabe destacar que todas estas actividades pueden disfrutarse de manera gratuita: al adquirir el boleto de entrada a la feria, el p\u00fablico tendr\u00e1 acceso a todo el programa, garantizando que la cultura y el talento local sean accesibles para todos, tal como lo ha instruido el gobernador Julio Menchaca Salazar.<\/p><p>Con estas acciones, la Feria de San Francisco Pachuca Hidalgo 2025 se consolida no s\u00f3lo como una celebraci\u00f3n tradicional, sino como un escenario de orgullo e identidad, donde los artistas locales se proyectan y brillan con fuerza ante las y los visitantes.<\/p>\t\t\t\t\t\t<\/div>\n\t\t\t\t<\/div>\n\t\t\t\t\t<\/div>\n\t\t<\/div>\n\t\t\t\t\t\t\t<\/div>\n\t\t<\/section>\n\t\t\t\t\t\t\t<\/div>\n\t\t","protected":false},"excerpt":{"rendered":"<p>*M\u00e1s de 400 agrupaciones hidalguenses se presentar\u00e1n en tres foros Pachuca, Hgo., a 2 de octubre de 2025. La Feria de San Francisco Pachuca Hidalgo, en su edici\u00f3n 2025, reafirma su vocaci\u00f3n de ser un espacio abierto al arte, la cultura y el talento del estado. Bajo la direcci\u00f3n de Marco Antonio Aranz\u00e1bal Ju\u00e1rez, titular [&hellip;]<\/p>\n","protected":false},"author":1,"featured_media":92055,"comment_status":"closed","ping_status":"closed","sticky":false,"template":"","format":"standard","meta":[],"categories":[6],"tags":[],"_links":{"self":[{"href":"https:\/\/www.diarionoti7.com.mx\/index.php?rest_route=\/wp\/v2\/posts\/92053"}],"collection":[{"href":"https:\/\/www.diarionoti7.com.mx\/index.php?rest_route=\/wp\/v2\/posts"}],"about":[{"href":"https:\/\/www.diarionoti7.com.mx\/index.php?rest_route=\/wp\/v2\/types\/post"}],"author":[{"embeddable":true,"href":"https:\/\/www.diarionoti7.com.mx\/index.php?rest_route=\/wp\/v2\/users\/1"}],"replies":[{"embeddable":true,"href":"https:\/\/www.diarionoti7.com.mx\/index.php?rest_route=%2Fwp%2Fv2%2Fcomments&post=92053"}],"version-history":[{"count":4,"href":"https:\/\/www.diarionoti7.com.mx\/index.php?rest_route=\/wp\/v2\/posts\/92053\/revisions"}],"predecessor-version":[{"id":92058,"href":"https:\/\/www.diarionoti7.com.mx\/index.php?rest_route=\/wp\/v2\/posts\/92053\/revisions\/92058"}],"wp:featuredmedia":[{"embeddable":true,"href":"https:\/\/www.diarionoti7.com.mx\/index.php?rest_route=\/wp\/v2\/media\/92055"}],"wp:attachment":[{"href":"https:\/\/www.diarionoti7.com.mx\/index.php?rest_route=%2Fwp%2Fv2%2Fmedia&parent=92053"}],"wp:term":[{"taxonomy":"category","embeddable":true,"href":"https:\/\/www.diarionoti7.com.mx\/index.php?rest_route=%2Fwp%2Fv2%2Fcategories&post=92053"},{"taxonomy":"post_tag","embeddable":true,"href":"https:\/\/www.diarionoti7.com.mx\/index.php?rest_route=%2Fwp%2Fv2%2Ftags&post=92053"}],"curies":[{"name":"wp","href":"https:\/\/api.w.org\/{rel}","templated":true}]}}