{"id":92047,"date":"2025-10-03T10:05:56","date_gmt":"2025-10-03T10:05:56","guid":{"rendered":"https:\/\/www.diarionoti7.com.mx\/?p=92047"},"modified":"2025-10-03T19:07:13","modified_gmt":"2025-10-03T19:07:13","slug":"19-profesionales-en-enfermeria-se-preparan-para-laborar-en-alemania","status":"publish","type":"post","link":"https:\/\/www.diarionoti7.com.mx\/?p=92047","title":{"rendered":"19 Profesionales en Enfermer\u00eda se Preparan Para Laborar en Alemania."},"content":{"rendered":"\t\t<div data-elementor-type=\"wp-post\" data-elementor-id=\"92047\" class=\"elementor elementor-92047\">\n\t\t\t\t\t\t\t\t\t<section class=\"elementor-section elementor-top-section elementor-element elementor-element-c09b8f0 elementor-section-boxed elementor-section-height-default elementor-section-height-default\" data-id=\"c09b8f0\" data-element_type=\"section\">\n\t\t\t\t\t\t<div class=\"elementor-container elementor-column-gap-default\">\n\t\t\t\t\t<div class=\"elementor-column elementor-col-100 elementor-top-column elementor-element elementor-element-955a561\" data-id=\"955a561\" data-element_type=\"column\">\n\t\t\t<div class=\"elementor-widget-wrap elementor-element-populated\">\n\t\t\t\t\t\t\t\t<div class=\"elementor-element elementor-element-0ce869c elementor-widget elementor-widget-text-editor\" data-id=\"0ce869c\" data-element_type=\"widget\" data-widget_type=\"text-editor.default\">\n\t\t\t\t<div class=\"elementor-widget-container\">\n\t\t\t<style>\/*! elementor - v3.10.2 - 29-01-2023 *\/\n.elementor-widget-text-editor.elementor-drop-cap-view-stacked .elementor-drop-cap{background-color:#818a91;color:#fff}.elementor-widget-text-editor.elementor-drop-cap-view-framed .elementor-drop-cap{color:#818a91;border:3px solid;background-color:transparent}.elementor-widget-text-editor:not(.elementor-drop-cap-view-default) .elementor-drop-cap{margin-top:8px}.elementor-widget-text-editor:not(.elementor-drop-cap-view-default) .elementor-drop-cap-letter{width:1em;height:1em}.elementor-widget-text-editor .elementor-drop-cap{float:left;text-align:center;line-height:1;font-size:50px}.elementor-widget-text-editor .elementor-drop-cap-letter{display:inline-block}<\/style>\t\t\t\t<p><strong>Pachuca, Hgo. 2 de octubnre 2025.- <\/strong>La Secretar\u00eda del Trabajo de Hidalgo seleccion\u00f3 a 19 profesionales en enfermer\u00eda para laborar en Alemania, quienes recibir\u00e1n una beca para aprender el idioma antes de iniciar sus funciones.<\/p><p>La\u00a0Secretar\u00eda del Trabajo y Previsi\u00f3n Social de Hidalgo (STPSH), en coordinaci\u00f3n con la\u00a0Agencia Federal de Empleo de Alemania\u00a0y la\u00a0Secretar\u00eda del Trabajo del Gobierno de M\u00e9xico, realiz\u00f3 el reclutamiento de\u00a0profesionales en enfermer\u00eda\u00a0para laborar en\u00a0hospitales\u00a0de aquel pa\u00eds europeo.<\/p><p>De acuerdo con la\u00a0STPSH, 59\u00a0profesionales\u00a0se postularon para cubrir 35\u00a0vacantes\u00a0en el\u00a0hospital Helios de Berl\u00edn, perteneciente al grupo\u00a0Fresenius SE, el consorcio\u00a0hospitalario m\u00e1s grande de Europa.<\/p><p>El titular de la\u00a0STPSH, Oscar Javier Gonz\u00e1lez Hern\u00e1ndez, inform\u00f3 que adem\u00e1s de la participaci\u00f3n de\u00a0hidalguenses, se cont\u00f3 con postulantes de\u00a0Sinaloa, Chiapas, Tabasco, Jalisco, Guerrero, Quer\u00e9taro, Tlaxcala, Estado de M\u00e9xico y Ciudad de M\u00e9xico.<\/p><p>Entre los\u00a0requisitos\u00a0se solicit\u00f3\u00a0experiencia m\u00ednima de seis meses, c\u00e9dula profesional, CURP, cartas laborales\u00a0que avalaran la experiencia y\u00a0curr\u00edculum vitae.<\/p><p>Tras el proceso de\u00a0entrevistas, 11 personas de otras entidades y 19\u00a0hidalguenses\u00a0fueron seleccionadas para la\u00a0segunda etapa\u00a0del reclutamiento.<\/p><p>El siguiente paso ser\u00e1 el\u00a0curso de aprendizaje del idioma alem\u00e1n, que iniciar\u00e1 en\u00a0noviembre, y podr\u00e1 realizarse de manera\u00a0presencial o en l\u00ednea. Durante este periodo, los seleccionados recibir\u00e1n una\u00a0beca mensual de 400 a 500 euros. Una vez acreditado el nivel de idioma, los\u00a0enfermeros viajar\u00e1n a Alemania\u00a0con\u00a0gastos de vuelo, vivienda, empleo y salario asegurados.<\/p><p>Gonz\u00e1lez Hern\u00e1ndez\u00a0destac\u00f3 que este es el\u00a0tercer ejercicio de colaboraci\u00f3n\u00a0entre el\u00a0Servicio Nacional de Empleo Hidalgo\u00a0y la\u00a0Agencia Federal de Empleo de Alemania; en 2024 se seleccionaron 10\u00a0profesionales en enfermer\u00eda\u00a0y en 2023 se colocaron 21\u00a0gastr\u00f3nomos.<\/p><p>Finalmente, el secretario se\u00f1al\u00f3 que mediante el mecanismo de\u00a0Movilidad Laboral\u00a0se facilita la\u00a0colocaci\u00f3n legal, segura y ordenada\u00a0de\u00a0hidalguenses\u00a0en\u00a0puestos de trabajo fuera del territorio, cumpliendo con la instrucci\u00f3n del\u00a0gobernador Julio Menchaca.<\/p>\t\t\t\t\t\t<\/div>\n\t\t\t\t<\/div>\n\t\t\t\t\t<\/div>\n\t\t<\/div>\n\t\t\t\t\t\t\t<\/div>\n\t\t<\/section>\n\t\t\t\t\t\t\t<\/div>\n\t\t","protected":false},"excerpt":{"rendered":"<p>Pachuca, Hgo. 2 de octubnre 2025.- La Secretar\u00eda del Trabajo de Hidalgo seleccion\u00f3 a 19 profesionales en enfermer\u00eda para laborar en Alemania, quienes recibir\u00e1n una beca para aprender el idioma antes de iniciar sus funciones. La\u00a0Secretar\u00eda del Trabajo y Previsi\u00f3n Social de Hidalgo (STPSH), en coordinaci\u00f3n con la\u00a0Agencia Federal de Empleo de Alemania\u00a0y la\u00a0Secretar\u00eda del [&hellip;]<\/p>\n","protected":false},"author":1,"featured_media":92049,"comment_status":"closed","ping_status":"closed","sticky":false,"template":"","format":"standard","meta":[],"categories":[6],"tags":[],"_links":{"self":[{"href":"https:\/\/www.diarionoti7.com.mx\/index.php?rest_route=\/wp\/v2\/posts\/92047"}],"collection":[{"href":"https:\/\/www.diarionoti7.com.mx\/index.php?rest_route=\/wp\/v2\/posts"}],"about":[{"href":"https:\/\/www.diarionoti7.com.mx\/index.php?rest_route=\/wp\/v2\/types\/post"}],"author":[{"embeddable":true,"href":"https:\/\/www.diarionoti7.com.mx\/index.php?rest_route=\/wp\/v2\/users\/1"}],"replies":[{"embeddable":true,"href":"https:\/\/www.diarionoti7.com.mx\/index.php?rest_route=%2Fwp%2Fv2%2Fcomments&post=92047"}],"version-history":[{"count":4,"href":"https:\/\/www.diarionoti7.com.mx\/index.php?rest_route=\/wp\/v2\/posts\/92047\/revisions"}],"predecessor-version":[{"id":92052,"href":"https:\/\/www.diarionoti7.com.mx\/index.php?rest_route=\/wp\/v2\/posts\/92047\/revisions\/92052"}],"wp:featuredmedia":[{"embeddable":true,"href":"https:\/\/www.diarionoti7.com.mx\/index.php?rest_route=\/wp\/v2\/media\/92049"}],"wp:attachment":[{"href":"https:\/\/www.diarionoti7.com.mx\/index.php?rest_route=%2Fwp%2Fv2%2Fmedia&parent=92047"}],"wp:term":[{"taxonomy":"category","embeddable":true,"href":"https:\/\/www.diarionoti7.com.mx\/index.php?rest_route=%2Fwp%2Fv2%2Fcategories&post=92047"},{"taxonomy":"post_tag","embeddable":true,"href":"https:\/\/www.diarionoti7.com.mx\/index.php?rest_route=%2Fwp%2Fv2%2Ftags&post=92047"}],"curies":[{"name":"wp","href":"https:\/\/api.w.org\/{rel}","templated":true}]}}