{"id":8710,"date":"2023-05-17T16:59:19","date_gmt":"2023-05-17T16:59:19","guid":{"rendered":"https:\/\/www.diarionoti7.com.mx\/?p=8710"},"modified":"2023-05-17T17:02:36","modified_gmt":"2023-05-17T17:02:36","slug":"alerta-concanaco-servytur-mexico-sobre-dano-a-economia-y-tejido-social-por-crisis-migratoria","status":"publish","type":"post","link":"https:\/\/www.diarionoti7.com.mx\/?p=8710","title":{"rendered":"Alerta CONCANACO SERVYTUR M\u00c9XICO Sobre Da\u00f1o a Econom\u00eda y Tejido Social Por Crisis Migratoria"},"content":{"rendered":"\t\t<div data-elementor-type=\"wp-post\" data-elementor-id=\"8710\" class=\"elementor elementor-8710\">\n\t\t\t\t\t\t\t\t\t<section class=\"elementor-section elementor-top-section elementor-element elementor-element-51c23a4c elementor-section-boxed elementor-section-height-default elementor-section-height-default\" data-id=\"51c23a4c\" data-element_type=\"section\">\n\t\t\t\t\t\t<div class=\"elementor-container elementor-column-gap-default\">\n\t\t\t\t\t<div class=\"elementor-column elementor-col-100 elementor-top-column elementor-element elementor-element-7d2e0b6e\" data-id=\"7d2e0b6e\" data-element_type=\"column\">\n\t\t\t<div class=\"elementor-widget-wrap elementor-element-populated\">\n\t\t\t\t\t\t\t\t<div class=\"elementor-element elementor-element-2f2290cd elementor-widget elementor-widget-text-editor\" data-id=\"2f2290cd\" data-element_type=\"widget\" data-widget_type=\"text-editor.default\">\n\t\t\t\t<div class=\"elementor-widget-container\">\n\t\t\t<style>\/*! elementor - v3.10.2 - 29-01-2023 *\/\n.elementor-widget-text-editor.elementor-drop-cap-view-stacked .elementor-drop-cap{background-color:#818a91;color:#fff}.elementor-widget-text-editor.elementor-drop-cap-view-framed .elementor-drop-cap{color:#818a91;border:3px solid;background-color:transparent}.elementor-widget-text-editor:not(.elementor-drop-cap-view-default) .elementor-drop-cap{margin-top:8px}.elementor-widget-text-editor:not(.elementor-drop-cap-view-default) .elementor-drop-cap-letter{width:1em;height:1em}.elementor-widget-text-editor .elementor-drop-cap{float:left;text-align:center;line-height:1;font-size:50px}.elementor-widget-text-editor .elementor-drop-cap-letter{display:inline-block}<\/style>\t\t\t\t\t\t\t\t\t\t<\/div>\n\t\t\t\t<\/div>\n\t\t\t\t\t<\/div>\n\t\t<\/div>\n\t\t\t\t\t\t\t<\/div>\n\t\t<\/section>\n\t\t\t\t<section class=\"elementor-section elementor-top-section elementor-element elementor-element-1da7a1e elementor-section-boxed elementor-section-height-default elementor-section-height-default\" data-id=\"1da7a1e\" data-element_type=\"section\">\n\t\t\t\t\t\t<div class=\"elementor-container elementor-column-gap-default\">\n\t\t\t\t\t<div class=\"elementor-column elementor-col-100 elementor-top-column elementor-element elementor-element-8451efe\" data-id=\"8451efe\" data-element_type=\"column\">\n\t\t\t<div class=\"elementor-widget-wrap elementor-element-populated\">\n\t\t\t\t\t\t\t\t<div class=\"elementor-element elementor-element-19003b8 elementor-widget elementor-widget-text-editor\" data-id=\"19003b8\" data-element_type=\"widget\" data-widget_type=\"text-editor.default\">\n\t\t\t\t<div class=\"elementor-widget-container\">\n\t\t\t\t\t\t\t<ul><li><strong>Las ciudades fronterizas del norte del pa\u00eds se encuentran rebasadas por la llegada masiva y descontrolada de personas migrantes; m\u00e1s de 534 mil establecimientos del sector de Comercio, Servicios y Turismo son gravemente perjudicados<\/strong><\/li><\/ul><p><strong>Ciudad de M\u00e9xico a 16 de mayo de 2023.-<\/strong>La Confederaci\u00f3n de C\u00e1maras Nacionales de Comercio, Servicios y Turismo de M\u00e9xico (CONCANACO SERVYTUR M\u00e9xico) alerta sobre las graves consecuencias de la crisis migratoria en las ciudades fronterizas del norte de nuestro pa\u00eds.<\/p><p>A trav\u00e9s de las C\u00e1maras Nacionales de Comercio, Servicios y Turismo de Baja California, Sonora, Chihuahua, Coahuila, Nuevo Le\u00f3n y Tamaulipas (entre las que se incluyen Ciudad Ju\u00e1rez, Matamoros, Tijuana, Mexicali, Ensenada, San Luis R\u00edo Colorado, Nogales, Monterrey, Puerto Pe\u00f1asco, Ciudad Acu\u00f1a, Torre\u00f3n, Camargo, Laredo, R\u00edo Bravo, Piedras Negras) coordinadas por H\u00e9ctor Luj\u00e1n y \u00c1ngel de la Puerta, vicepresidentes de la regi\u00f3n Noreste y Noroeste, respectivamente, hacemos un llamado urgente a las autoridades competentes para que intervengan y salvaguarden la paz y la tranquilidad social en nuestras ciudades, que, de acuerdo con el INEGI, representan un importante n\u00facleo de generaci\u00f3n de riqueza a trav\u00e9s de m\u00e1s de 534 mil negocios.<\/p><p>Es de conocimiento p\u00fablico que la llegada masiva y descontrolada de personas migrantes a las ciudades fronterizas genera un riesgo social significativo y ejerce una presi\u00f3n desmedida sobre nuestras comunidades, debido a la alta demanda de atenci\u00f3n y servicios b\u00e1sicos.<\/p><p>Nuestras ciudades no cuentan con la preparaci\u00f3n necesaria para recibir a estos grupos y mucho menos para hacer frente a sus exigencias. Aunque sabemos que s\u00ed existen esfuerzos encaminados a solucionar esta grave problem\u00e1tica, la falta de decisiones y respuestas tajantes por parte de las autoridades ha provocado un desorden social nunca antes visto.<\/p><p>\u201cInstamos a las autoridades a tomar acciones con prontitud y determinaci\u00f3n para enfrentar esta crisis migratoria, velando por la seguridad y la calidad de vida de todos los ciudadanos\u201d, llam\u00f3 el presidente del organismo c\u00fapula, H\u00e9ctor Tejada Shaar.<\/p><p>Las C\u00e1maras Empresariales de las zonas fronterizas han repetidamente se\u00f1alado conductas inapropiadas que van desde la invasi\u00f3n, da\u00f1o a espacios p\u00fablicos y privados, \u201cvandalismo en corredores comerciales, alteraci\u00f3n del orden p\u00fablico, enfrentamientos con las autoridades, robos, asaltos, acoso sexual a mujeres y un riesgo inminente para la salud p\u00fablica debido a la falta de vacunas e inmunizaciones\u201d.<\/p><p>Ante esta problem\u00e1tica, solicitamos la intervenci\u00f3n directa de la Secretar\u00eda de Gobernaci\u00f3n (SEGOB) y las autoridades locales y estatales para establecer medidas concretas, restablecer el orden y la tranquilidad en nuestras ciudades fronterizas. Es fundamental el desarrollo de una pol\u00edtica p\u00fablica adecuada que aborde de manera efectiva la situaci\u00f3n migratoria.<\/p><p>\u201cEstamos dispuestos a colaborar en estrecha coordinaci\u00f3n con todas las instancias y niveles de gobierno para coadyuvar en el control de esta situaci\u00f3n y brindar certidumbre a nuestras comunidades\u201d, explic\u00f3 el presidente del organismo c\u00fapula.<\/p><p>En 2022 fueron registrados, de acuerdo con informaci\u00f3n de la propia SEGOB, 444 mil 439 eventos de personas en situaci\u00f3n irregular en M\u00e9xico, 43.5 por ciento m\u00e1s que en 2021. Entre 2021 y 2020 el n\u00famero de eventos de personas en situaci\u00f3n irregular aument\u00f3 275.9 por ciento.<\/p><p>La grave crisis migratoria que vive en las zonas fronterizas de nuestro pa\u00eds hace imprescindible que en el Instituto Nacional de Migraci\u00f3n (INM), o en el nuevo organismo que pudiera sustituir su funci\u00f3n, se incluya de manera prioritaria la conformaci\u00f3n de un consejo consultivo integrado por representantes de la Iniciativa Privada y la sociedad civil -con presencia de especialistas nacionales e internacionales en Derechos Humanos-.<\/p><p>As\u00ed, en la nueva Coordinaci\u00f3n Nacional de Asuntos Migratorios y Extranjer\u00eda (ConM\u00e9xico), anunciada por el padre y activista Alejandro Solalinde, debe garantizarse esta participaci\u00f3n.<\/p><p>En CONCANACO SERVYTUR M\u00e9xico, en coordinaci\u00f3n con las C\u00e1maras Nacionales, estamos comprometidos con el bienestar de nuestras ciudades y sus habitantes, y desde luego, con la defensa f\u00e9rrea del Estado de Derecho.<\/p>\t\t\t\t\t\t<\/div>\n\t\t\t\t<\/div>\n\t\t\t\t\t<\/div>\n\t\t<\/div>\n\t\t\t\t\t\t\t<\/div>\n\t\t<\/section>\n\t\t\t\t\t\t\t<\/div>\n\t\t","protected":false},"excerpt":{"rendered":"<p>Las ciudades fronterizas del norte del pa\u00eds se encuentran rebasadas por la llegada masiva y descontrolada de personas migrantes; m\u00e1s de 534 mil establecimientos del sector de Comercio, Servicios y Turismo son gravemente perjudicados Ciudad de M\u00e9xico a 16 de mayo de 2023.-La Confederaci\u00f3n de C\u00e1maras Nacionales de Comercio, Servicios y Turismo de M\u00e9xico (CONCANACO [&hellip;]<\/p>\n","protected":false},"author":1,"featured_media":8718,"comment_status":"closed","ping_status":"closed","sticky":false,"template":"","format":"standard","meta":[],"categories":[6],"tags":[],"_links":{"self":[{"href":"https:\/\/www.diarionoti7.com.mx\/index.php?rest_route=\/wp\/v2\/posts\/8710"}],"collection":[{"href":"https:\/\/www.diarionoti7.com.mx\/index.php?rest_route=\/wp\/v2\/posts"}],"about":[{"href":"https:\/\/www.diarionoti7.com.mx\/index.php?rest_route=\/wp\/v2\/types\/post"}],"author":[{"embeddable":true,"href":"https:\/\/www.diarionoti7.com.mx\/index.php?rest_route=\/wp\/v2\/users\/1"}],"replies":[{"embeddable":true,"href":"https:\/\/www.diarionoti7.com.mx\/index.php?rest_route=%2Fwp%2Fv2%2Fcomments&post=8710"}],"version-history":[{"count":4,"href":"https:\/\/www.diarionoti7.com.mx\/index.php?rest_route=\/wp\/v2\/posts\/8710\/revisions"}],"predecessor-version":[{"id":8721,"href":"https:\/\/www.diarionoti7.com.mx\/index.php?rest_route=\/wp\/v2\/posts\/8710\/revisions\/8721"}],"wp:featuredmedia":[{"embeddable":true,"href":"https:\/\/www.diarionoti7.com.mx\/index.php?rest_route=\/wp\/v2\/media\/8718"}],"wp:attachment":[{"href":"https:\/\/www.diarionoti7.com.mx\/index.php?rest_route=%2Fwp%2Fv2%2Fmedia&parent=8710"}],"wp:term":[{"taxonomy":"category","embeddable":true,"href":"https:\/\/www.diarionoti7.com.mx\/index.php?rest_route=%2Fwp%2Fv2%2Fcategories&post=8710"},{"taxonomy":"post_tag","embeddable":true,"href":"https:\/\/www.diarionoti7.com.mx\/index.php?rest_route=%2Fwp%2Fv2%2Ftags&post=8710"}],"curies":[{"name":"wp","href":"https:\/\/api.w.org\/{rel}","templated":true}]}}