{"id":8477,"date":"2023-05-14T16:01:46","date_gmt":"2023-05-14T16:01:46","guid":{"rendered":"https:\/\/www.diarionoti7.com.mx\/?p=8477"},"modified":"2023-05-14T16:04:29","modified_gmt":"2023-05-14T16:04:29","slug":"infonavit-busca-reducir-carga-de-impuestos-para-vivienda-nueva","status":"publish","type":"post","link":"https:\/\/www.diarionoti7.com.mx\/?p=8477","title":{"rendered":"Infonavit Busca Reducir Carga de Impuestos Para Vivienda Nueva"},"content":{"rendered":"\t\t<div data-elementor-type=\"wp-post\" data-elementor-id=\"8477\" class=\"elementor elementor-8477\">\n\t\t\t\t\t\t\t\t\t<section class=\"elementor-section elementor-top-section elementor-element elementor-element-51c23a4c elementor-section-boxed elementor-section-height-default elementor-section-height-default\" data-id=\"51c23a4c\" data-element_type=\"section\">\n\t\t\t\t\t\t<div class=\"elementor-container elementor-column-gap-default\">\n\t\t\t\t\t<div class=\"elementor-column elementor-col-100 elementor-top-column elementor-element elementor-element-7d2e0b6e\" data-id=\"7d2e0b6e\" data-element_type=\"column\">\n\t\t\t<div class=\"elementor-widget-wrap elementor-element-populated\">\n\t\t\t\t\t\t\t\t<div class=\"elementor-element elementor-element-2f2290cd elementor-widget elementor-widget-text-editor\" data-id=\"2f2290cd\" data-element_type=\"widget\" data-widget_type=\"text-editor.default\">\n\t\t\t\t<div class=\"elementor-widget-container\">\n\t\t\t<style>\/*! elementor - v3.10.2 - 29-01-2023 *\/\n.elementor-widget-text-editor.elementor-drop-cap-view-stacked .elementor-drop-cap{background-color:#818a91;color:#fff}.elementor-widget-text-editor.elementor-drop-cap-view-framed .elementor-drop-cap{color:#818a91;border:3px solid;background-color:transparent}.elementor-widget-text-editor:not(.elementor-drop-cap-view-default) .elementor-drop-cap{margin-top:8px}.elementor-widget-text-editor:not(.elementor-drop-cap-view-default) .elementor-drop-cap-letter{width:1em;height:1em}.elementor-widget-text-editor .elementor-drop-cap{float:left;text-align:center;line-height:1;font-size:50px}.elementor-widget-text-editor .elementor-drop-cap-letter{display:inline-block}<\/style>\t\t\t\t\t\t\t\t\t\t<\/div>\n\t\t\t\t<\/div>\n\t\t\t\t\t<\/div>\n\t\t<\/div>\n\t\t\t\t\t\t\t<\/div>\n\t\t<\/section>\n\t\t\t\t<section class=\"elementor-section elementor-top-section elementor-element elementor-element-1da7a1e elementor-section-boxed elementor-section-height-default elementor-section-height-default\" data-id=\"1da7a1e\" data-element_type=\"section\">\n\t\t\t\t\t\t<div class=\"elementor-container elementor-column-gap-default\">\n\t\t\t\t\t<div class=\"elementor-column elementor-col-100 elementor-top-column elementor-element elementor-element-8451efe\" data-id=\"8451efe\" data-element_type=\"column\">\n\t\t\t<div class=\"elementor-widget-wrap elementor-element-populated\">\n\t\t\t\t\t\t\t\t<div class=\"elementor-element elementor-element-19003b8 elementor-widget elementor-widget-text-editor\" data-id=\"19003b8\" data-element_type=\"widget\" data-widget_type=\"text-editor.default\">\n\t\t\t\t<div class=\"elementor-widget-container\">\n\t\t\t\t\t\t\t<p><strong>*El objetivo es impulsar un mayor n\u00famero de proyectos de vivienda<\/strong><\/p><p><strong>CDMX, a 13 de mayo de 2023.-<\/strong> El Director General del Infonavit, Carlos Mart\u00ednez, anunci\u00f3 el compromiso de brindar apoyo para reducir la carga impositiva y de permisos para la construcci\u00f3n, as\u00ed como minimizar los costos de la tierra a favor del sector obrero.<\/p><p>El proyecto se trabajar\u00e1 en colaboraci\u00f3n con la Direcci\u00f3n Sectorial de los Trabajadores (DST), encabezada por Mario Mac\u00edas Robles para desarrollar proyectos de vivienda que sean accesibles y asequibles para los trabajadores. Se espera que esta iniciativa contribuya a reducir el d\u00e9ficit habitacional en M\u00e9xico y a mejorar las condiciones de vida de los trabajadores.<\/p><p>En el marco de la 71\u00aa Convenci\u00f3n Nacional Ordinaria de la CROM, donde se celebra su 105\u00ba aniversario, Mario Mac\u00edas Robles destac\u00f3 la importancia de impulsar proyectos de vivienda para el sector obrero, ya que esto permitir\u00e1 a los trabajadores contar con una vivienda digna y mejorar su calidad de vida. Asimismo, resalt\u00f3 el compromiso del Infonavit para trabajar y mejorar la calidad de vida de las y los trabajadores de M\u00e9xico.<\/p>\t\t\t\t\t\t<\/div>\n\t\t\t\t<\/div>\n\t\t\t\t\t<\/div>\n\t\t<\/div>\n\t\t\t\t\t\t\t<\/div>\n\t\t<\/section>\n\t\t\t\t\t\t\t<\/div>\n\t\t","protected":false},"excerpt":{"rendered":"<p>*El objetivo es impulsar un mayor n\u00famero de proyectos de vivienda CDMX, a 13 de mayo de 2023.- El Director General del Infonavit, Carlos Mart\u00ednez, anunci\u00f3 el compromiso de brindar apoyo para reducir la carga impositiva y de permisos para la construcci\u00f3n, as\u00ed como minimizar los costos de la tierra a favor del sector obrero. [&hellip;]<\/p>\n","protected":false},"author":1,"featured_media":8481,"comment_status":"closed","ping_status":"closed","sticky":false,"template":"","format":"standard","meta":[],"categories":[6],"tags":[],"_links":{"self":[{"href":"https:\/\/www.diarionoti7.com.mx\/index.php?rest_route=\/wp\/v2\/posts\/8477"}],"collection":[{"href":"https:\/\/www.diarionoti7.com.mx\/index.php?rest_route=\/wp\/v2\/posts"}],"about":[{"href":"https:\/\/www.diarionoti7.com.mx\/index.php?rest_route=\/wp\/v2\/types\/post"}],"author":[{"embeddable":true,"href":"https:\/\/www.diarionoti7.com.mx\/index.php?rest_route=\/wp\/v2\/users\/1"}],"replies":[{"embeddable":true,"href":"https:\/\/www.diarionoti7.com.mx\/index.php?rest_route=%2Fwp%2Fv2%2Fcomments&post=8477"}],"version-history":[{"count":4,"href":"https:\/\/www.diarionoti7.com.mx\/index.php?rest_route=\/wp\/v2\/posts\/8477\/revisions"}],"predecessor-version":[{"id":8484,"href":"https:\/\/www.diarionoti7.com.mx\/index.php?rest_route=\/wp\/v2\/posts\/8477\/revisions\/8484"}],"wp:featuredmedia":[{"embeddable":true,"href":"https:\/\/www.diarionoti7.com.mx\/index.php?rest_route=\/wp\/v2\/media\/8481"}],"wp:attachment":[{"href":"https:\/\/www.diarionoti7.com.mx\/index.php?rest_route=%2Fwp%2Fv2%2Fmedia&parent=8477"}],"wp:term":[{"taxonomy":"category","embeddable":true,"href":"https:\/\/www.diarionoti7.com.mx\/index.php?rest_route=%2Fwp%2Fv2%2Fcategories&post=8477"},{"taxonomy":"post_tag","embeddable":true,"href":"https:\/\/www.diarionoti7.com.mx\/index.php?rest_route=%2Fwp%2Fv2%2Ftags&post=8477"}],"curies":[{"name":"wp","href":"https:\/\/api.w.org\/{rel}","templated":true}]}}