{"id":8465,"date":"2023-05-14T15:56:43","date_gmt":"2023-05-14T15:56:43","guid":{"rendered":"https:\/\/www.diarionoti7.com.mx\/?p=8465"},"modified":"2023-05-14T16:01:19","modified_gmt":"2023-05-14T16:01:19","slug":"desactivan-tomas-clandestinas-de-hidrocarburo-en-seis-municipios","status":"publish","type":"post","link":"https:\/\/www.diarionoti7.com.mx\/?p=8465","title":{"rendered":"Desactivan Tomas Clandestinas de Hidrocarburo en Seis Municipios"},"content":{"rendered":"\t\t<div data-elementor-type=\"wp-post\" data-elementor-id=\"8465\" class=\"elementor elementor-8465\">\n\t\t\t\t\t\t\t\t\t<section class=\"elementor-section elementor-top-section elementor-element elementor-element-51c23a4c elementor-section-boxed elementor-section-height-default elementor-section-height-default\" data-id=\"51c23a4c\" data-element_type=\"section\">\n\t\t\t\t\t\t<div class=\"elementor-container elementor-column-gap-default\">\n\t\t\t\t\t<div class=\"elementor-column elementor-col-100 elementor-top-column elementor-element elementor-element-7d2e0b6e\" data-id=\"7d2e0b6e\" data-element_type=\"column\">\n\t\t\t<div class=\"elementor-widget-wrap elementor-element-populated\">\n\t\t\t\t\t\t\t\t<div class=\"elementor-element elementor-element-2f2290cd elementor-widget elementor-widget-text-editor\" data-id=\"2f2290cd\" data-element_type=\"widget\" data-widget_type=\"text-editor.default\">\n\t\t\t\t<div class=\"elementor-widget-container\">\n\t\t\t<style>\/*! elementor - v3.10.2 - 29-01-2023 *\/\n.elementor-widget-text-editor.elementor-drop-cap-view-stacked .elementor-drop-cap{background-color:#818a91;color:#fff}.elementor-widget-text-editor.elementor-drop-cap-view-framed .elementor-drop-cap{color:#818a91;border:3px solid;background-color:transparent}.elementor-widget-text-editor:not(.elementor-drop-cap-view-default) .elementor-drop-cap{margin-top:8px}.elementor-widget-text-editor:not(.elementor-drop-cap-view-default) .elementor-drop-cap-letter{width:1em;height:1em}.elementor-widget-text-editor .elementor-drop-cap{float:left;text-align:center;line-height:1;font-size:50px}.elementor-widget-text-editor .elementor-drop-cap-letter{display:inline-block}<\/style>\t\t\t\t\t\t\t\t\t\t<\/div>\n\t\t\t\t<\/div>\n\t\t\t\t\t<\/div>\n\t\t<\/div>\n\t\t\t\t\t\t\t<\/div>\n\t\t<\/section>\n\t\t\t\t<section class=\"elementor-section elementor-top-section elementor-element elementor-element-1da7a1e elementor-section-boxed elementor-section-height-default elementor-section-height-default\" data-id=\"1da7a1e\" data-element_type=\"section\">\n\t\t\t\t\t\t<div class=\"elementor-container elementor-column-gap-default\">\n\t\t\t\t\t<div class=\"elementor-column elementor-col-100 elementor-top-column elementor-element elementor-element-8451efe\" data-id=\"8451efe\" data-element_type=\"column\">\n\t\t\t<div class=\"elementor-widget-wrap elementor-element-populated\">\n\t\t\t\t\t\t\t\t<div class=\"elementor-element elementor-element-19003b8 elementor-widget elementor-widget-text-editor\" data-id=\"19003b8\" data-element_type=\"widget\" data-widget_type=\"text-editor.default\">\n\t\t\t\t<div class=\"elementor-widget-container\">\n\t\t\t\t\t\t\t<p><strong>*Velar\u00eda y Pol\u00edgonos ser\u00e1n centros de\u00a0 acopio del 15 a 19 de mayo<\/strong>.<\/p><p><strong>Tulancingo, Hgo., 13 de mayo del 2023.<\/strong>&#8211; El director de Medio Ambiente, F\u00e9lix Ch\u00e1vez San Juan, inform\u00f3 que a invitaci\u00f3n de la secretar\u00eda del Medio Ambiente en Hidalgo, Tulancingo se sumar\u00e1 a la campa\u00f1a estatal Reciclando Transformamos Hidalgo.<\/p><p>En este sentido, la velaria del Jard\u00edn La Floresta y los denominados pol\u00edgonos, fungir\u00e1n como centro de acopio de diverso material como: electrodom\u00e9sticos, electr\u00f3nicos, papel y cart\u00f3n.<\/p><p>La meta a recaudar es de una tonelada, cifra obtenida en la \u00faltima campa\u00f1a realizada a mediados del 2022.<\/p><p>Tanto la velaria como los pol\u00edgonos recibir\u00e1n las donaciones en un horario de 9:00 a 15:00 horas y ser\u00e1 el personal de medio ambiente quien organice el material que se conjunte.<\/p><p>Lo que m\u00e1s se entrega como donaciones para reciclaje son: computadoras y pantallas, aunque se reiter\u00f3 que tambi\u00e9n pueden llevarse\u00a0 otros aditamentos como lavadoras, refrigeradores, televisores, impresoras que muchas veces se tienen en los hogares sin posibilidad de reparaci\u00f3n y en almacenaje.<\/p><p>El volumen que se conjunte ser\u00e1 entregado el 22 de mayo a la Secretar\u00eda de Medio Ambiente y Recursos Naturales de Hidalgo, para su correcto confinamiento.<\/p><p>Normalmente estas campa\u00f1as de acopio se realizan dos veces al a\u00f1o, con lo cual se ofrece a la ciudadan\u00eda una alternativa para canalizar material reciclable y as\u00ed no sea depositado de manera incorrecta a espacios o contenedores, propiciando contaminaci\u00f3n ambiental.<\/p><p>Hay aditamentos cuyos componentes, tienen alto grado de toxicidad y para ello requieren de un manejo especial, de ah\u00ed que esta campa\u00f1a impulsada por el orden estatal, abone a destinar esos objetos para manejo ecol\u00f3gico.<\/p><p>Para cualquier duda en torno a la campa\u00f1a estatal Reciclando Transformamos Hidalgo, el tel\u00e9fono de la Direcci\u00f3n de Medio Ambiente de Tulancingo es 7757558450 extensi\u00f3n 2143<\/p><p>Se reiter\u00f3 que, en caso de donaciones de amplio volumen, la Di<\/p>\t\t\t\t\t\t<\/div>\n\t\t\t\t<\/div>\n\t\t\t\t\t<\/div>\n\t\t<\/div>\n\t\t\t\t\t\t\t<\/div>\n\t\t<\/section>\n\t\t\t\t\t\t\t<\/div>\n\t\t","protected":false},"excerpt":{"rendered":"<p>*Velar\u00eda y Pol\u00edgonos ser\u00e1n centros de\u00a0 acopio del 15 a 19 de mayo. Tulancingo, Hgo., 13 de mayo del 2023.&#8211; El director de Medio Ambiente, F\u00e9lix Ch\u00e1vez San Juan, inform\u00f3 que a invitaci\u00f3n de la secretar\u00eda del Medio Ambiente en Hidalgo, Tulancingo se sumar\u00e1 a la campa\u00f1a estatal Reciclando Transformamos Hidalgo. En este sentido, la [&hellip;]<\/p>\n","protected":false},"author":1,"featured_media":8473,"comment_status":"closed","ping_status":"closed","sticky":false,"template":"","format":"standard","meta":[],"categories":[22],"tags":[],"_links":{"self":[{"href":"https:\/\/www.diarionoti7.com.mx\/index.php?rest_route=\/wp\/v2\/posts\/8465"}],"collection":[{"href":"https:\/\/www.diarionoti7.com.mx\/index.php?rest_route=\/wp\/v2\/posts"}],"about":[{"href":"https:\/\/www.diarionoti7.com.mx\/index.php?rest_route=\/wp\/v2\/types\/post"}],"author":[{"embeddable":true,"href":"https:\/\/www.diarionoti7.com.mx\/index.php?rest_route=\/wp\/v2\/users\/1"}],"replies":[{"embeddable":true,"href":"https:\/\/www.diarionoti7.com.mx\/index.php?rest_route=%2Fwp%2Fv2%2Fcomments&post=8465"}],"version-history":[{"count":7,"href":"https:\/\/www.diarionoti7.com.mx\/index.php?rest_route=\/wp\/v2\/posts\/8465\/revisions"}],"predecessor-version":[{"id":8476,"href":"https:\/\/www.diarionoti7.com.mx\/index.php?rest_route=\/wp\/v2\/posts\/8465\/revisions\/8476"}],"wp:featuredmedia":[{"embeddable":true,"href":"https:\/\/www.diarionoti7.com.mx\/index.php?rest_route=\/wp\/v2\/media\/8473"}],"wp:attachment":[{"href":"https:\/\/www.diarionoti7.com.mx\/index.php?rest_route=%2Fwp%2Fv2%2Fmedia&parent=8465"}],"wp:term":[{"taxonomy":"category","embeddable":true,"href":"https:\/\/www.diarionoti7.com.mx\/index.php?rest_route=%2Fwp%2Fv2%2Fcategories&post=8465"},{"taxonomy":"post_tag","embeddable":true,"href":"https:\/\/www.diarionoti7.com.mx\/index.php?rest_route=%2Fwp%2Fv2%2Ftags&post=8465"}],"curies":[{"name":"wp","href":"https:\/\/api.w.org\/{rel}","templated":true}]}}