{"id":8421,"date":"2023-05-13T17:02:21","date_gmt":"2023-05-13T17:02:21","guid":{"rendered":"https:\/\/www.diarionoti7.com.mx\/?p=8421"},"modified":"2023-05-13T17:06:10","modified_gmt":"2023-05-13T17:06:10","slug":"dif-hidalgo-inaugura-nuevo-centro-estimulacion-multisensorial-cems-el-caic-y-pamar-del-municipio-de-tlaxcoapan","status":"publish","type":"post","link":"https:\/\/www.diarionoti7.com.mx\/?p=8421","title":{"rendered":"Dif Hidalgo Inaugura Nuevo Centro Estimulaci\u00f3n Multisensorial (CEMS), el #CAIC y #PAMAR del municipio de Tlaxcoapan."},"content":{"rendered":"\t\t<div data-elementor-type=\"wp-post\" data-elementor-id=\"8421\" class=\"elementor elementor-8421\">\n\t\t\t\t\t\t\t\t\t<section class=\"elementor-section elementor-top-section elementor-element elementor-element-51c23a4c elementor-section-boxed elementor-section-height-default elementor-section-height-default\" data-id=\"51c23a4c\" data-element_type=\"section\">\n\t\t\t\t\t\t<div class=\"elementor-container elementor-column-gap-default\">\n\t\t\t\t\t<div class=\"elementor-column elementor-col-100 elementor-top-column elementor-element elementor-element-7d2e0b6e\" data-id=\"7d2e0b6e\" data-element_type=\"column\">\n\t\t\t<div class=\"elementor-widget-wrap elementor-element-populated\">\n\t\t\t\t\t\t\t\t<div class=\"elementor-element elementor-element-2f2290cd elementor-widget elementor-widget-text-editor\" data-id=\"2f2290cd\" data-element_type=\"widget\" data-widget_type=\"text-editor.default\">\n\t\t\t\t<div class=\"elementor-widget-container\">\n\t\t\t<style>\/*! elementor - v3.10.2 - 29-01-2023 *\/\n.elementor-widget-text-editor.elementor-drop-cap-view-stacked .elementor-drop-cap{background-color:#818a91;color:#fff}.elementor-widget-text-editor.elementor-drop-cap-view-framed .elementor-drop-cap{color:#818a91;border:3px solid;background-color:transparent}.elementor-widget-text-editor:not(.elementor-drop-cap-view-default) .elementor-drop-cap{margin-top:8px}.elementor-widget-text-editor:not(.elementor-drop-cap-view-default) .elementor-drop-cap-letter{width:1em;height:1em}.elementor-widget-text-editor .elementor-drop-cap{float:left;text-align:center;line-height:1;font-size:50px}.elementor-widget-text-editor .elementor-drop-cap-letter{display:inline-block}<\/style>\t\t\t\t\t\t\t\t\t\t<\/div>\n\t\t\t\t<\/div>\n\t\t\t\t\t<\/div>\n\t\t<\/div>\n\t\t\t\t\t\t\t<\/div>\n\t\t<\/section>\n\t\t\t\t<section class=\"elementor-section elementor-top-section elementor-element elementor-element-1da7a1e elementor-section-boxed elementor-section-height-default elementor-section-height-default\" data-id=\"1da7a1e\" data-element_type=\"section\">\n\t\t\t\t\t\t<div class=\"elementor-container elementor-column-gap-default\">\n\t\t\t\t\t<div class=\"elementor-column elementor-col-100 elementor-top-column elementor-element elementor-element-8451efe\" data-id=\"8451efe\" data-element_type=\"column\">\n\t\t\t<div class=\"elementor-widget-wrap elementor-element-populated\">\n\t\t\t\t\t\t\t\t<div class=\"elementor-element elementor-element-19003b8 elementor-widget elementor-widget-text-editor\" data-id=\"19003b8\" data-element_type=\"widget\" data-widget_type=\"text-editor.default\">\n\t\t\t\t<div class=\"elementor-widget-container\">\n\t\t\t\t\t\t\t<p><strong>Pachuca, Hgo. 12 de mayo 2023.- <\/strong>\u00a0Contruyendo un Hidalgo inclusivo y preocupado por la formaci\u00f3n de la ni\u00f1ez y el desarrollo de la poblaci\u00f3n discapacitada, Edda Vite, presidenta del Patronato del <a href=\"https:\/\/www.facebook.com\/hashtag\/difh?__eep__=6&amp;__cft__%5b0%5d=AZUbWGZdKwtdv5GLd_usDIZu3YRvTTj9VrLutDnJMcqkMpKlCX2eCJkfQpgCIcr60h1c3sqZa8FZvDZ2ki_KKnYhcQO6CCJG5jE2jRhF5hRatXG7CJT46lSeXXktJqxYZQaVI6eIqL1e91D6Q2ZTFo0N&amp;__tn__=*NK-R\">#DIFH<\/a> y <a href=\"https:\/\/www.facebook.com\/profile.php?id=100087285996981&amp;__cft__%5b0%5d=AZUbWGZdKwtdv5GLd_usDIZu3YRvTTj9VrLutDnJMcqkMpKlCX2eCJkfQpgCIcr60h1c3sqZa8FZvDZ2ki_KKnYhcQO6CCJG5jE2jRhF5hRatXG7CJT46lSeXXktJqxYZQaVI6eIqL1e91D6Q2ZTFo0N&amp;__tn__=-%5dK-R\">Javier Rodr\u00edguez Sagah\u00f3n<\/a>, titular del Sistema presidieron el evento del nuevo Centro Estimulaci\u00f3n Multisensorial (CEMS), el <a href=\"https:\/\/www.facebook.com\/hashtag\/caic?__eep__=6&amp;__cft__%5b0%5d=AZUbWGZdKwtdv5GLd_usDIZu3YRvTTj9VrLutDnJMcqkMpKlCX2eCJkfQpgCIcr60h1c3sqZa8FZvDZ2ki_KKnYhcQO6CCJG5jE2jRhF5hRatXG7CJT46lSeXXktJqxYZQaVI6eIqL1e91D6Q2ZTFo0N&amp;__tn__=*NK-R\">#CAIC<\/a> y <a href=\"https:\/\/www.facebook.com\/hashtag\/pamar?__eep__=6&amp;__cft__%5b0%5d=AZUbWGZdKwtdv5GLd_usDIZu3YRvTTj9VrLutDnJMcqkMpKlCX2eCJkfQpgCIcr60h1c3sqZa8FZvDZ2ki_KKnYhcQO6CCJG5jE2jRhF5hRatXG7CJT46lSeXXktJqxYZQaVI6eIqL1e91D6Q2ZTFo0N&amp;__tn__=*NK-R\">#PAMAR<\/a> del municipio de Tlaxcoapan.<\/p><p>La presidenta del Patronato y el titular del Sistema ingresaron a la <a href=\"https:\/\/www.facebook.com\/hashtag\/ubr?__eep__=6&amp;__cft__%5b0%5d=AZUbWGZdKwtdv5GLd_usDIZu3YRvTTj9VrLutDnJMcqkMpKlCX2eCJkfQpgCIcr60h1c3sqZa8FZvDZ2ki_KKnYhcQO6CCJG5jE2jRhF5hRatXG7CJT46lSeXXktJqxYZQaVI6eIqL1e91D6Q2ZTFo0N&amp;__tn__=*NK-R\">#UBR<\/a> municipal para presenciar junto a Aid\u00e9 Mart\u00ednez, presidenta del DIF municipal y Jaime P\u00e9rez, presidente de <a href=\"https:\/\/www.facebook.com\/hashtag\/tlaxcoapan?__eep__=6&amp;__cft__%5b0%5d=AZUbWGZdKwtdv5GLd_usDIZu3YRvTTj9VrLutDnJMcqkMpKlCX2eCJkfQpgCIcr60h1c3sqZa8FZvDZ2ki_KKnYhcQO6CCJG5jE2jRhF5hRatXG7CJT46lSeXXktJqxYZQaVI6eIqL1e91D6Q2ZTFo0N&amp;__tn__=*NK-R\">#Tlaxcoapan<\/a> una demostraci\u00f3n de la terapia de estimulaci\u00f3n del CEMS<\/p><p>Estos espacios brindan atenci\u00f3n a 71 ni\u00f1as, ni\u00f1os y adolescentes pertenecientes a grupos prioritarios para brindarles educaci\u00f3n preescolar as\u00ed como orientaci\u00f3n preventiva sobre riesgos psicosociales<\/p>\t\t\t\t\t\t<\/div>\n\t\t\t\t<\/div>\n\t\t\t\t\t<\/div>\n\t\t<\/div>\n\t\t\t\t\t\t\t<\/div>\n\t\t<\/section>\n\t\t\t\t\t\t\t<\/div>\n\t\t","protected":false},"excerpt":{"rendered":"<p>Pachuca, Hgo. 12 de mayo 2023.- \u00a0Contruyendo un Hidalgo inclusivo y preocupado por la formaci\u00f3n de la ni\u00f1ez y el desarrollo de la poblaci\u00f3n discapacitada, Edda Vite, presidenta del Patronato del #DIFH y Javier Rodr\u00edguez Sagah\u00f3n, titular del Sistema presidieron el evento del nuevo Centro Estimulaci\u00f3n Multisensorial (CEMS), el #CAIC y #PAMAR del municipio de [&hellip;]<\/p>\n","protected":false},"author":1,"featured_media":8432,"comment_status":"closed","ping_status":"closed","sticky":false,"template":"","format":"standard","meta":[],"categories":[7],"tags":[],"_links":{"self":[{"href":"https:\/\/www.diarionoti7.com.mx\/index.php?rest_route=\/wp\/v2\/posts\/8421"}],"collection":[{"href":"https:\/\/www.diarionoti7.com.mx\/index.php?rest_route=\/wp\/v2\/posts"}],"about":[{"href":"https:\/\/www.diarionoti7.com.mx\/index.php?rest_route=\/wp\/v2\/types\/post"}],"author":[{"embeddable":true,"href":"https:\/\/www.diarionoti7.com.mx\/index.php?rest_route=\/wp\/v2\/users\/1"}],"replies":[{"embeddable":true,"href":"https:\/\/www.diarionoti7.com.mx\/index.php?rest_route=%2Fwp%2Fv2%2Fcomments&post=8421"}],"version-history":[{"count":7,"href":"https:\/\/www.diarionoti7.com.mx\/index.php?rest_route=\/wp\/v2\/posts\/8421\/revisions"}],"predecessor-version":[{"id":8435,"href":"https:\/\/www.diarionoti7.com.mx\/index.php?rest_route=\/wp\/v2\/posts\/8421\/revisions\/8435"}],"wp:featuredmedia":[{"embeddable":true,"href":"https:\/\/www.diarionoti7.com.mx\/index.php?rest_route=\/wp\/v2\/media\/8432"}],"wp:attachment":[{"href":"https:\/\/www.diarionoti7.com.mx\/index.php?rest_route=%2Fwp%2Fv2%2Fmedia&parent=8421"}],"wp:term":[{"taxonomy":"category","embeddable":true,"href":"https:\/\/www.diarionoti7.com.mx\/index.php?rest_route=%2Fwp%2Fv2%2Fcategories&post=8421"},{"taxonomy":"post_tag","embeddable":true,"href":"https:\/\/www.diarionoti7.com.mx\/index.php?rest_route=%2Fwp%2Fv2%2Ftags&post=8421"}],"curies":[{"name":"wp","href":"https:\/\/api.w.org\/{rel}","templated":true}]}}