{"id":8384,"date":"2023-05-12T16:10:03","date_gmt":"2023-05-12T16:10:03","guid":{"rendered":"https:\/\/www.diarionoti7.com.mx\/?p=8384"},"modified":"2023-05-12T16:15:13","modified_gmt":"2023-05-12T16:15:13","slug":"el-presidente-andres-manuel-lopez-obrador-visita-este-viernes-a-hidalgo-julio-menchaca","status":"publish","type":"post","link":"https:\/\/www.diarionoti7.com.mx\/?p=8384","title":{"rendered":"El Presidente Andr\u00e9s Manuel L\u00f3pez Obrador Visita Este Viernes a Hidalgo: Julio Menchaca"},"content":{"rendered":"\t\t<div data-elementor-type=\"wp-post\" data-elementor-id=\"8384\" class=\"elementor elementor-8384\">\n\t\t\t\t\t\t\t\t\t<section class=\"elementor-section elementor-top-section elementor-element elementor-element-51c23a4c elementor-section-boxed elementor-section-height-default elementor-section-height-default\" data-id=\"51c23a4c\" data-element_type=\"section\">\n\t\t\t\t\t\t<div class=\"elementor-container elementor-column-gap-default\">\n\t\t\t\t\t<div class=\"elementor-column elementor-col-100 elementor-top-column elementor-element elementor-element-7d2e0b6e\" data-id=\"7d2e0b6e\" data-element_type=\"column\">\n\t\t\t<div class=\"elementor-widget-wrap elementor-element-populated\">\n\t\t\t\t\t\t\t\t<div class=\"elementor-element elementor-element-2f2290cd elementor-widget elementor-widget-text-editor\" data-id=\"2f2290cd\" data-element_type=\"widget\" data-widget_type=\"text-editor.default\">\n\t\t\t\t<div class=\"elementor-widget-container\">\n\t\t\t<style>\/*! elementor - v3.10.2 - 29-01-2023 *\/\n.elementor-widget-text-editor.elementor-drop-cap-view-stacked .elementor-drop-cap{background-color:#818a91;color:#fff}.elementor-widget-text-editor.elementor-drop-cap-view-framed .elementor-drop-cap{color:#818a91;border:3px solid;background-color:transparent}.elementor-widget-text-editor:not(.elementor-drop-cap-view-default) .elementor-drop-cap{margin-top:8px}.elementor-widget-text-editor:not(.elementor-drop-cap-view-default) .elementor-drop-cap-letter{width:1em;height:1em}.elementor-widget-text-editor .elementor-drop-cap{float:left;text-align:center;line-height:1;font-size:50px}.elementor-widget-text-editor .elementor-drop-cap-letter{display:inline-block}<\/style>\t\t\t\t\t\t\t\t\t\t<\/div>\n\t\t\t\t<\/div>\n\t\t\t\t\t<\/div>\n\t\t<\/div>\n\t\t\t\t\t\t\t<\/div>\n\t\t<\/section>\n\t\t\t\t<section class=\"elementor-section elementor-top-section elementor-element elementor-element-1da7a1e elementor-section-boxed elementor-section-height-default elementor-section-height-default\" data-id=\"1da7a1e\" data-element_type=\"section\">\n\t\t\t\t\t\t<div class=\"elementor-container elementor-column-gap-default\">\n\t\t\t\t\t<div class=\"elementor-column elementor-col-100 elementor-top-column elementor-element elementor-element-8451efe\" data-id=\"8451efe\" data-element_type=\"column\">\n\t\t\t<div class=\"elementor-widget-wrap elementor-element-populated\">\n\t\t\t\t\t\t\t\t<div class=\"elementor-element elementor-element-19003b8 elementor-widget elementor-widget-text-editor\" data-id=\"19003b8\" data-element_type=\"widget\" data-widget_type=\"text-editor.default\">\n\t\t\t\t<div class=\"elementor-widget-container\">\n\t\t\t\t\t\t\t<p><strong>*\u201cViene ma\u00f1ana al mediod\u00eda, viene a un recorrido a la refiner\u00eda, nos invit\u00f3 y vamos a aprovechar de r\u00e1pido para ver algunos temas\u201d,<\/strong><\/p><p><strong>Apan, Hgo, 11 de mayo 2023.- <\/strong>El presidente\u00a0Andr\u00e9s Manuel L\u00f3pez Obrador, visitar\u00e1 este viernes la\u00a0Refiner\u00eda de Tula, dio a conocer ante medios de comunicaci\u00f3n en Apan, el gobernador\u00a0Julio Menchaca Salazar.<\/p><p>Preciso el mandatario\u00a0 \u201cViene ma\u00f1ana al mediod\u00eda, viene a un recorrido a la refiner\u00eda, nos invit\u00f3 y vamos a aprovechar de r\u00e1pido para ver algunos temas\u201d.<\/p><p>Respecto a que Hidalgo tiene a nivel nacional un primer lugar en materia de transparencia, Menchaca Salazar destac\u00f3 que es un esfuerzo de la titular de la Secretar\u00eda de Hacienda local, Mar\u00eda Esther Ram\u00edrez Vargas y de a su equipo.<\/p><p>Hoy el mandatario asegur\u00f3 que este reconocimiento lo realiza la Secretar\u00eda de Hacienda y Cr\u00e9dito P\u00fablico federal para qu\u00e9 cu\u00e1l el ejercicio del dinero hoy a diferencia de otras administraciones se tenga bien ubicado en que est\u00e1 siendo utilizado.<\/p><p>Reitero el ejecutivo\u00a0 eststal \u201dY es un compromiso de esta administraci\u00f3n no solamente hacerlo bien, hacerlo eficiente, sino hacerlo p\u00fablico y que todo el mundo nos pueda calificar o criticar de ese ejercicio del dinero\u201d.<\/p><p>Respecto del anuncio del presiente de\u00a0 la que Hidalgo en materia de salud se integre al IMSS, advirtio que hay un avance importante para que la entidad se integre al IMSS Bienestar, pues existe un compromiso por parte del jefe del Ejecutivo federal, es medicinas y m\u00e9dicos para todos los hidalguenses.<\/p><p>Por ultimo, adelanto \u00a0que hay pl\u00e1ticas avanzadas con el Seguro Social realizar este proceso, por lo cual el gobierno estatal realiza la identificaci\u00f3n para ver el procedimiento correspondiente.<\/p><p>\u00a0<\/p>\t\t\t\t\t\t<\/div>\n\t\t\t\t<\/div>\n\t\t\t\t\t<\/div>\n\t\t<\/div>\n\t\t\t\t\t\t\t<\/div>\n\t\t<\/section>\n\t\t\t\t\t\t\t<\/div>\n\t\t","protected":false},"excerpt":{"rendered":"<p>*\u201cViene ma\u00f1ana al mediod\u00eda, viene a un recorrido a la refiner\u00eda, nos invit\u00f3 y vamos a aprovechar de r\u00e1pido para ver algunos temas\u201d, Apan, Hgo, 11 de mayo 2023.- El presidente\u00a0Andr\u00e9s Manuel L\u00f3pez Obrador, visitar\u00e1 este viernes la\u00a0Refiner\u00eda de Tula, dio a conocer ante medios de comunicaci\u00f3n en Apan, el gobernador\u00a0Julio Menchaca Salazar. Preciso el [&hellip;]<\/p>\n","protected":false},"author":1,"featured_media":8392,"comment_status":"closed","ping_status":"closed","sticky":false,"template":"","format":"standard","meta":[],"categories":[7],"tags":[],"_links":{"self":[{"href":"https:\/\/www.diarionoti7.com.mx\/index.php?rest_route=\/wp\/v2\/posts\/8384"}],"collection":[{"href":"https:\/\/www.diarionoti7.com.mx\/index.php?rest_route=\/wp\/v2\/posts"}],"about":[{"href":"https:\/\/www.diarionoti7.com.mx\/index.php?rest_route=\/wp\/v2\/types\/post"}],"author":[{"embeddable":true,"href":"https:\/\/www.diarionoti7.com.mx\/index.php?rest_route=\/wp\/v2\/users\/1"}],"replies":[{"embeddable":true,"href":"https:\/\/www.diarionoti7.com.mx\/index.php?rest_route=%2Fwp%2Fv2%2Fcomments&post=8384"}],"version-history":[{"count":4,"href":"https:\/\/www.diarionoti7.com.mx\/index.php?rest_route=\/wp\/v2\/posts\/8384\/revisions"}],"predecessor-version":[{"id":8395,"href":"https:\/\/www.diarionoti7.com.mx\/index.php?rest_route=\/wp\/v2\/posts\/8384\/revisions\/8395"}],"wp:featuredmedia":[{"embeddable":true,"href":"https:\/\/www.diarionoti7.com.mx\/index.php?rest_route=\/wp\/v2\/media\/8392"}],"wp:attachment":[{"href":"https:\/\/www.diarionoti7.com.mx\/index.php?rest_route=%2Fwp%2Fv2%2Fmedia&parent=8384"}],"wp:term":[{"taxonomy":"category","embeddable":true,"href":"https:\/\/www.diarionoti7.com.mx\/index.php?rest_route=%2Fwp%2Fv2%2Fcategories&post=8384"},{"taxonomy":"post_tag","embeddable":true,"href":"https:\/\/www.diarionoti7.com.mx\/index.php?rest_route=%2Fwp%2Fv2%2Ftags&post=8384"}],"curies":[{"name":"wp","href":"https:\/\/api.w.org\/{rel}","templated":true}]}}