{"id":83769,"date":"2025-07-05T09:44:38","date_gmt":"2025-07-05T09:44:38","guid":{"rendered":"https:\/\/www.diarionoti7.com.mx\/?p=83769"},"modified":"2025-07-05T17:45:44","modified_gmt":"2025-07-05T17:45:44","slug":"congreso-del-estado-capacita-a-municipios-sobre-la-ley-de-imagen-urbana","status":"publish","type":"post","link":"https:\/\/www.diarionoti7.com.mx\/?p=83769","title":{"rendered":"Congreso del Estado Capacita a Municipios Sobre La Ley de Imagen Urbana"},"content":{"rendered":"\t\t<div data-elementor-type=\"wp-post\" data-elementor-id=\"83769\" class=\"elementor elementor-83769\">\n\t\t\t\t\t\t\t\t\t<section class=\"elementor-section elementor-top-section elementor-element elementor-element-c09b8f0 elementor-section-boxed elementor-section-height-default elementor-section-height-default\" data-id=\"c09b8f0\" data-element_type=\"section\">\n\t\t\t\t\t\t<div class=\"elementor-container elementor-column-gap-default\">\n\t\t\t\t\t<div class=\"elementor-column elementor-col-100 elementor-top-column elementor-element elementor-element-955a561\" data-id=\"955a561\" data-element_type=\"column\">\n\t\t\t<div class=\"elementor-widget-wrap elementor-element-populated\">\n\t\t\t\t\t\t\t\t<div class=\"elementor-element elementor-element-0ce869c elementor-widget elementor-widget-text-editor\" data-id=\"0ce869c\" data-element_type=\"widget\" data-widget_type=\"text-editor.default\">\n\t\t\t\t<div class=\"elementor-widget-container\">\n\t\t\t<style>\/*! elementor - v3.10.2 - 29-01-2023 *\/\n.elementor-widget-text-editor.elementor-drop-cap-view-stacked .elementor-drop-cap{background-color:#818a91;color:#fff}.elementor-widget-text-editor.elementor-drop-cap-view-framed .elementor-drop-cap{color:#818a91;border:3px solid;background-color:transparent}.elementor-widget-text-editor:not(.elementor-drop-cap-view-default) .elementor-drop-cap{margin-top:8px}.elementor-widget-text-editor:not(.elementor-drop-cap-view-default) .elementor-drop-cap-letter{width:1em;height:1em}.elementor-widget-text-editor .elementor-drop-cap{float:left;text-align:center;line-height:1;font-size:50px}.elementor-widget-text-editor .elementor-drop-cap-letter{display:inline-block}<\/style>\t\t\t\t<p><strong>Pachuca, Hgo., 4 de julio de 2025.-<\/strong>La primera Comisi\u00f3n Permanente de Obras P\u00fablicas, Desarrollo Urbano y Vivienda del Congreso del Estado Libre y Soberano de Hidalgo, presidida por el diputado Juli\u00e1n Nochebuena Hern\u00e1ndez, llev\u00f3 a cabo la capacitaci\u00f3n \u201cLa imagen urbana del Hidalgo que queremos\u201d, dirigida a municipios, con el objetivo de fortalecer las capacidades de sus integrantes, mediante la difusi\u00f3n y comprensi\u00f3n de la Ley de Imagen Urbana para el Estado.<\/p><p>El presidente de la Junta de Gobierno, diputado Andr\u00e9s Vel\u00e1zquez V\u00e1zquez detall\u00f3 que es necesario generar reglamentos y normas, \u201cno podemos permitir que nuestro entorno est\u00e9 lleno de espectaculares, de pueblos con basura o autos abandonados en la v\u00eda p\u00fablica, que impactan en la imagen tur\u00edstica y atractiva de nuestras ciudades y localidades\u201d.<\/p><p>El legislador Juli\u00e1n Nochebuena Hern\u00e1ndez asegur\u00f3 que esta informaci\u00f3n ser\u00e1 de utilidad para generar una visi\u00f3n distinta de lo que implica la Ley de Imagen Urbana para el Estado de Hidalgo. \u201cElaboramos un plan para visitar cinco regiones: Pachuca, Tula-Tepeji, Actopan, Sierra y Huasteca para que los 84 municipios tengan acceso a esta capacitaci\u00f3n\u201d.<\/p><p>La legisladora Hilda Miranda Miranda, presidenta de la directiva de julio, indic\u00f3 que con esta capacitaci\u00f3n los servidores p\u00fablicos obtendr\u00e1n herramientas y conocimientos que les permitir\u00e1n actualizarse de manera eficiente y eficaz, generando comunidades y entornos m\u00e1s seguros.<\/p><p>Horacio Casta\u00f1eda Reyes, director general de Imagen y Desarrollo Urbano Sostenible de la Secretar\u00eda de Infraestructura P\u00fablica y Desarrollo Urbano Sostenible del estado, quien imparti\u00f3 la capacitaci\u00f3n, record\u00f3 que la ley fue aprobada y publicada en octubre de 2023, por iniciativa del gobernador Julio Menchaca Salazar; adem\u00e1s es la primera que existe a nivel nacional.<\/p><p>El ponente indic\u00f3 que este proyecto prioriza la intervenci\u00f3n de espacios armoniosos, ordenados y seguros que consideren las necesidades de grupos vulnerables, cumpliendo con dimensiones m\u00ednimas para el tr\u00e1nsito peatonal y manteniendo limpias las \u00e1reas. Tambi\u00e9n indic\u00f3 que debe existir una se\u00f1alizaci\u00f3n adecuada que no afecte a la comunidad.<\/p><p>Por otro lado, invit\u00f3 a las y los presidentes municipales a trabajar en conjunto y acercarse a la secretar\u00eda en caso de buscar orientaci\u00f3n.<\/p><p>La legisladora Yarabi Gonz\u00e1lez Mart\u00ednez invit\u00f3 a los asistentes a que sensibilicen a la poblaci\u00f3n y lleven este mensaje ante la importancia de cuidar la imagen de cada municipio.<\/p><p>La diputada Johana Montcerrat Hern\u00e1ndez P\u00e9rez solicit\u00f3 dar soluciones y estrategias para no afectar a comerciantes ante la falta de ordenamiento de mercados ambulantes en los municipios de Pachuca y Mineral de la Reforma.<\/p><p>En el evento tambi\u00e9n estuvieron presentes las diputadas Tania Meza Escorza, Diana Rangel Z\u00fa\u00f1iga, Mar\u00eda Guadalupe Cruz Monta\u00f1o, M\u00f3nica Leanett Reyes Mart\u00ednez y el diputado Miguel \u00c1ngel Moreno Zamora.<\/p><p>As\u00ed como las presidentas municipales de Santiago Tulantepec, Yanet Fern\u00e1ndez Fern\u00e1ndez; de Tlanalapa, Abril Mart\u00ednez Portillo; y los presidentes municipales de Cuautepec, Jorge Hern\u00e1ndez Araus; y de Mineral del Monte, Edmundo M\u00e9ndez Tejeda; adem\u00e1s de s\u00edndicos, regidores, tesoreros, directores generales de Obras P\u00fablicas y de Planeaci\u00f3n.<\/p>\t\t\t\t\t\t<\/div>\n\t\t\t\t<\/div>\n\t\t\t\t\t<\/div>\n\t\t<\/div>\n\t\t\t\t\t\t\t<\/div>\n\t\t<\/section>\n\t\t\t\t\t\t\t<\/div>\n\t\t","protected":false},"excerpt":{"rendered":"<p>Pachuca, Hgo., 4 de julio de 2025.-La primera Comisi\u00f3n Permanente de Obras P\u00fablicas, Desarrollo Urbano y Vivienda del Congreso del Estado Libre y Soberano de Hidalgo, presidida por el diputado Juli\u00e1n Nochebuena Hern\u00e1ndez, llev\u00f3 a cabo la capacitaci\u00f3n \u201cLa imagen urbana del Hidalgo que queremos\u201d, dirigida a municipios, con el objetivo de fortalecer las capacidades [&hellip;]<\/p>\n","protected":false},"author":1,"featured_media":83771,"comment_status":"closed","ping_status":"closed","sticky":false,"template":"","format":"standard","meta":[],"categories":[9],"tags":[],"_links":{"self":[{"href":"https:\/\/www.diarionoti7.com.mx\/index.php?rest_route=\/wp\/v2\/posts\/83769"}],"collection":[{"href":"https:\/\/www.diarionoti7.com.mx\/index.php?rest_route=\/wp\/v2\/posts"}],"about":[{"href":"https:\/\/www.diarionoti7.com.mx\/index.php?rest_route=\/wp\/v2\/types\/post"}],"author":[{"embeddable":true,"href":"https:\/\/www.diarionoti7.com.mx\/index.php?rest_route=\/wp\/v2\/users\/1"}],"replies":[{"embeddable":true,"href":"https:\/\/www.diarionoti7.com.mx\/index.php?rest_route=%2Fwp%2Fv2%2Fcomments&post=83769"}],"version-history":[{"count":4,"href":"https:\/\/www.diarionoti7.com.mx\/index.php?rest_route=\/wp\/v2\/posts\/83769\/revisions"}],"predecessor-version":[{"id":83774,"href":"https:\/\/www.diarionoti7.com.mx\/index.php?rest_route=\/wp\/v2\/posts\/83769\/revisions\/83774"}],"wp:featuredmedia":[{"embeddable":true,"href":"https:\/\/www.diarionoti7.com.mx\/index.php?rest_route=\/wp\/v2\/media\/83771"}],"wp:attachment":[{"href":"https:\/\/www.diarionoti7.com.mx\/index.php?rest_route=%2Fwp%2Fv2%2Fmedia&parent=83769"}],"wp:term":[{"taxonomy":"category","embeddable":true,"href":"https:\/\/www.diarionoti7.com.mx\/index.php?rest_route=%2Fwp%2Fv2%2Fcategories&post=83769"},{"taxonomy":"post_tag","embeddable":true,"href":"https:\/\/www.diarionoti7.com.mx\/index.php?rest_route=%2Fwp%2Fv2%2Ftags&post=83769"}],"curies":[{"name":"wp","href":"https:\/\/api.w.org\/{rel}","templated":true}]}}