{"id":8366,"date":"2023-05-12T16:05:00","date_gmt":"2023-05-12T16:05:00","guid":{"rendered":"https:\/\/www.diarionoti7.com.mx\/?p=8366"},"modified":"2023-05-12T16:06:17","modified_gmt":"2023-05-12T16:06:17","slug":"preside-edda-vite-la-v-reunion-regional-para-el-fortalecimiento-de-sistemas-municipales-de-la-region-8-en-ixmiquilpan","status":"publish","type":"post","link":"https:\/\/www.diarionoti7.com.mx\/?p=8366","title":{"rendered":"Preside Edda Vite la V Reunion Regional para el Fortalecimiento de Sistemas Municipales de la Region 8 en Ixmiquilpan"},"content":{"rendered":"\t\t<div data-elementor-type=\"wp-post\" data-elementor-id=\"8366\" class=\"elementor elementor-8366\">\n\t\t\t\t\t\t\t\t\t<section class=\"elementor-section elementor-top-section elementor-element elementor-element-51c23a4c elementor-section-boxed elementor-section-height-default elementor-section-height-default\" data-id=\"51c23a4c\" data-element_type=\"section\">\n\t\t\t\t\t\t<div class=\"elementor-container elementor-column-gap-default\">\n\t\t\t\t\t<div class=\"elementor-column elementor-col-100 elementor-top-column elementor-element elementor-element-7d2e0b6e\" data-id=\"7d2e0b6e\" data-element_type=\"column\">\n\t\t\t<div class=\"elementor-widget-wrap elementor-element-populated\">\n\t\t\t\t\t\t\t\t<div class=\"elementor-element elementor-element-2f2290cd elementor-widget elementor-widget-text-editor\" data-id=\"2f2290cd\" data-element_type=\"widget\" data-widget_type=\"text-editor.default\">\n\t\t\t\t<div class=\"elementor-widget-container\">\n\t\t\t<style>\/*! elementor - v3.10.2 - 29-01-2023 *\/\n.elementor-widget-text-editor.elementor-drop-cap-view-stacked .elementor-drop-cap{background-color:#818a91;color:#fff}.elementor-widget-text-editor.elementor-drop-cap-view-framed .elementor-drop-cap{color:#818a91;border:3px solid;background-color:transparent}.elementor-widget-text-editor:not(.elementor-drop-cap-view-default) .elementor-drop-cap{margin-top:8px}.elementor-widget-text-editor:not(.elementor-drop-cap-view-default) .elementor-drop-cap-letter{width:1em;height:1em}.elementor-widget-text-editor .elementor-drop-cap{float:left;text-align:center;line-height:1;font-size:50px}.elementor-widget-text-editor .elementor-drop-cap-letter{display:inline-block}<\/style>\t\t\t\t\t\t\t\t\t\t<\/div>\n\t\t\t\t<\/div>\n\t\t\t\t\t<\/div>\n\t\t<\/div>\n\t\t\t\t\t\t\t<\/div>\n\t\t<\/section>\n\t\t\t\t<section class=\"elementor-section elementor-top-section elementor-element elementor-element-1da7a1e elementor-section-boxed elementor-section-height-default elementor-section-height-default\" data-id=\"1da7a1e\" data-element_type=\"section\">\n\t\t\t\t\t\t<div class=\"elementor-container elementor-column-gap-default\">\n\t\t\t\t\t<div class=\"elementor-column elementor-col-100 elementor-top-column elementor-element elementor-element-8451efe\" data-id=\"8451efe\" data-element_type=\"column\">\n\t\t\t<div class=\"elementor-widget-wrap elementor-element-populated\">\n\t\t\t\t\t\t\t\t<div class=\"elementor-element elementor-element-19003b8 elementor-widget elementor-widget-text-editor\" data-id=\"19003b8\" data-element_type=\"widget\" data-widget_type=\"text-editor.default\">\n\t\t\t\t<div class=\"elementor-widget-container\">\n\t\t\t\t\t\t\t<p><strong>*Exhorta\u00a0 a las presidentas de los DIF\u00a0 de Alfajayucan, Cardonal, Chilcuautla, Nicol\u00e1s Flores, Tasquillo y Zimap\u00e1n a multiplicar esfuerzos para incrementar el presupuesto del que disponen y as\u00ed poder llevar m\u00e1s y mejores servicios a los sectores prioritarios.<\/strong><\/p><p><strong>*Se dio seguimiento a las acciones de reequipamiento de las Unidades B\u00e1sicas de Rehabilitaci\u00f3n (UBR) pertenecientes a Cardonal, Chilcuautla, Tasquillo y Zimap\u00e1n<\/strong><\/p><p><strong>Ixmiquilpan, Hgo. 12 de mayo 2023.- <\/strong>Ixmiquilpan fue sede la quinta Reuni\u00f3n Regional para el Fortalecimiento de Sistemas Municipales DIF, donde se dieron a conocer los programas y mecanismos de atenci\u00f3n a la poblaci\u00f3n vulnerable que se implementan a nivel estatal para impulsar el desarrollo y bienestar de las familias.<\/p><p>El encuentro fue encabezado por Edda Vite Ramos, presidenta del Patronato del DIF Hidalgo, quien exhort\u00f3 a las presidentas y directoras de los sistemas Alfajayucan, Cardonal, Chilcuautla, Nicol\u00e1s Flores, Tasquillo y Zimap\u00e1n, pertenecientes a la Regi\u00f3n 8, a multiplicar esfuerzos para incrementar el presupuesto del que disponen y as\u00ed poder llevar m\u00e1s y mejores servicios a los sectores prioritarios.<\/p><p>El objetivo de las reuniones, dijo, es que el personal de los DIF municipales sepa la importancia de los organismos, los cuales deben ser m\u00e1s humanos para cubrir las necesidades que tienen estos segmentos; adem\u00e1s, la funcionaria inform\u00f3 que, desde el inicio de la actual administraci\u00f3n, el Hospital del Ni\u00f1o DIF destin\u00f3 la cantidad de un mill\u00f3n 502 mil pesos a la atenci\u00f3n de las infancias provenientes de familias de escasos recursos.<\/p><p>Como parte de la jornada, se dio seguimiento a las acciones de reequipamiento de las Unidades B\u00e1sicas de Rehabilitaci\u00f3n (UBR) pertenecientes a Cardonal, Chilcuautla, Tasquillo y Zimap\u00e1n; asimismo, se efectu\u00f3 el Taller de Vinculaci\u00f3n Estatal y Municipal para la Atenci\u00f3n y Seguimiento de Casos de Violencia y Restituci\u00f3n de Derechos de Ni\u00f1as, Ni\u00f1os y Adolescentes en Alfajayucan, Cardonal y Chilcuautla, impartido por la Procuradur\u00eda de Protecci\u00f3n a NNAyF.<\/p>\t\t\t\t\t\t<\/div>\n\t\t\t\t<\/div>\n\t\t\t\t\t<\/div>\n\t\t<\/div>\n\t\t\t\t\t\t\t<\/div>\n\t\t<\/section>\n\t\t\t\t\t\t\t<\/div>\n\t\t","protected":false},"excerpt":{"rendered":"<p>*Exhorta\u00a0 a las presidentas de los DIF\u00a0 de Alfajayucan, Cardonal, Chilcuautla, Nicol\u00e1s Flores, Tasquillo y Zimap\u00e1n a multiplicar esfuerzos para incrementar el presupuesto del que disponen y as\u00ed poder llevar m\u00e1s y mejores servicios a los sectores prioritarios. *Se dio seguimiento a las acciones de reequipamiento de las Unidades B\u00e1sicas de Rehabilitaci\u00f3n (UBR) pertenecientes a [&hellip;]<\/p>\n","protected":false},"author":1,"featured_media":8368,"comment_status":"closed","ping_status":"closed","sticky":false,"template":"","format":"standard","meta":[],"categories":[7],"tags":[],"_links":{"self":[{"href":"https:\/\/www.diarionoti7.com.mx\/index.php?rest_route=\/wp\/v2\/posts\/8366"}],"collection":[{"href":"https:\/\/www.diarionoti7.com.mx\/index.php?rest_route=\/wp\/v2\/posts"}],"about":[{"href":"https:\/\/www.diarionoti7.com.mx\/index.php?rest_route=\/wp\/v2\/types\/post"}],"author":[{"embeddable":true,"href":"https:\/\/www.diarionoti7.com.mx\/index.php?rest_route=\/wp\/v2\/users\/1"}],"replies":[{"embeddable":true,"href":"https:\/\/www.diarionoti7.com.mx\/index.php?rest_route=%2Fwp%2Fv2%2Fcomments&post=8366"}],"version-history":[{"count":4,"href":"https:\/\/www.diarionoti7.com.mx\/index.php?rest_route=\/wp\/v2\/posts\/8366\/revisions"}],"predecessor-version":[{"id":8371,"href":"https:\/\/www.diarionoti7.com.mx\/index.php?rest_route=\/wp\/v2\/posts\/8366\/revisions\/8371"}],"wp:featuredmedia":[{"embeddable":true,"href":"https:\/\/www.diarionoti7.com.mx\/index.php?rest_route=\/wp\/v2\/media\/8368"}],"wp:attachment":[{"href":"https:\/\/www.diarionoti7.com.mx\/index.php?rest_route=%2Fwp%2Fv2%2Fmedia&parent=8366"}],"wp:term":[{"taxonomy":"category","embeddable":true,"href":"https:\/\/www.diarionoti7.com.mx\/index.php?rest_route=%2Fwp%2Fv2%2Fcategories&post=8366"},{"taxonomy":"post_tag","embeddable":true,"href":"https:\/\/www.diarionoti7.com.mx\/index.php?rest_route=%2Fwp%2Fv2%2Ftags&post=8366"}],"curies":[{"name":"wp","href":"https:\/\/api.w.org\/{rel}","templated":true}]}}