{"id":8323,"date":"2023-05-12T15:45:40","date_gmt":"2023-05-12T15:45:40","guid":{"rendered":"https:\/\/www.diarionoti7.com.mx\/?p=8323"},"modified":"2023-05-12T15:46:47","modified_gmt":"2023-05-12T15:46:47","slug":"por-primera-vez-habra-recurso-para-programa-de-salas-de-lectura-en-hidalgo-tania-meza","status":"publish","type":"post","link":"https:\/\/www.diarionoti7.com.mx\/?p=8323","title":{"rendered":"Por Primera Vez, Habr\u00e1 Recurso Para Programa de Salas de Lectura en Hidalgo: Tania Meza"},"content":{"rendered":"\t\t<div data-elementor-type=\"wp-post\" data-elementor-id=\"8323\" class=\"elementor elementor-8323\">\n\t\t\t\t\t\t\t\t\t<section class=\"elementor-section elementor-top-section elementor-element elementor-element-51c23a4c elementor-section-boxed elementor-section-height-default elementor-section-height-default\" data-id=\"51c23a4c\" data-element_type=\"section\">\n\t\t\t\t\t\t<div class=\"elementor-container elementor-column-gap-default\">\n\t\t\t\t\t<div class=\"elementor-column elementor-col-100 elementor-top-column elementor-element elementor-element-7d2e0b6e\" data-id=\"7d2e0b6e\" data-element_type=\"column\">\n\t\t\t<div class=\"elementor-widget-wrap elementor-element-populated\">\n\t\t\t\t\t\t\t\t<div class=\"elementor-element elementor-element-2f2290cd elementor-widget elementor-widget-text-editor\" data-id=\"2f2290cd\" data-element_type=\"widget\" data-widget_type=\"text-editor.default\">\n\t\t\t\t<div class=\"elementor-widget-container\">\n\t\t\t<style>\/*! elementor - v3.10.2 - 29-01-2023 *\/\n.elementor-widget-text-editor.elementor-drop-cap-view-stacked .elementor-drop-cap{background-color:#818a91;color:#fff}.elementor-widget-text-editor.elementor-drop-cap-view-framed .elementor-drop-cap{color:#818a91;border:3px solid;background-color:transparent}.elementor-widget-text-editor:not(.elementor-drop-cap-view-default) .elementor-drop-cap{margin-top:8px}.elementor-widget-text-editor:not(.elementor-drop-cap-view-default) .elementor-drop-cap-letter{width:1em;height:1em}.elementor-widget-text-editor .elementor-drop-cap{float:left;text-align:center;line-height:1;font-size:50px}.elementor-widget-text-editor .elementor-drop-cap-letter{display:inline-block}<\/style>\t\t\t\t\t\t\t\t\t\t<\/div>\n\t\t\t\t<\/div>\n\t\t\t\t\t<\/div>\n\t\t<\/div>\n\t\t\t\t\t\t\t<\/div>\n\t\t<\/section>\n\t\t\t\t<section class=\"elementor-section elementor-top-section elementor-element elementor-element-1da7a1e elementor-section-boxed elementor-section-height-default elementor-section-height-default\" data-id=\"1da7a1e\" data-element_type=\"section\">\n\t\t\t\t\t\t<div class=\"elementor-container elementor-column-gap-default\">\n\t\t\t\t\t<div class=\"elementor-column elementor-col-100 elementor-top-column elementor-element elementor-element-8451efe\" data-id=\"8451efe\" data-element_type=\"column\">\n\t\t\t<div class=\"elementor-widget-wrap elementor-element-populated\">\n\t\t\t\t\t\t\t\t<div class=\"elementor-element elementor-element-19003b8 elementor-widget elementor-widget-text-editor\" data-id=\"19003b8\" data-element_type=\"widget\" data-widget_type=\"text-editor.default\">\n\t\t\t\t<div class=\"elementor-widget-container\">\n\t\t\t\t\t\t\t<p><strong>*La Secretar\u00eda de Cultura realiz\u00f3 el Encuentro Estatal de Personas Mediadoras de Salas de Lectura, en la biblioteca Ricardo Garibay<\/strong><\/p><p><strong>*Mireya Sof\u00eda Trejo Orozco, coordinadora nacional del programa, asegur\u00f3 que las personas mediadoras son un ejemplo de vida<\/strong><\/p><p><strong>Pachuca, Hgo. 11 de mayo 2023.<\/strong>&#8211; La secretaria de Cultura de Hidalgo Tania Er\u00e9ndira Meza Escorza\u00a0 anunci\u00f3 que gracias a una co-inversi\u00f3n con la federaci\u00f3n, por primera vez, se tiene un recurso asignado para el programa de salas de lectura, durante la inauguraci\u00f3n del Encuentro Estatal de Personas Mediadoras de Salas de Lectura, en compa\u00f1\u00eda de la coordinadora nacional Mireya Sof\u00eda Trejo Orozco, en la Biblioteca Central del Estado de Hidalgo Ricardo Garibay.<\/p><p>Con el objetivo de propiciar un espacio de intercambio que favorezca la reflexi\u00f3n sobre su papel protag\u00f3nico en la promoci\u00f3n de las pr\u00e1cticas lectoras, Tania Meza agradeci\u00f3 a las y los mediadores porque \u201cporque en los tiempos oscuros de la cultura institucional quienes sostuvieron el barco a flote fueron ustedes\u201d.<\/p><p>Adem\u00e1s, destac\u00f3 la presencia de Mireya Trejo porque debido a ello puede consolidarse un proyecto que viene desde la federaci\u00f3n, el estado los municipios y la ciudadan\u00eda que se organiza para que la cultura no se caiga.<\/p><p>\u201cGracias por confiar en esta nueva etapa de la pol\u00edtica p\u00fablica cultural a nivel estatal, hac\u00eda mucho que no ten\u00edamos estos encuentros porque sin lectores es mucho m\u00e1s f\u00e1cil pasarle por encima a los derechos del pueblo, sin duda, la cultura ha sido indispensable en la construcci\u00f3n de los gobiernos populares. Quiero anunciar que la federaci\u00f3n nos ofreci\u00f3 una co-inversi\u00f3n para el programa, lo logramos, hoy tenemos un recurso asignado para las salas de lectura\u201d, declar\u00f3 Meza Escorza.<\/p><p>Adem\u00e1s, Mireya Sof\u00eda Trejo Orozco, coordinadora nacional del Programa de Salas de Lectura, asegur\u00f3 que las personas mediadoras son un ejemplo de vida, que tienen como caracter\u00edstica el amor a sus comunidades y a los libros, ya que, dijo, cuando se opta por la lectura compartida resulta un cambio cualitativo porque donde hay una sala de lectura se construye la paz y la inclusi\u00f3n.<\/p><p>\u201cHay personas aqu\u00ed con m\u00e1s de 20, 10, 8 a\u00f1os fomentando la lectura en sus comunidades y queremos dejar consolidadas las redes de colaboraci\u00f3n en territorio, que ninguna sala de lectura se sienta sola. Las y los mediadores son los protagonistas de este programa que lleva 28 a\u00f1os, queremos que sus voces se escuchen, este programa es punta de lanza para esa Rep\u00fablica de lectores y lectoras que queremos formar. Larga vida al Programa Nacional de Salas de Lectura\u201d, coment\u00f3 Trejo Orozco.<\/p><p>Posteriormente, entreg\u00f3 a mediadoras y mediadores un acervo inicial que consta de 100 libros Semilla y cosecha y Plumas al vuelo, as\u00ed como una colecci\u00f3n de textos sobre mediadores con trayectoria.<\/p><p>Brenda Linnette Alvarado Ram\u00edrez, de la Sala de Lectura \u201cBrujitos lectores\u201d, de Tlahuelilpan, expres\u00f3 que estos espacios hacen libres a las personas porque permiten construir sitios donde se generan espacios seguros.<\/p><p>\u201cEs necesario enfrentarse a la realidad de una comunidad, conocer sus necesidades y lucha de su gente para valorar utilizando como recurso la lectura. Conocemos a alguien a trav\u00e9s de sus palabras, todos somos libros abiertos, pero no todos hemos sido libros le\u00eddos\u201d, mencion\u00f3 Alvarado Ram\u00edrez.<\/p><p>Este primer encuentro estuvo conformado por la presentaci\u00f3n editorial de Todo lo que imagino es un derrumbe, de la escritora Yanira Garc\u00eda; los talleres de capacitaci\u00f3n \u201cPoes\u00eda para la ni\u00f1ez\u201d, \u201cConectando libro, conectando lectores\u201d, \u201cYo leo, t\u00fa lees, todas y todos leemos\u201d y \u201cEl peso de la palabra. Leer y escribir, cerrando el c\u00edrculo\u201d, los cuales fueron impartidos por mediadoras y mediadores de Apan, Metztitl\u00e1n, Progreso de Obreg\u00f3n y Tulancingo de Bravo.<\/p><p>Las mesas de di\u00e1logo \u201cVivencias en escuelas\u201d, \u201cCentros de internamiento para adolescentes\u201d y \u201cLenguas ind\u00edgenas\u201d, as\u00ed como lectura de poes\u00eda en voz alta por personas mediadoras de Acaxochitl\u00e1n, Epazoyucan, Mineral de la Reforma, Mixquiahuala de Ju\u00e1rez y Pachuca de Soto.<\/p><p>En el Encuentro Estatal de Personas Mediadoras de Salas de Lectura participaron m\u00e1s de 50 hidalguenses, lo cual fue posible gracias al Programa Nacional de Salas de Lectura (PNSL), que es una de las iniciativas m\u00e1s importantes de fomento al libro y la lectura de la Secretar\u00eda de Cultura del Gobierno de M\u00e9xico; actualmente, en M\u00e9xico existen 3 mil 843 salas de lectura en las 32 entidades.<\/p>\t\t\t\t\t\t<\/div>\n\t\t\t\t<\/div>\n\t\t\t\t\t<\/div>\n\t\t<\/div>\n\t\t\t\t\t\t\t<\/div>\n\t\t<\/section>\n\t\t\t\t\t\t\t<\/div>\n\t\t","protected":false},"excerpt":{"rendered":"<p>*La Secretar\u00eda de Cultura realiz\u00f3 el Encuentro Estatal de Personas Mediadoras de Salas de Lectura, en la biblioteca Ricardo Garibay *Mireya Sof\u00eda Trejo Orozco, coordinadora nacional del programa, asegur\u00f3 que las personas mediadoras son un ejemplo de vida Pachuca, Hgo. 11 de mayo 2023.&#8211; La secretaria de Cultura de Hidalgo Tania Er\u00e9ndira Meza Escorza\u00a0 anunci\u00f3 [&hellip;]<\/p>\n","protected":false},"author":1,"featured_media":8325,"comment_status":"closed","ping_status":"closed","sticky":false,"template":"","format":"standard","meta":[],"categories":[4],"tags":[],"_links":{"self":[{"href":"https:\/\/www.diarionoti7.com.mx\/index.php?rest_route=\/wp\/v2\/posts\/8323"}],"collection":[{"href":"https:\/\/www.diarionoti7.com.mx\/index.php?rest_route=\/wp\/v2\/posts"}],"about":[{"href":"https:\/\/www.diarionoti7.com.mx\/index.php?rest_route=\/wp\/v2\/types\/post"}],"author":[{"embeddable":true,"href":"https:\/\/www.diarionoti7.com.mx\/index.php?rest_route=\/wp\/v2\/users\/1"}],"replies":[{"embeddable":true,"href":"https:\/\/www.diarionoti7.com.mx\/index.php?rest_route=%2Fwp%2Fv2%2Fcomments&post=8323"}],"version-history":[{"count":4,"href":"https:\/\/www.diarionoti7.com.mx\/index.php?rest_route=\/wp\/v2\/posts\/8323\/revisions"}],"predecessor-version":[{"id":8328,"href":"https:\/\/www.diarionoti7.com.mx\/index.php?rest_route=\/wp\/v2\/posts\/8323\/revisions\/8328"}],"wp:featuredmedia":[{"embeddable":true,"href":"https:\/\/www.diarionoti7.com.mx\/index.php?rest_route=\/wp\/v2\/media\/8325"}],"wp:attachment":[{"href":"https:\/\/www.diarionoti7.com.mx\/index.php?rest_route=%2Fwp%2Fv2%2Fmedia&parent=8323"}],"wp:term":[{"taxonomy":"category","embeddable":true,"href":"https:\/\/www.diarionoti7.com.mx\/index.php?rest_route=%2Fwp%2Fv2%2Fcategories&post=8323"},{"taxonomy":"post_tag","embeddable":true,"href":"https:\/\/www.diarionoti7.com.mx\/index.php?rest_route=%2Fwp%2Fv2%2Ftags&post=8323"}],"curies":[{"name":"wp","href":"https:\/\/api.w.org\/{rel}","templated":true}]}}