{"id":8018,"date":"2023-05-09T17:07:14","date_gmt":"2023-05-09T17:07:14","guid":{"rendered":"https:\/\/www.diarionoti7.com.mx\/?p=8018"},"modified":"2023-05-09T17:10:18","modified_gmt":"2023-05-09T17:10:18","slug":"indemun-eligio-como-a-tulancingo-sede-de-encuentro-regional-de-la-guia-de-desempeno-municipal-2023","status":"publish","type":"post","link":"https:\/\/www.diarionoti7.com.mx\/?p=8018","title":{"rendered":"INDEMUN Eligio Como a Tulancingo Sede de Encuentro Regional de la Gu\u00eda de Desempe\u00f1o Municipal 2023"},"content":{"rendered":"\t\t<div data-elementor-type=\"wp-post\" data-elementor-id=\"8018\" class=\"elementor elementor-8018\">\n\t\t\t\t\t\t\t\t\t<section class=\"elementor-section elementor-top-section elementor-element elementor-element-51c23a4c elementor-section-boxed elementor-section-height-default elementor-section-height-default\" data-id=\"51c23a4c\" data-element_type=\"section\">\n\t\t\t\t\t\t<div class=\"elementor-container elementor-column-gap-default\">\n\t\t\t\t\t<div class=\"elementor-column elementor-col-100 elementor-top-column elementor-element elementor-element-7d2e0b6e\" data-id=\"7d2e0b6e\" data-element_type=\"column\">\n\t\t\t<div class=\"elementor-widget-wrap elementor-element-populated\">\n\t\t\t\t\t\t\t\t<div class=\"elementor-element elementor-element-2f2290cd elementor-widget elementor-widget-text-editor\" data-id=\"2f2290cd\" data-element_type=\"widget\" data-widget_type=\"text-editor.default\">\n\t\t\t\t<div class=\"elementor-widget-container\">\n\t\t\t<style>\/*! elementor - v3.10.2 - 29-01-2023 *\/\n.elementor-widget-text-editor.elementor-drop-cap-view-stacked .elementor-drop-cap{background-color:#818a91;color:#fff}.elementor-widget-text-editor.elementor-drop-cap-view-framed .elementor-drop-cap{color:#818a91;border:3px solid;background-color:transparent}.elementor-widget-text-editor:not(.elementor-drop-cap-view-default) .elementor-drop-cap{margin-top:8px}.elementor-widget-text-editor:not(.elementor-drop-cap-view-default) .elementor-drop-cap-letter{width:1em;height:1em}.elementor-widget-text-editor .elementor-drop-cap{float:left;text-align:center;line-height:1;font-size:50px}.elementor-widget-text-editor .elementor-drop-cap-letter{display:inline-block}<\/style>\t\t\t\t\t\t\t\t\t\t<\/div>\n\t\t\t\t<\/div>\n\t\t\t\t\t<\/div>\n\t\t<\/div>\n\t\t\t\t\t\t\t<\/div>\n\t\t<\/section>\n\t\t\t\t<section class=\"elementor-section elementor-top-section elementor-element elementor-element-1da7a1e elementor-section-boxed elementor-section-height-default elementor-section-height-default\" data-id=\"1da7a1e\" data-element_type=\"section\">\n\t\t\t\t\t\t<div class=\"elementor-container elementor-column-gap-default\">\n\t\t\t\t\t<div class=\"elementor-column elementor-col-100 elementor-top-column elementor-element elementor-element-8451efe\" data-id=\"8451efe\" data-element_type=\"column\">\n\t\t\t<div class=\"elementor-widget-wrap elementor-element-populated\">\n\t\t\t\t\t\t\t\t<div class=\"elementor-element elementor-element-19003b8 elementor-widget elementor-widget-text-editor\" data-id=\"19003b8\" data-element_type=\"widget\" data-widget_type=\"text-editor.default\">\n\t\t\t\t<div class=\"elementor-widget-container\">\n\t\t\t\t\t\t\t<p><strong>*Se efectuar\u00e1\u00a0 el pr\u00f3ximo 19 de mayo <\/strong><\/p><p><strong>Tulancingo, Hgo. 8 de mayo de 2023.-<\/strong>En seguimiento a los trabajos de la Gu\u00eda Consultiva de Desempe\u00f1o Municipal 2023 y en reconocimiento a que Tulancingo est\u00e1 dentro de los tres primeros lugares en calificaci\u00f3n de esta gu\u00eda, el Instituto Hidalguense para el Desarrollo Municipal INDEMUN, eligi\u00f3 a Tulancingo como sede regional del evento denominado \u201cTransformaci\u00f3n de la Administraci\u00f3n Municipal a trav\u00e9s de la Gu\u00eda Consultiva de Desempe\u00f1o, a verificarse este 19 de mayo en el auditorio Benito Ju\u00e1rez de presidencia.<\/p><p>As\u00ed lo inform\u00f3 el titular de la Unidad T\u00e9cnica de Evaluaci\u00f3n al\u00a0 desempe\u00f1o, Jos\u00e9 Ignacio Ornelas G\u00f3mez quien resalto la presencia de 26 municipios y Tulancingo como anfitri\u00f3n.<\/p><p>Entre los municipios asistentes a este evento est\u00e1n: Acatl\u00e1n; Acaxochitl\u00e1n, Agua Blanca, Almoloya; Apan; Cuautepec; Emiliano Zapata; Epazoyucan; Huasca de Ocampo, Huehuetla, Metepec, Mineral de la Reforma; Mineral del Monte; Omitl\u00e1n; Pachuca; San Bartolo; Santiago Tulantepec y Singuilucan.<\/p><p>Asimismo, Tenango de Doria, Tepeapulco, Tizayuca; Tlanalapa, Tolcayuca; Villa de Tezontepec, Zapotl\u00e1n y Zempoala.<\/p><p>El pr\u00f3ximo 19 de mayo se estar\u00e1 realizando a partir de las 11:00 horas, la promoci\u00f3n al desarrollo municipalista, mediante la participaci\u00f3n activa y coordinada de las autoridades municipales, en coordinaci\u00f3n con el INDEMUN,\u00a0 para desarrollar estrategias que impulsen el fortalecimiento de capacidades institucionales de los ayuntamientos.<\/p><p>Los municipios asistentes a este encuentro, son quienes participan en la Gu\u00eda Consultiva de Desempe\u00f1o 2023; y este encuentro les\u00a0 favorecer\u00e1 asesor\u00eda objetiva para la conformaci\u00f3n de evidencias documentales que sustenten el diagn\u00f3stico de la referida gu\u00eda.<\/p><p>De la misma manera, los ayuntamientos podr\u00e1n compartir buenas pr\u00e1cticas\u00a0 y\u00a0 detalles de su implementaci\u00f3n para la mejora de resultados en los indicadores (de rezago a \u00f3ptimo).<\/p><p>En el caso de Tulancingo se ha evolucionado en calificaciones de la referida Gu\u00eda en los \u00faltimos tres a\u00f1os y la meta es lograr\u00a0 el 100 por ciento de acreditaci\u00f3n a los 115 indicadores en optimo, y con esto avanzar en las buenas pr\u00e1cticas de gobernanza local.<\/p>\t\t\t\t\t\t<\/div>\n\t\t\t\t<\/div>\n\t\t\t\t\t<\/div>\n\t\t<\/div>\n\t\t\t\t\t\t\t<\/div>\n\t\t<\/section>\n\t\t\t\t\t\t\t<\/div>\n\t\t","protected":false},"excerpt":{"rendered":"<p>*Se efectuar\u00e1\u00a0 el pr\u00f3ximo 19 de mayo Tulancingo, Hgo. 8 de mayo de 2023.-En seguimiento a los trabajos de la Gu\u00eda Consultiva de Desempe\u00f1o Municipal 2023 y en reconocimiento a que Tulancingo est\u00e1 dentro de los tres primeros lugares en calificaci\u00f3n de esta gu\u00eda, el Instituto Hidalguense para el Desarrollo Municipal INDEMUN, eligi\u00f3 a Tulancingo [&hellip;]<\/p>\n","protected":false},"author":1,"featured_media":8020,"comment_status":"closed","ping_status":"closed","sticky":false,"template":"","format":"standard","meta":[],"categories":[9],"tags":[],"_links":{"self":[{"href":"https:\/\/www.diarionoti7.com.mx\/index.php?rest_route=\/wp\/v2\/posts\/8018"}],"collection":[{"href":"https:\/\/www.diarionoti7.com.mx\/index.php?rest_route=\/wp\/v2\/posts"}],"about":[{"href":"https:\/\/www.diarionoti7.com.mx\/index.php?rest_route=\/wp\/v2\/types\/post"}],"author":[{"embeddable":true,"href":"https:\/\/www.diarionoti7.com.mx\/index.php?rest_route=\/wp\/v2\/users\/1"}],"replies":[{"embeddable":true,"href":"https:\/\/www.diarionoti7.com.mx\/index.php?rest_route=%2Fwp%2Fv2%2Fcomments&post=8018"}],"version-history":[{"count":4,"href":"https:\/\/www.diarionoti7.com.mx\/index.php?rest_route=\/wp\/v2\/posts\/8018\/revisions"}],"predecessor-version":[{"id":8023,"href":"https:\/\/www.diarionoti7.com.mx\/index.php?rest_route=\/wp\/v2\/posts\/8018\/revisions\/8023"}],"wp:featuredmedia":[{"embeddable":true,"href":"https:\/\/www.diarionoti7.com.mx\/index.php?rest_route=\/wp\/v2\/media\/8020"}],"wp:attachment":[{"href":"https:\/\/www.diarionoti7.com.mx\/index.php?rest_route=%2Fwp%2Fv2%2Fmedia&parent=8018"}],"wp:term":[{"taxonomy":"category","embeddable":true,"href":"https:\/\/www.diarionoti7.com.mx\/index.php?rest_route=%2Fwp%2Fv2%2Fcategories&post=8018"},{"taxonomy":"post_tag","embeddable":true,"href":"https:\/\/www.diarionoti7.com.mx\/index.php?rest_route=%2Fwp%2Fv2%2Ftags&post=8018"}],"curies":[{"name":"wp","href":"https:\/\/api.w.org\/{rel}","templated":true}]}}