{"id":7967,"date":"2023-05-08T07:57:29","date_gmt":"2023-05-08T07:57:29","guid":{"rendered":"https:\/\/www.diarionoti7.com.mx\/?p=7967"},"modified":"2023-05-08T07:58:40","modified_gmt":"2023-05-08T07:58:40","slug":"hidalgo-quinto-lugar-nacional-con-la-tasa-de-desocupacion-mas-baja","status":"publish","type":"post","link":"https:\/\/www.diarionoti7.com.mx\/?p=7967","title":{"rendered":"Hidalgo Quinto Lugar Nacional Con La Tasa De Desocupaci\u00f3n M\u00e1s Baja"},"content":{"rendered":"\t\t<div data-elementor-type=\"wp-post\" data-elementor-id=\"7967\" class=\"elementor elementor-7967\">\n\t\t\t\t\t\t\t\t\t<section class=\"elementor-section elementor-top-section elementor-element elementor-element-51c23a4c elementor-section-boxed elementor-section-height-default elementor-section-height-default\" data-id=\"51c23a4c\" data-element_type=\"section\">\n\t\t\t\t\t\t<div class=\"elementor-container elementor-column-gap-default\">\n\t\t\t\t\t<div class=\"elementor-column elementor-col-100 elementor-top-column elementor-element elementor-element-7d2e0b6e\" data-id=\"7d2e0b6e\" data-element_type=\"column\">\n\t\t\t<div class=\"elementor-widget-wrap elementor-element-populated\">\n\t\t\t\t\t\t\t\t<div class=\"elementor-element elementor-element-2f2290cd elementor-widget elementor-widget-text-editor\" data-id=\"2f2290cd\" data-element_type=\"widget\" data-widget_type=\"text-editor.default\">\n\t\t\t\t<div class=\"elementor-widget-container\">\n\t\t\t<style>\/*! elementor - v3.10.2 - 29-01-2023 *\/\n.elementor-widget-text-editor.elementor-drop-cap-view-stacked .elementor-drop-cap{background-color:#818a91;color:#fff}.elementor-widget-text-editor.elementor-drop-cap-view-framed .elementor-drop-cap{color:#818a91;border:3px solid;background-color:transparent}.elementor-widget-text-editor:not(.elementor-drop-cap-view-default) .elementor-drop-cap{margin-top:8px}.elementor-widget-text-editor:not(.elementor-drop-cap-view-default) .elementor-drop-cap-letter{width:1em;height:1em}.elementor-widget-text-editor .elementor-drop-cap{float:left;text-align:center;line-height:1;font-size:50px}.elementor-widget-text-editor .elementor-drop-cap-letter{display:inline-block}<\/style>\t\t\t\t\t\t\t\t\t\t<\/div>\n\t\t\t\t<\/div>\n\t\t\t\t\t<\/div>\n\t\t<\/div>\n\t\t\t\t\t\t\t<\/div>\n\t\t<\/section>\n\t\t\t\t<section class=\"elementor-section elementor-top-section elementor-element elementor-element-1da7a1e elementor-section-boxed elementor-section-height-default elementor-section-height-default\" data-id=\"1da7a1e\" data-element_type=\"section\">\n\t\t\t\t\t\t<div class=\"elementor-container elementor-column-gap-default\">\n\t\t\t\t\t<div class=\"elementor-column elementor-col-100 elementor-top-column elementor-element elementor-element-8451efe\" data-id=\"8451efe\" data-element_type=\"column\">\n\t\t\t<div class=\"elementor-widget-wrap elementor-element-populated\">\n\t\t\t\t\t\t\t\t<div class=\"elementor-element elementor-element-19003b8 elementor-widget elementor-widget-text-editor\" data-id=\"19003b8\" data-element_type=\"widget\" data-widget_type=\"text-editor.default\">\n\t\t\t\t<div class=\"elementor-widget-container\">\n\t\t\t\t\t\t\t<p><strong>*Fomento a la inversi\u00f3n y el impulso a la industria local\u00a0 contribuye a la reducci\u00f3n de la tasa de desocupaci\u00f3n<\/strong><\/p><p><strong>*De febrero a marzo, Hidalgo registr\u00f3 una reducci\u00f3n en la tasa de desocupaci\u00f3n de 1.2 puntos porcentuales<\/strong><\/p><p><strong>Mineral de la Reforma, Hgo. 7 de mayo 223.- <\/strong>Durante marzo, Hidalgo se posicion\u00f3 en el quinto lugar nacional con la tasa de desocupaci\u00f3n m\u00e1s baja, de acuerdo con datos de la Encuesta Nacional de Ocupaci\u00f3n y Empleo (ENOE) de Inegi, inform\u00f3 el titular de la Secretar\u00eda del Trabajo y Previsi\u00f3n Social de Hidalgo (STPSH), Oscar Javier Gonz\u00e1lez Hern\u00e1ndez.<\/p><p>Refiri\u00f3 que la pol\u00edtica de fomento a la inversi\u00f3n, el impulso a la industria local, as\u00ed como la vinculaci\u00f3n y la capacitaci\u00f3n laboral, implementada por el gobernador Julio Menchaca Salazar, son elementos que contribuyen a la reducci\u00f3n de la tasa de desocupaci\u00f3n.<\/p><p>Precis\u00f3 que la entidad, en el mes mencionado, registr\u00f3 una tasa de desocupaci\u00f3n de 1.6 por ciento que, en comparaci\u00f3n con febrero, mostr\u00f3 una reducci\u00f3n de 1.2 puntos porcentuales, lo que equivale a 17 mil 400 personas menos desocupadas, cifra significativa que indica una tendencia positiva en la generaci\u00f3n de empleos en el estado.<\/p><p>Las acciones coordinadas entre las distintas dependencias han permitido la creaci\u00f3n de nuevas oportunidades de trabajo, lo que repercute en la disminuci\u00f3n de la tasa de desocupaci\u00f3n en Hidalgo, que se ubica como la m\u00e1s baja de los \u00faltimos 15 meses, indic\u00f3.<\/p><p>El secretario del Trabajo tambi\u00e9n subray\u00f3 que al contar con una poblaci\u00f3n econ\u00f3micamente activa y ocupada se generan m\u00e1s ingresos y se fortalece el mercado interno que, en consecuencia, contribuye al desarrollo econ\u00f3mico estatal.<\/p><p>Finalmente, puntualiz\u00f3 que el empleo brinda seguridad y estabilidad a las familias, lo que se traduce en una mejor calidad de vida para la poblaci\u00f3n en general, logrando as\u00ed el Hidalgo que queremos.<\/p><p>\u00a0<\/p>\t\t\t\t\t\t<\/div>\n\t\t\t\t<\/div>\n\t\t\t\t\t<\/div>\n\t\t<\/div>\n\t\t\t\t\t\t\t<\/div>\n\t\t<\/section>\n\t\t\t\t\t\t\t<\/div>\n\t\t","protected":false},"excerpt":{"rendered":"<p>*Fomento a la inversi\u00f3n y el impulso a la industria local\u00a0 contribuye a la reducci\u00f3n de la tasa de desocupaci\u00f3n *De febrero a marzo, Hidalgo registr\u00f3 una reducci\u00f3n en la tasa de desocupaci\u00f3n de 1.2 puntos porcentuales Mineral de la Reforma, Hgo. 7 de mayo 223.- Durante marzo, Hidalgo se posicion\u00f3 en el quinto lugar [&hellip;]<\/p>\n","protected":false},"author":1,"featured_media":7969,"comment_status":"closed","ping_status":"closed","sticky":false,"template":"","format":"standard","meta":[],"categories":[6],"tags":[],"_links":{"self":[{"href":"https:\/\/www.diarionoti7.com.mx\/index.php?rest_route=\/wp\/v2\/posts\/7967"}],"collection":[{"href":"https:\/\/www.diarionoti7.com.mx\/index.php?rest_route=\/wp\/v2\/posts"}],"about":[{"href":"https:\/\/www.diarionoti7.com.mx\/index.php?rest_route=\/wp\/v2\/types\/post"}],"author":[{"embeddable":true,"href":"https:\/\/www.diarionoti7.com.mx\/index.php?rest_route=\/wp\/v2\/users\/1"}],"replies":[{"embeddable":true,"href":"https:\/\/www.diarionoti7.com.mx\/index.php?rest_route=%2Fwp%2Fv2%2Fcomments&post=7967"}],"version-history":[{"count":4,"href":"https:\/\/www.diarionoti7.com.mx\/index.php?rest_route=\/wp\/v2\/posts\/7967\/revisions"}],"predecessor-version":[{"id":7972,"href":"https:\/\/www.diarionoti7.com.mx\/index.php?rest_route=\/wp\/v2\/posts\/7967\/revisions\/7972"}],"wp:featuredmedia":[{"embeddable":true,"href":"https:\/\/www.diarionoti7.com.mx\/index.php?rest_route=\/wp\/v2\/media\/7969"}],"wp:attachment":[{"href":"https:\/\/www.diarionoti7.com.mx\/index.php?rest_route=%2Fwp%2Fv2%2Fmedia&parent=7967"}],"wp:term":[{"taxonomy":"category","embeddable":true,"href":"https:\/\/www.diarionoti7.com.mx\/index.php?rest_route=%2Fwp%2Fv2%2Fcategories&post=7967"},{"taxonomy":"post_tag","embeddable":true,"href":"https:\/\/www.diarionoti7.com.mx\/index.php?rest_route=%2Fwp%2Fv2%2Ftags&post=7967"}],"curies":[{"name":"wp","href":"https:\/\/api.w.org\/{rel}","templated":true}]}}