{"id":7925,"date":"2023-05-07T08:13:04","date_gmt":"2023-05-07T08:13:04","guid":{"rendered":"https:\/\/www.diarionoti7.com.mx\/?p=7925"},"modified":"2023-05-07T08:14:00","modified_gmt":"2023-05-07T08:14:00","slug":"impulsa-contraloria-estatal-trabajo-conjunto-con-los-municipios","status":"publish","type":"post","link":"https:\/\/www.diarionoti7.com.mx\/?p=7925","title":{"rendered":"Impulsa Contralor\u00eda Estatal  Trabajo Conjunto Con Los Municipios"},"content":{"rendered":"\t\t<div data-elementor-type=\"wp-post\" data-elementor-id=\"7925\" class=\"elementor elementor-7925\">\n\t\t\t\t\t\t\t\t\t<section class=\"elementor-section elementor-top-section elementor-element elementor-element-51c23a4c elementor-section-boxed elementor-section-height-default elementor-section-height-default\" data-id=\"51c23a4c\" data-element_type=\"section\">\n\t\t\t\t\t\t<div class=\"elementor-container elementor-column-gap-default\">\n\t\t\t\t\t<div class=\"elementor-column elementor-col-100 elementor-top-column elementor-element elementor-element-7d2e0b6e\" data-id=\"7d2e0b6e\" data-element_type=\"column\">\n\t\t\t<div class=\"elementor-widget-wrap elementor-element-populated\">\n\t\t\t\t\t\t\t\t<div class=\"elementor-element elementor-element-2f2290cd elementor-widget elementor-widget-text-editor\" data-id=\"2f2290cd\" data-element_type=\"widget\" data-widget_type=\"text-editor.default\">\n\t\t\t\t<div class=\"elementor-widget-container\">\n\t\t\t<style>\/*! elementor - v3.10.2 - 29-01-2023 *\/\n.elementor-widget-text-editor.elementor-drop-cap-view-stacked .elementor-drop-cap{background-color:#818a91;color:#fff}.elementor-widget-text-editor.elementor-drop-cap-view-framed .elementor-drop-cap{color:#818a91;border:3px solid;background-color:transparent}.elementor-widget-text-editor:not(.elementor-drop-cap-view-default) .elementor-drop-cap{margin-top:8px}.elementor-widget-text-editor:not(.elementor-drop-cap-view-default) .elementor-drop-cap-letter{width:1em;height:1em}.elementor-widget-text-editor .elementor-drop-cap{float:left;text-align:center;line-height:1;font-size:50px}.elementor-widget-text-editor .elementor-drop-cap-letter{display:inline-block}<\/style>\t\t\t\t\t\t\t\t\t\t<\/div>\n\t\t\t\t<\/div>\n\t\t\t\t\t<\/div>\n\t\t<\/div>\n\t\t\t\t\t\t\t<\/div>\n\t\t<\/section>\n\t\t\t\t<section class=\"elementor-section elementor-top-section elementor-element elementor-element-1da7a1e elementor-section-boxed elementor-section-height-default elementor-section-height-default\" data-id=\"1da7a1e\" data-element_type=\"section\">\n\t\t\t\t\t\t<div class=\"elementor-container elementor-column-gap-default\">\n\t\t\t\t\t<div class=\"elementor-column elementor-col-100 elementor-top-column elementor-element elementor-element-8451efe\" data-id=\"8451efe\" data-element_type=\"column\">\n\t\t\t<div class=\"elementor-widget-wrap elementor-element-populated\">\n\t\t\t\t\t\t\t\t<div class=\"elementor-element elementor-element-19003b8 elementor-widget elementor-widget-text-editor\" data-id=\"19003b8\" data-element_type=\"widget\" data-widget_type=\"text-editor.default\">\n\t\t\t\t<div class=\"elementor-widget-container\">\n\t\t\t\t\t\t\t<ul><li><em>Junto con la comisi\u00f3n permanente, se establecen lineamientos<\/em><\/li><\/ul><p>La Secretar\u00eda de Contralor\u00eda, a trav\u00e9s de la\u00a0 Direcci\u00f3n General de \u00d3rganos de Control y Vigilancia, acord\u00f3 nuevos lineamientos con la Comisi\u00f3n Permanente de Contralores\u00a0 Estado &#8211; Municipios de Hidalgo.\u00a0<\/p><p>Esto refiere al cambio de enlace institucional en las regiones uno y cinco de Santiago de Anaya y Apan, y es parte del\u00a0 trabajo continuo, basado en\u00a0 el Plan Estatal de Desarrollo 2022-2028.<\/p><p>As\u00ed,\u00a0 la Contralor\u00eda brindar\u00e1 una constante atenci\u00f3n a los \u00d3rganos Internos de Control en los diferentes municipios, en colaboraci\u00f3n con las siete regiones del estado; se realizar\u00e1n diversas capacitaciones y se brindar\u00e1 el apoy\u00f3 continuo en los procesos correspondientes.\u00a0<\/p><p>Dichos hechos cumplen con los compromisos fijados por el gobierno que encabeza Julio Menchaca Salazar,\u00a0 quien ha enfatizado la importancia de no mentir, no robar y no traicionar al pueblo de Hidalgo.\u00a0<\/p><p>Cabe resaltar que la Comisi\u00f3n Permanente de Contralores Estado-Municipios de Hidalgo (CPCE-M), es el medio de vinculaci\u00f3n institucional entre las Contralor\u00edas municipales y la Contralor\u00eda de la entidad, por el cual la dependencia estatal colabora con asesor\u00edas y capacitaciones, que permiten el logro de un sistema unido de fiscalizaci\u00f3n, auditor\u00eda y contabilidad, logrando en conjunto el f\u00e1cil desarrollo de una administraci\u00f3n p\u00fablica actualizada, transparente, eficaz y eficiente.<\/p>\t\t\t\t\t\t<\/div>\n\t\t\t\t<\/div>\n\t\t\t\t\t<\/div>\n\t\t<\/div>\n\t\t\t\t\t\t\t<\/div>\n\t\t<\/section>\n\t\t\t\t\t\t\t<\/div>\n\t\t","protected":false},"excerpt":{"rendered":"<p>Junto con la comisi\u00f3n permanente, se establecen lineamientos La Secretar\u00eda de Contralor\u00eda, a trav\u00e9s de la\u00a0 Direcci\u00f3n General de \u00d3rganos de Control y Vigilancia, acord\u00f3 nuevos lineamientos con la Comisi\u00f3n Permanente de Contralores\u00a0 Estado &#8211; Municipios de Hidalgo.\u00a0 Esto refiere al cambio de enlace institucional en las regiones uno y cinco de Santiago de Anaya [&hellip;]<\/p>\n","protected":false},"author":1,"featured_media":7927,"comment_status":"closed","ping_status":"closed","sticky":false,"template":"","format":"standard","meta":[],"categories":[9],"tags":[],"_links":{"self":[{"href":"https:\/\/www.diarionoti7.com.mx\/index.php?rest_route=\/wp\/v2\/posts\/7925"}],"collection":[{"href":"https:\/\/www.diarionoti7.com.mx\/index.php?rest_route=\/wp\/v2\/posts"}],"about":[{"href":"https:\/\/www.diarionoti7.com.mx\/index.php?rest_route=\/wp\/v2\/types\/post"}],"author":[{"embeddable":true,"href":"https:\/\/www.diarionoti7.com.mx\/index.php?rest_route=\/wp\/v2\/users\/1"}],"replies":[{"embeddable":true,"href":"https:\/\/www.diarionoti7.com.mx\/index.php?rest_route=%2Fwp%2Fv2%2Fcomments&post=7925"}],"version-history":[{"count":4,"href":"https:\/\/www.diarionoti7.com.mx\/index.php?rest_route=\/wp\/v2\/posts\/7925\/revisions"}],"predecessor-version":[{"id":7930,"href":"https:\/\/www.diarionoti7.com.mx\/index.php?rest_route=\/wp\/v2\/posts\/7925\/revisions\/7930"}],"wp:featuredmedia":[{"embeddable":true,"href":"https:\/\/www.diarionoti7.com.mx\/index.php?rest_route=\/wp\/v2\/media\/7927"}],"wp:attachment":[{"href":"https:\/\/www.diarionoti7.com.mx\/index.php?rest_route=%2Fwp%2Fv2%2Fmedia&parent=7925"}],"wp:term":[{"taxonomy":"category","embeddable":true,"href":"https:\/\/www.diarionoti7.com.mx\/index.php?rest_route=%2Fwp%2Fv2%2Fcategories&post=7925"},{"taxonomy":"post_tag","embeddable":true,"href":"https:\/\/www.diarionoti7.com.mx\/index.php?rest_route=%2Fwp%2Fv2%2Ftags&post=7925"}],"curies":[{"name":"wp","href":"https:\/\/api.w.org\/{rel}","templated":true}]}}