{"id":78873,"date":"2025-05-16T08:44:27","date_gmt":"2025-05-16T08:44:27","guid":{"rendered":"https:\/\/www.diarionoti7.com.mx\/?p=78873"},"modified":"2025-05-16T17:45:09","modified_gmt":"2025-05-16T17:45:09","slug":"utvam-anuncia-carrera-atletica-corre-hacia-el-futuro","status":"publish","type":"post","link":"https:\/\/www.diarionoti7.com.mx\/?p=78873","title":{"rendered":"UTVAM Anuncia Carrera Atl\u00e9tica \u201cCorre Hacia el Futuro\u201d"},"content":{"rendered":"\t\t<div data-elementor-type=\"wp-post\" data-elementor-id=\"78873\" class=\"elementor elementor-78873\">\n\t\t\t\t\t\t\t\t\t<section class=\"elementor-section elementor-top-section elementor-element elementor-element-c09b8f0 elementor-section-boxed elementor-section-height-default elementor-section-height-default\" data-id=\"c09b8f0\" data-element_type=\"section\">\n\t\t\t\t\t\t<div class=\"elementor-container elementor-column-gap-default\">\n\t\t\t\t\t<div class=\"elementor-column elementor-col-100 elementor-top-column elementor-element elementor-element-955a561\" data-id=\"955a561\" data-element_type=\"column\">\n\t\t\t<div class=\"elementor-widget-wrap elementor-element-populated\">\n\t\t\t\t\t\t\t\t<div class=\"elementor-element elementor-element-0ce869c elementor-widget elementor-widget-text-editor\" data-id=\"0ce869c\" data-element_type=\"widget\" data-widget_type=\"text-editor.default\">\n\t\t\t\t<div class=\"elementor-widget-container\">\n\t\t\t<style>\/*! elementor - v3.10.2 - 29-01-2023 *\/\n.elementor-widget-text-editor.elementor-drop-cap-view-stacked .elementor-drop-cap{background-color:#818a91;color:#fff}.elementor-widget-text-editor.elementor-drop-cap-view-framed .elementor-drop-cap{color:#818a91;border:3px solid;background-color:transparent}.elementor-widget-text-editor:not(.elementor-drop-cap-view-default) .elementor-drop-cap{margin-top:8px}.elementor-widget-text-editor:not(.elementor-drop-cap-view-default) .elementor-drop-cap-letter{width:1em;height:1em}.elementor-widget-text-editor .elementor-drop-cap{float:left;text-align:center;line-height:1;font-size:50px}.elementor-widget-text-editor .elementor-drop-cap-letter{display:inline-block}<\/style>\t\t\t\t<p><strong>-Esta justa deportiva incluir\u00e1 una caminata con mascotas con el objetivo de recaudar croquetas para perritos<\/strong><\/p><p><strong>Pachuca, Hgo., 15 de mayo de 2025.-<\/strong>La Universidad Tecnol\u00f3gica de la Zona Metropolitana del Valle de M\u00e9xico (UTVAM) present\u00f3 oficialmente su primera carrera atl\u00e9tica \u201cCorre hacia el futuro, Carrera Tecnol\u00f3gica UTVAM 4.5K\u201d, a realizarse el domingo 18 de mayo.<\/p><p>La rectora de la UTVAM, Nadia Flores Mel\u00e9ndez, dio a conocer los detalles de esta competencia de 4.5 kil\u00f3metros de distancia, la cual iniciar\u00e1 desde la Ciudad Administrativa, recorrer\u00e1 las principales calles del centro de Tizayuca y tendr\u00e1 como meta las instalaciones de la UTVAM.<\/p><p>El objetivo de esta carrera es fortalecer la identidad universitaria, promover la salud y el deporte, y generar v\u00ednculos con la comunidad. Lo anterior alineado con la visi\u00f3n del gobernador del estado, Julio Menchaca Salazar, y del secretario de Educaci\u00f3n P\u00fablica de Hidalgo, Natividad Castrej\u00f3n Valdez, de fomentar actividades que fortalezcan la convivencia y el bienestar de todas y todos.<\/p><p>La carrera contar\u00e1 con dos categor\u00edas. En la categor\u00eda libre 4.5K, el primer lugar obtendr\u00e1 un premio de $2,000, el segundo lugar $1,500 y el tercer lugar $1,000. En la categor\u00eda UTVAM 4.5K, dirigida a la comunidad estudiantil, el primer lugar ser\u00e1 acreedor de $1,000 el segundo lugar de $750 y el tercer lugar de $500.<\/p><p>Esta justa deportiva incluir\u00e1 una caminata con mascotas, abierta a todo el p\u00fablico, con el objetivo de recaudar croquetas para perritos. Esta actividad refleja el compromiso social de la universidad.<\/p><p>\u201cUna universidad p\u00fablica debe ser tambi\u00e9n una universidad con sentido humano\u201d, afirm\u00f3 la rectora.<\/p><p>Asimismo, durante el anuncio de la justa deportiva, se present\u00f3 la camiseta oficial de la carrera, que porta con orgullo el lema \u201cCorre hacia el futuro\u201d y simboliza la fusi\u00f3n entre el deporte, la tecnolog\u00eda y el esp\u00edritu universitario.<\/p><p>\u00a0<\/p>\t\t\t\t\t\t<\/div>\n\t\t\t\t<\/div>\n\t\t\t\t\t<\/div>\n\t\t<\/div>\n\t\t\t\t\t\t\t<\/div>\n\t\t<\/section>\n\t\t\t\t\t\t\t<\/div>\n\t\t","protected":false},"excerpt":{"rendered":"<p>-Esta justa deportiva incluir\u00e1 una caminata con mascotas con el objetivo de recaudar croquetas para perritos Pachuca, Hgo., 15 de mayo de 2025.-La Universidad Tecnol\u00f3gica de la Zona Metropolitana del Valle de M\u00e9xico (UTVAM) present\u00f3 oficialmente su primera carrera atl\u00e9tica \u201cCorre hacia el futuro, Carrera Tecnol\u00f3gica UTVAM 4.5K\u201d, a realizarse el domingo 18 de mayo. [&hellip;]<\/p>\n","protected":false},"author":1,"featured_media":78875,"comment_status":"closed","ping_status":"closed","sticky":false,"template":"","format":"standard","meta":[],"categories":[8],"tags":[],"_links":{"self":[{"href":"https:\/\/www.diarionoti7.com.mx\/index.php?rest_route=\/wp\/v2\/posts\/78873"}],"collection":[{"href":"https:\/\/www.diarionoti7.com.mx\/index.php?rest_route=\/wp\/v2\/posts"}],"about":[{"href":"https:\/\/www.diarionoti7.com.mx\/index.php?rest_route=\/wp\/v2\/types\/post"}],"author":[{"embeddable":true,"href":"https:\/\/www.diarionoti7.com.mx\/index.php?rest_route=\/wp\/v2\/users\/1"}],"replies":[{"embeddable":true,"href":"https:\/\/www.diarionoti7.com.mx\/index.php?rest_route=%2Fwp%2Fv2%2Fcomments&post=78873"}],"version-history":[{"count":4,"href":"https:\/\/www.diarionoti7.com.mx\/index.php?rest_route=\/wp\/v2\/posts\/78873\/revisions"}],"predecessor-version":[{"id":78878,"href":"https:\/\/www.diarionoti7.com.mx\/index.php?rest_route=\/wp\/v2\/posts\/78873\/revisions\/78878"}],"wp:featuredmedia":[{"embeddable":true,"href":"https:\/\/www.diarionoti7.com.mx\/index.php?rest_route=\/wp\/v2\/media\/78875"}],"wp:attachment":[{"href":"https:\/\/www.diarionoti7.com.mx\/index.php?rest_route=%2Fwp%2Fv2%2Fmedia&parent=78873"}],"wp:term":[{"taxonomy":"category","embeddable":true,"href":"https:\/\/www.diarionoti7.com.mx\/index.php?rest_route=%2Fwp%2Fv2%2Fcategories&post=78873"},{"taxonomy":"post_tag","embeddable":true,"href":"https:\/\/www.diarionoti7.com.mx\/index.php?rest_route=%2Fwp%2Fv2%2Ftags&post=78873"}],"curies":[{"name":"wp","href":"https:\/\/api.w.org\/{rel}","templated":true}]}}