{"id":78866,"date":"2025-05-16T08:42:13","date_gmt":"2025-05-16T08:42:13","guid":{"rendered":"https:\/\/www.diarionoti7.com.mx\/?p=78866"},"modified":"2025-05-16T17:44:14","modified_gmt":"2025-05-16T17:44:14","slug":"mandataria-lorena-garcia-cazares-tomo-protesta-a-integrantes-de-los-consejos-de-comupo-y-comupea","status":"publish","type":"post","link":"https:\/\/www.diarionoti7.com.mx\/?p=78866","title":{"rendered":"Mandataria Lorena Garc\u00eda C\u00e1zares Tom\u00f3 Protesta  a Integrantes de Los Consejos de Comupo y Comupea"},"content":{"rendered":"\t\t<div data-elementor-type=\"wp-post\" data-elementor-id=\"78866\" class=\"elementor elementor-78866\">\n\t\t\t\t\t\t\t\t\t<section class=\"elementor-section elementor-top-section elementor-element elementor-element-c09b8f0 elementor-section-boxed elementor-section-height-default elementor-section-height-default\" data-id=\"c09b8f0\" data-element_type=\"section\">\n\t\t\t\t\t\t<div class=\"elementor-container elementor-column-gap-default\">\n\t\t\t\t\t<div class=\"elementor-column elementor-col-100 elementor-top-column elementor-element elementor-element-955a561\" data-id=\"955a561\" data-element_type=\"column\">\n\t\t\t<div class=\"elementor-widget-wrap elementor-element-populated\">\n\t\t\t\t\t\t\t\t<div class=\"elementor-element elementor-element-0ce869c elementor-widget elementor-widget-text-editor\" data-id=\"0ce869c\" data-element_type=\"widget\" data-widget_type=\"text-editor.default\">\n\t\t\t\t<div class=\"elementor-widget-container\">\n\t\t\t<style>\/*! elementor - v3.10.2 - 29-01-2023 *\/\n.elementor-widget-text-editor.elementor-drop-cap-view-stacked .elementor-drop-cap{background-color:#818a91;color:#fff}.elementor-widget-text-editor.elementor-drop-cap-view-framed .elementor-drop-cap{color:#818a91;border:3px solid;background-color:transparent}.elementor-widget-text-editor:not(.elementor-drop-cap-view-default) .elementor-drop-cap{margin-top:8px}.elementor-widget-text-editor:not(.elementor-drop-cap-view-default) .elementor-drop-cap-letter{width:1em;height:1em}.elementor-widget-text-editor .elementor-drop-cap{float:left;text-align:center;line-height:1;font-size:50px}.elementor-widget-text-editor .elementor-drop-cap-letter{display:inline-block}<\/style>\t\t\t\t<p>Tulancingo, Hgo., 15 de mayo de 2025.-Al encabezar la toma de protesta a integrantes del Consejo Municipal de Poblaci\u00f3n (COMUPO) y del Comit\u00e9 Municipal de Prevenci\u00f3n del Embarazo en Adolescentes (COMUPEA), la presidenta Lorena Garc\u00eda C\u00e1zares asumi\u00f3 junto a su gabinete el reto de centralizar esfuerzos con acciones coordinadas, interinstitucionales y efectivas para erradicar el embarazo infantil y adolescente, en apego a los objetivos de desarrollo sostenible 2030 y en alineaci\u00f3n a lo que se viene emprendiendo con \u00e9xito desde el orden estatal con el gobernador Julio Menchaca Salazar.<\/p><p>Ello qued\u00f3 formalizado en la primera sesi\u00f3n ordinaria en la que se cont\u00f3 con la presencia del maestro V\u00edctor Hugo Vidal \u00c1lvarez, secretario t\u00e9cnico del Consejo Estatal de poblaci\u00f3n del Estado de Hidalgo (COESPO), en representaci\u00f3n del secretario de gobierno Guillermo Olivares Reyna cuya responsabilidad radica en cambios poblacionales y la estructura demogr\u00e1fica.<\/p><p>En el marco de este acto solemne se comparti\u00f3 informaci\u00f3n muy relevante con base a Tulancingo, la cual, es una ciudad relativamente joven con alrededor de 168 mil 369 personas con edad mediana de 29 a\u00f1os e \u00edndice de marginaci\u00f3n bajo, ya que se ocupa el lugar 71 dentro de los 84 municipios de Hidalgo.<\/p><p>Ese dato, dista al grado de envejecimiento m\u00e1s activo y grande que muestra la ciudad de M\u00e9xico compar\u00e1ndose con datos de toda la rep\u00fablica mexicana, con una edad media de 34 a\u00f1os.<\/p><p>Tambi\u00e9n se resalt\u00f3 que Tulancingo tiene otra composici\u00f3n muy importante que no debe perderse de vista, pues cuenta con el 25 por ciento de su poblaci\u00f3n que a\u00fan no cumple 15 a\u00f1os.<\/p><p>De ah\u00ed la importancia de orientar acciones precisas para afianzar un futuro sostenible para que esta poblaci\u00f3n pueda desarrollarse plenamente y reconoci\u00e9ndolos como sujetos de derechos que pueden verse afectados con el embarazo prematuro principalmente.<\/p><p>Previo a firmar el acta de esta primera sesi\u00f3n del COMUPO Y COMUPEA, la presidenta Lorena Garc\u00eda C\u00e1zares expres\u00f3 que sin duda Tulancingo es un municipio con alto potencial y ser\u00e1 menester del gobierno municipal, generar las oportunidades tanto para la poblaci\u00f3n menor de 15 a\u00f1os, as\u00ed como para el grupo etario de 15 a 29 a\u00f1os, sentando las bases a futuro.<\/p><p>Y adicionalmente tambi\u00e9n se pondr\u00e1 especial atenci\u00f3n al fen\u00f3meno del envejecimiento para que cuenten con salud y cuidados dignos.<\/p><p>La primera sesi\u00f3n congreg\u00f3 a integrantes del ayuntamiento, funcionarios municipales, autoridades educativas y del sector salud, quienes celebraron que exista total voluntad para encausar pol\u00edticas p\u00fablicas que marquen la diferencia a trav\u00e9s de este COMUPO y COMUPEA que son herramientas fundamentales para el desarrollo local.<\/p>\t\t\t\t\t\t<\/div>\n\t\t\t\t<\/div>\n\t\t\t\t\t<\/div>\n\t\t<\/div>\n\t\t\t\t\t\t\t<\/div>\n\t\t<\/section>\n\t\t\t\t\t\t\t<\/div>\n\t\t","protected":false},"excerpt":{"rendered":"<p>Tulancingo, Hgo., 15 de mayo de 2025.-Al encabezar la toma de protesta a integrantes del Consejo Municipal de Poblaci\u00f3n (COMUPO) y del Comit\u00e9 Municipal de Prevenci\u00f3n del Embarazo en Adolescentes (COMUPEA), la presidenta Lorena Garc\u00eda C\u00e1zares asumi\u00f3 junto a su gabinete el reto de centralizar esfuerzos con acciones coordinadas, interinstitucionales y efectivas para erradicar el [&hellip;]<\/p>\n","protected":false},"author":1,"featured_media":78869,"comment_status":"closed","ping_status":"closed","sticky":false,"template":"","format":"standard","meta":[],"categories":[9],"tags":[],"_links":{"self":[{"href":"https:\/\/www.diarionoti7.com.mx\/index.php?rest_route=\/wp\/v2\/posts\/78866"}],"collection":[{"href":"https:\/\/www.diarionoti7.com.mx\/index.php?rest_route=\/wp\/v2\/posts"}],"about":[{"href":"https:\/\/www.diarionoti7.com.mx\/index.php?rest_route=\/wp\/v2\/types\/post"}],"author":[{"embeddable":true,"href":"https:\/\/www.diarionoti7.com.mx\/index.php?rest_route=\/wp\/v2\/users\/1"}],"replies":[{"embeddable":true,"href":"https:\/\/www.diarionoti7.com.mx\/index.php?rest_route=%2Fwp%2Fv2%2Fcomments&post=78866"}],"version-history":[{"count":5,"href":"https:\/\/www.diarionoti7.com.mx\/index.php?rest_route=\/wp\/v2\/posts\/78866\/revisions"}],"predecessor-version":[{"id":78872,"href":"https:\/\/www.diarionoti7.com.mx\/index.php?rest_route=\/wp\/v2\/posts\/78866\/revisions\/78872"}],"wp:featuredmedia":[{"embeddable":true,"href":"https:\/\/www.diarionoti7.com.mx\/index.php?rest_route=\/wp\/v2\/media\/78869"}],"wp:attachment":[{"href":"https:\/\/www.diarionoti7.com.mx\/index.php?rest_route=%2Fwp%2Fv2%2Fmedia&parent=78866"}],"wp:term":[{"taxonomy":"category","embeddable":true,"href":"https:\/\/www.diarionoti7.com.mx\/index.php?rest_route=%2Fwp%2Fv2%2Fcategories&post=78866"},{"taxonomy":"post_tag","embeddable":true,"href":"https:\/\/www.diarionoti7.com.mx\/index.php?rest_route=%2Fwp%2Fv2%2Ftags&post=78866"}],"curies":[{"name":"wp","href":"https:\/\/api.w.org\/{rel}","templated":true}]}}