{"id":78845,"date":"2025-05-15T09:06:26","date_gmt":"2025-05-15T09:06:26","guid":{"rendered":"https:\/\/www.diarionoti7.com.mx\/?p=78845"},"modified":"2025-05-15T18:08:43","modified_gmt":"2025-05-15T18:08:43","slug":"despacho-del-gobernador-incorpora-atencion-integral-para-mujeres-en-los-servicios-para-el-pueblo","status":"publish","type":"post","link":"https:\/\/www.diarionoti7.com.mx\/?p=78845","title":{"rendered":"Despacho del Gobernador incorpora atenci\u00f3n integral para mujeres en los Servicios para el Pueblo"},"content":{"rendered":"\t\t<div data-elementor-type=\"wp-post\" data-elementor-id=\"78845\" class=\"elementor elementor-78845\">\n\t\t\t\t\t\t\t\t\t<section class=\"elementor-section elementor-top-section elementor-element elementor-element-c09b8f0 elementor-section-boxed elementor-section-height-default elementor-section-height-default\" data-id=\"c09b8f0\" data-element_type=\"section\">\n\t\t\t\t\t\t<div class=\"elementor-container elementor-column-gap-default\">\n\t\t\t\t\t<div class=\"elementor-column elementor-col-100 elementor-top-column elementor-element elementor-element-955a561\" data-id=\"955a561\" data-element_type=\"column\">\n\t\t\t<div class=\"elementor-widget-wrap elementor-element-populated\">\n\t\t\t\t\t\t\t\t<div class=\"elementor-element elementor-element-0ce869c elementor-widget elementor-widget-text-editor\" data-id=\"0ce869c\" data-element_type=\"widget\" data-widget_type=\"text-editor.default\">\n\t\t\t\t<div class=\"elementor-widget-container\">\n\t\t\t<style>\/*! elementor - v3.10.2 - 29-01-2023 *\/\n.elementor-widget-text-editor.elementor-drop-cap-view-stacked .elementor-drop-cap{background-color:#818a91;color:#fff}.elementor-widget-text-editor.elementor-drop-cap-view-framed .elementor-drop-cap{color:#818a91;border:3px solid;background-color:transparent}.elementor-widget-text-editor:not(.elementor-drop-cap-view-default) .elementor-drop-cap{margin-top:8px}.elementor-widget-text-editor:not(.elementor-drop-cap-view-default) .elementor-drop-cap-letter{width:1em;height:1em}.elementor-widget-text-editor .elementor-drop-cap{float:left;text-align:center;line-height:1;font-size:50px}.elementor-widget-text-editor .elementor-drop-cap-letter{display:inline-block}<\/style>\t\t\t\t<p><strong>-En las \u00faltimas visitas se ha incrementado la demanda de atenciones por parte de las hidalguenses.<\/strong><\/p><p><strong>Pachuca, Hgo., 14 de Mayo de 2025.- <\/strong>Los Servicios para el Pueblo, que acompa\u00f1an la tercera edici\u00f3n de las Rutas de la Transformaci\u00f3n, contar\u00e1n con la atenci\u00f3n integral para las mujeres, dio a conocer Alejandro Vel\u00e1zquez Mendoza, secretario del Despacho del Gobernador de Hidalgo.<\/p><p>\u201cNuestro compromiso es brindar diversos tr\u00e1mites y atenciones para toda la poblaci\u00f3n hidalguense a trav\u00e9s de los Servicios para el Pueblo, especialmente a los sectores prioritarios, sin embargo, ante la alta demanda de servicios por parte de las hidalguenses, el gobernador Julio Menchaca instruy\u00f3 fortalecer la atenci\u00f3n integral para ellas, porque en Hidalgo es tiempo de mujeres\u201d, precis\u00f3.<\/p><p>En ese sentido, el secretario estatal detall\u00f3 que los servicios integrales para las mujeres contemplan la realizaci\u00f3n gratuita de colposcopias y mastograf\u00edas, atenci\u00f3n m\u00e9dica, psicol\u00f3gica y jur\u00eddica para mujeres en situaci\u00f3n de violencia; adem\u00e1s de acompa\u00f1amiento para emprendimiento, tr\u00e1mites administrativos y formaci\u00f3n acad\u00e9mica.<\/p><p>\u201cEstas atenciones ser\u00e1n brindadas por parte de las diferentes dependencias que participan en los Servicios para el Pueblo, a partir del municipio de El Arenal el pr\u00f3ximo jueves 15 de mayo\u201d, agreg\u00f3 Vel\u00e1zquez Mendoza al destacar que, en la \u00faltima visita, en Atitalaquia, se otorgaron 2 mil 825 servicios y tr\u00e1mites, de los cuales el 70 por ciento fueron solicitados por mujeres.<\/p><p>Finalmente, Alejandro Vel\u00e1zquez invit\u00f3 a la poblaci\u00f3n a ser parte de los Servicios para el Pueblo y record\u00f3 que el personal de la Direcci\u00f3n de Atenci\u00f3n al Pueblo, perteneciente al Despacho del Gobernador, es el encargado de orientar a las y los hidalguenses sobre todos los servicios que se ofrecen.<\/p>\t\t\t\t\t\t<\/div>\n\t\t\t\t<\/div>\n\t\t\t\t\t<\/div>\n\t\t<\/div>\n\t\t\t\t\t\t\t<\/div>\n\t\t<\/section>\n\t\t\t\t<section class=\"elementor-section elementor-top-section elementor-element elementor-element-ddaf7a4 elementor-section-boxed elementor-section-height-default elementor-section-height-default\" data-id=\"ddaf7a4\" data-element_type=\"section\">\n\t\t\t\t\t\t<div class=\"elementor-container elementor-column-gap-default\">\n\t\t\t\t\t<div class=\"elementor-column elementor-col-100 elementor-top-column elementor-element elementor-element-52fa083\" data-id=\"52fa083\" data-element_type=\"column\">\n\t\t\t<div class=\"elementor-widget-wrap elementor-element-populated\">\n\t\t\t\t\t\t\t\t<div class=\"elementor-element elementor-element-2019031 elementor-aspect-ratio-169 elementor-widget elementor-widget-video\" data-id=\"2019031\" data-element_type=\"widget\" data-settings=\"{&quot;youtube_url&quot;:&quot;https:\\\/\\\/youtu.be\\\/sW0d6G2rKns&quot;,&quot;video_type&quot;:&quot;youtube&quot;,&quot;controls&quot;:&quot;yes&quot;,&quot;aspect_ratio&quot;:&quot;169&quot;}\" data-widget_type=\"video.default\">\n\t\t\t\t<div class=\"elementor-widget-container\">\n\t\t\t<style>\/*! elementor - v3.10.2 - 29-01-2023 *\/\n.elementor-widget-video .elementor-widget-container{overflow:hidden;transform:translateZ(0)}.elementor-widget-video .elementor-open-inline .elementor-custom-embed-image-overlay{position:absolute;top:0;left:0;width:100%;height:100%;background-size:cover;background-position:50%}.elementor-widget-video .elementor-custom-embed-image-overlay{cursor:pointer;text-align:center}.elementor-widget-video .elementor-custom-embed-image-overlay:hover .elementor-custom-embed-play i{opacity:1}.elementor-widget-video .elementor-custom-embed-image-overlay img{display:block;width:100%}.elementor-widget-video .e-hosted-video .elementor-video{-o-object-fit:cover;object-fit:cover}.e-con-inner>.elementor-widget-video,.e-con>.elementor-widget-video{width:var(--container-widget-width);--flex-grow:var(--container-widget-flex-grow)}<\/style>\t\t<div class=\"elementor-wrapper elementor-fit-aspect-ratio elementor-open-inline\">\n\t\t\t<div class=\"elementor-video\"><\/div>\t\t<\/div>\n\t\t\t\t<\/div>\n\t\t\t\t<\/div>\n\t\t\t\t\t<\/div>\n\t\t<\/div>\n\t\t\t\t\t\t\t<\/div>\n\t\t<\/section>\n\t\t\t\t\t\t\t<\/div>\n\t\t","protected":false},"excerpt":{"rendered":"<p>-En las \u00faltimas visitas se ha incrementado la demanda de atenciones por parte de las hidalguenses. Pachuca, Hgo., 14 de Mayo de 2025.- Los Servicios para el Pueblo, que acompa\u00f1an la tercera edici\u00f3n de las Rutas de la Transformaci\u00f3n, contar\u00e1n con la atenci\u00f3n integral para las mujeres, dio a conocer Alejandro Vel\u00e1zquez Mendoza, secretario del [&hellip;]<\/p>\n","protected":false},"author":1,"featured_media":78847,"comment_status":"closed","ping_status":"closed","sticky":false,"template":"","format":"standard","meta":[],"categories":[7],"tags":[],"_links":{"self":[{"href":"https:\/\/www.diarionoti7.com.mx\/index.php?rest_route=\/wp\/v2\/posts\/78845"}],"collection":[{"href":"https:\/\/www.diarionoti7.com.mx\/index.php?rest_route=\/wp\/v2\/posts"}],"about":[{"href":"https:\/\/www.diarionoti7.com.mx\/index.php?rest_route=\/wp\/v2\/types\/post"}],"author":[{"embeddable":true,"href":"https:\/\/www.diarionoti7.com.mx\/index.php?rest_route=\/wp\/v2\/users\/1"}],"replies":[{"embeddable":true,"href":"https:\/\/www.diarionoti7.com.mx\/index.php?rest_route=%2Fwp%2Fv2%2Fcomments&post=78845"}],"version-history":[{"count":4,"href":"https:\/\/www.diarionoti7.com.mx\/index.php?rest_route=\/wp\/v2\/posts\/78845\/revisions"}],"predecessor-version":[{"id":78850,"href":"https:\/\/www.diarionoti7.com.mx\/index.php?rest_route=\/wp\/v2\/posts\/78845\/revisions\/78850"}],"wp:featuredmedia":[{"embeddable":true,"href":"https:\/\/www.diarionoti7.com.mx\/index.php?rest_route=\/wp\/v2\/media\/78847"}],"wp:attachment":[{"href":"https:\/\/www.diarionoti7.com.mx\/index.php?rest_route=%2Fwp%2Fv2%2Fmedia&parent=78845"}],"wp:term":[{"taxonomy":"category","embeddable":true,"href":"https:\/\/www.diarionoti7.com.mx\/index.php?rest_route=%2Fwp%2Fv2%2Fcategories&post=78845"},{"taxonomy":"post_tag","embeddable":true,"href":"https:\/\/www.diarionoti7.com.mx\/index.php?rest_route=%2Fwp%2Fv2%2Ftags&post=78845"}],"curies":[{"name":"wp","href":"https:\/\/api.w.org\/{rel}","templated":true}]}}