{"id":7884,"date":"2023-05-06T16:34:34","date_gmt":"2023-05-06T16:34:34","guid":{"rendered":"https:\/\/www.diarionoti7.com.mx\/?p=7884"},"modified":"2023-05-06T16:35:25","modified_gmt":"2023-05-06T16:35:25","slug":"conmemoran-el-161-aniversario-de-la-batalla-de-puebla","status":"publish","type":"post","link":"https:\/\/www.diarionoti7.com.mx\/?p=7884","title":{"rendered":"Conmemoran el 161 Aniversario de la Batalla de Puebla"},"content":{"rendered":"\t\t<div data-elementor-type=\"wp-post\" data-elementor-id=\"7884\" class=\"elementor elementor-7884\">\n\t\t\t\t\t\t\t\t\t<section class=\"elementor-section elementor-top-section elementor-element elementor-element-51c23a4c elementor-section-boxed elementor-section-height-default elementor-section-height-default\" data-id=\"51c23a4c\" data-element_type=\"section\">\n\t\t\t\t\t\t<div class=\"elementor-container elementor-column-gap-default\">\n\t\t\t\t\t<div class=\"elementor-column elementor-col-100 elementor-top-column elementor-element elementor-element-7d2e0b6e\" data-id=\"7d2e0b6e\" data-element_type=\"column\">\n\t\t\t<div class=\"elementor-widget-wrap elementor-element-populated\">\n\t\t\t\t\t\t\t\t<div class=\"elementor-element elementor-element-2f2290cd elementor-widget elementor-widget-text-editor\" data-id=\"2f2290cd\" data-element_type=\"widget\" data-widget_type=\"text-editor.default\">\n\t\t\t\t<div class=\"elementor-widget-container\">\n\t\t\t<style>\/*! elementor - v3.10.2 - 29-01-2023 *\/\n.elementor-widget-text-editor.elementor-drop-cap-view-stacked .elementor-drop-cap{background-color:#818a91;color:#fff}.elementor-widget-text-editor.elementor-drop-cap-view-framed .elementor-drop-cap{color:#818a91;border:3px solid;background-color:transparent}.elementor-widget-text-editor:not(.elementor-drop-cap-view-default) .elementor-drop-cap{margin-top:8px}.elementor-widget-text-editor:not(.elementor-drop-cap-view-default) .elementor-drop-cap-letter{width:1em;height:1em}.elementor-widget-text-editor .elementor-drop-cap{float:left;text-align:center;line-height:1;font-size:50px}.elementor-widget-text-editor .elementor-drop-cap-letter{display:inline-block}<\/style>\t\t\t\t\t\t\t\t\t\t<\/div>\n\t\t\t\t<\/div>\n\t\t\t\t\t<\/div>\n\t\t<\/div>\n\t\t\t\t\t\t\t<\/div>\n\t\t<\/section>\n\t\t\t\t<section class=\"elementor-section elementor-top-section elementor-element elementor-element-1da7a1e elementor-section-boxed elementor-section-height-default elementor-section-height-default\" data-id=\"1da7a1e\" data-element_type=\"section\">\n\t\t\t\t\t\t<div class=\"elementor-container elementor-column-gap-default\">\n\t\t\t\t\t<div class=\"elementor-column elementor-col-100 elementor-top-column elementor-element elementor-element-8451efe\" data-id=\"8451efe\" data-element_type=\"column\">\n\t\t\t<div class=\"elementor-widget-wrap elementor-element-populated\">\n\t\t\t\t\t\t\t\t<div class=\"elementor-element elementor-element-19003b8 elementor-widget elementor-widget-text-editor\" data-id=\"19003b8\" data-element_type=\"widget\" data-widget_type=\"text-editor.default\">\n\t\t\t\t<div class=\"elementor-widget-container\">\n\t\t\t\t\t\t\t<p><strong>Pachuca, Hgo 5 de mayo 2023.- <\/strong>Este viernes se conmemor\u00f3 en Hidalgo el \u00a0161\u00b0aniversario\u00a0 de la Batalla de Puebla, en la Plaza Ju\u00e1rez de Pachuca, donde funcionarios del gobierno del estado de Hidalgo, autoridades militares, servidores p\u00fablicos y sociedad civil, presentaron honores a los h\u00e9roes mexicanos que participaron en este victorioso encuentro contra las tropas francesas.\u00a0<\/p><p>Fue el Coronel de Infanter\u00eda D. E. M. Gibr\u00e1n Jalil D\u00edaz del Castillo M\u00e9ndez\u00a0 el encargado de dar el mensaje oficial, en el cual habl\u00f3 sobre la patria y el compromiso para defenderla y respetarla, como lo hicieron los batallones mexicanos el 5 de mayo de 1862.<\/p><p>El acto principal de la ceremonia fue la toma de protesta de Bandera de 250 elementos del personal del Servicio Militar Nacional, a cargo de la clase 2004, remisos y mujeres voluntarias, bajo la directriz del General de Brigada. D.E.M. Juan Jos\u00e9 G\u00f3mez Ruiz.\u00a0\u00a0<\/p><p>Tambi\u00e9n estuvieron presentes el secretario de Gobierno, Guillermo Olivares Reyna, en representaci\u00f3n del mandatario Julio Menchaca Salazar; Rebeca Stella Aladro Echeverria, presidenta del H. Tribunal Superior de Justicia; Salvador Cruz Neri, secretario de Seguridad P\u00fablica de Hidalgo; Edna Lisset Castillo Carillo, secretaria t\u00e9cnica estatal de la Mesa para la Construcci\u00f3n de la Paz, y Julio Manuel Valera Piedras, presidente de la junta de gobierno del H. Congreso del Estado.<\/p>\t\t\t\t\t\t<\/div>\n\t\t\t\t<\/div>\n\t\t\t\t\t<\/div>\n\t\t<\/div>\n\t\t\t\t\t\t\t<\/div>\n\t\t<\/section>\n\t\t\t\t\t\t\t<\/div>\n\t\t","protected":false},"excerpt":{"rendered":"<p>Pachuca, Hgo 5 de mayo 2023.- Este viernes se conmemor\u00f3 en Hidalgo el \u00a0161\u00b0aniversario\u00a0 de la Batalla de Puebla, en la Plaza Ju\u00e1rez de Pachuca, donde funcionarios del gobierno del estado de Hidalgo, autoridades militares, servidores p\u00fablicos y sociedad civil, presentaron honores a los h\u00e9roes mexicanos que participaron en este victorioso encuentro contra las tropas [&hellip;]<\/p>\n","protected":false},"author":1,"featured_media":7886,"comment_status":"closed","ping_status":"closed","sticky":false,"template":"","format":"standard","meta":[],"categories":[7],"tags":[],"_links":{"self":[{"href":"https:\/\/www.diarionoti7.com.mx\/index.php?rest_route=\/wp\/v2\/posts\/7884"}],"collection":[{"href":"https:\/\/www.diarionoti7.com.mx\/index.php?rest_route=\/wp\/v2\/posts"}],"about":[{"href":"https:\/\/www.diarionoti7.com.mx\/index.php?rest_route=\/wp\/v2\/types\/post"}],"author":[{"embeddable":true,"href":"https:\/\/www.diarionoti7.com.mx\/index.php?rest_route=\/wp\/v2\/users\/1"}],"replies":[{"embeddable":true,"href":"https:\/\/www.diarionoti7.com.mx\/index.php?rest_route=%2Fwp%2Fv2%2Fcomments&post=7884"}],"version-history":[{"count":4,"href":"https:\/\/www.diarionoti7.com.mx\/index.php?rest_route=\/wp\/v2\/posts\/7884\/revisions"}],"predecessor-version":[{"id":7889,"href":"https:\/\/www.diarionoti7.com.mx\/index.php?rest_route=\/wp\/v2\/posts\/7884\/revisions\/7889"}],"wp:featuredmedia":[{"embeddable":true,"href":"https:\/\/www.diarionoti7.com.mx\/index.php?rest_route=\/wp\/v2\/media\/7886"}],"wp:attachment":[{"href":"https:\/\/www.diarionoti7.com.mx\/index.php?rest_route=%2Fwp%2Fv2%2Fmedia&parent=7884"}],"wp:term":[{"taxonomy":"category","embeddable":true,"href":"https:\/\/www.diarionoti7.com.mx\/index.php?rest_route=%2Fwp%2Fv2%2Fcategories&post=7884"},{"taxonomy":"post_tag","embeddable":true,"href":"https:\/\/www.diarionoti7.com.mx\/index.php?rest_route=%2Fwp%2Fv2%2Ftags&post=7884"}],"curies":[{"name":"wp","href":"https:\/\/api.w.org\/{rel}","templated":true}]}}