{"id":78839,"date":"2025-05-15T09:04:57","date_gmt":"2025-05-15T09:04:57","guid":{"rendered":"https:\/\/www.diarionoti7.com.mx\/?p=78839"},"modified":"2025-05-15T18:06:22","modified_gmt":"2025-05-15T18:06:22","slug":"congreso-de-hidalgo-aprueba-reforma-en-favor-de-indigenas-y-afrodescendientes","status":"publish","type":"post","link":"https:\/\/www.diarionoti7.com.mx\/?p=78839","title":{"rendered":"Congreso de Hidalgo Aprueba Reforma en Favor de Ind\u00edgenas y Afrodescendientes"},"content":{"rendered":"\t\t<div data-elementor-type=\"wp-post\" data-elementor-id=\"78839\" class=\"elementor elementor-78839\">\n\t\t\t\t\t\t\t\t\t<section class=\"elementor-section elementor-top-section elementor-element elementor-element-c09b8f0 elementor-section-boxed elementor-section-height-default elementor-section-height-default\" data-id=\"c09b8f0\" data-element_type=\"section\">\n\t\t\t\t\t\t<div class=\"elementor-container elementor-column-gap-default\">\n\t\t\t\t\t<div class=\"elementor-column elementor-col-100 elementor-top-column elementor-element elementor-element-955a561\" data-id=\"955a561\" data-element_type=\"column\">\n\t\t\t<div class=\"elementor-widget-wrap elementor-element-populated\">\n\t\t\t\t\t\t\t\t<div class=\"elementor-element elementor-element-0ce869c elementor-widget elementor-widget-text-editor\" data-id=\"0ce869c\" data-element_type=\"widget\" data-widget_type=\"text-editor.default\">\n\t\t\t\t<div class=\"elementor-widget-container\">\n\t\t\t<style>\/*! elementor - v3.10.2 - 29-01-2023 *\/\n.elementor-widget-text-editor.elementor-drop-cap-view-stacked .elementor-drop-cap{background-color:#818a91;color:#fff}.elementor-widget-text-editor.elementor-drop-cap-view-framed .elementor-drop-cap{color:#818a91;border:3px solid;background-color:transparent}.elementor-widget-text-editor:not(.elementor-drop-cap-view-default) .elementor-drop-cap{margin-top:8px}.elementor-widget-text-editor:not(.elementor-drop-cap-view-default) .elementor-drop-cap-letter{width:1em;height:1em}.elementor-widget-text-editor .elementor-drop-cap{float:left;text-align:center;line-height:1;font-size:50px}.elementor-widget-text-editor .elementor-drop-cap-letter{display:inline-block}<\/style>\t\t\t\t<p>-Hidalgo reforma su Constituci\u00f3n y reconoce los derechos de pueblos ind\u00edgenas y afromexicanos como sujetos de derecho p\u00fablico.<\/p><p><strong>Pachuca, Hgo. 14 de Mayo, 2025.- <\/strong>Por unanimidad de votos, el\u00a0<a href=\"https:\/\/x.com\/CongresoHidalgo\">Congreso del Estado<\/a>\u00a0aprob\u00f3 reformas al art\u00edculo 5 de la Constituci\u00f3n Pol\u00edtica del Estado de Hidalgo reconociendo los derechos de los pueblos y comunidades ind\u00edgenas y afromexicanos en armonizaci\u00f3n con las modificaciones realizadas a la Carta Magna el a\u00f1o pasado.<\/p><p>Las nuevas disposiciones legales establecen el reconocimiento de los pueblos ind\u00edgenas con identidad propia, con derecho a participar en las decisiones que afectan en su vida, la protecci\u00f3n de sus costumbres y formas de organizaci\u00f3n social, pol\u00edtica y econ\u00f3mica, elegir de acuerdo a sus sistemas normativos a sus autoridades de gobierno.<\/p><p>Se reconoce el derecho a la consulta en medidas legislativas o administrativas que les puedan afectar directamente, participar en modelos educativos con perspectiva intercultural, promover su medicina tradicional y parter\u00eda, garantizar la participaci\u00f3n efectiva de las mujeres en condiciones de igualdad, acceder a presupuestos y servicios de salud y educaci\u00f3n con pertinencia cultural y ling\u00fc\u00edstica.<\/p><p>De igual forma se reconoce a la poblaci\u00f3n afrodescendientes como sujetos de derecho p\u00fablico.<\/p><p>La diputada Yarabi Gonz\u00e1lez Mart\u00ednez explic\u00f3 que est\u00e1s modificaciones forman parte de la armonizaci\u00f3n de las reformas al art\u00edculo 2 de la Constituci\u00f3n Pol\u00edtica de los Estados Unidos Mexicanos aprobadas el a\u00f1o pasado.<\/p><p>Por su parte el diputado Marco Antonio Mendoza Bustamante, refiri\u00f3 que se atiende una demanda social con est\u00e1s comunidades, sin embargo, se reconocer que a\u00fan se tiene una deuda para atender sus demandas en servicios b\u00e1sicos y la protecci\u00f3n de sus tierras, de lo contrario las reformas no ser\u00e1n de utilidad.<\/p>\t\t\t\t\t\t<\/div>\n\t\t\t\t<\/div>\n\t\t\t\t\t<\/div>\n\t\t<\/div>\n\t\t\t\t\t\t\t<\/div>\n\t\t<\/section>\n\t\t\t\t\t\t\t<\/div>\n\t\t","protected":false},"excerpt":{"rendered":"<p>-Hidalgo reforma su Constituci\u00f3n y reconoce los derechos de pueblos ind\u00edgenas y afromexicanos como sujetos de derecho p\u00fablico. Pachuca, Hgo. 14 de Mayo, 2025.- Por unanimidad de votos, el\u00a0Congreso del Estado\u00a0aprob\u00f3 reformas al art\u00edculo 5 de la Constituci\u00f3n Pol\u00edtica del Estado de Hidalgo reconociendo los derechos de los pueblos y comunidades ind\u00edgenas y afromexicanos en [&hellip;]<\/p>\n","protected":false},"author":1,"featured_media":78841,"comment_status":"closed","ping_status":"closed","sticky":false,"template":"","format":"standard","meta":[],"categories":[3],"tags":[],"_links":{"self":[{"href":"https:\/\/www.diarionoti7.com.mx\/index.php?rest_route=\/wp\/v2\/posts\/78839"}],"collection":[{"href":"https:\/\/www.diarionoti7.com.mx\/index.php?rest_route=\/wp\/v2\/posts"}],"about":[{"href":"https:\/\/www.diarionoti7.com.mx\/index.php?rest_route=\/wp\/v2\/types\/post"}],"author":[{"embeddable":true,"href":"https:\/\/www.diarionoti7.com.mx\/index.php?rest_route=\/wp\/v2\/users\/1"}],"replies":[{"embeddable":true,"href":"https:\/\/www.diarionoti7.com.mx\/index.php?rest_route=%2Fwp%2Fv2%2Fcomments&post=78839"}],"version-history":[{"count":4,"href":"https:\/\/www.diarionoti7.com.mx\/index.php?rest_route=\/wp\/v2\/posts\/78839\/revisions"}],"predecessor-version":[{"id":78844,"href":"https:\/\/www.diarionoti7.com.mx\/index.php?rest_route=\/wp\/v2\/posts\/78839\/revisions\/78844"}],"wp:featuredmedia":[{"embeddable":true,"href":"https:\/\/www.diarionoti7.com.mx\/index.php?rest_route=\/wp\/v2\/media\/78841"}],"wp:attachment":[{"href":"https:\/\/www.diarionoti7.com.mx\/index.php?rest_route=%2Fwp%2Fv2%2Fmedia&parent=78839"}],"wp:term":[{"taxonomy":"category","embeddable":true,"href":"https:\/\/www.diarionoti7.com.mx\/index.php?rest_route=%2Fwp%2Fv2%2Fcategories&post=78839"},{"taxonomy":"post_tag","embeddable":true,"href":"https:\/\/www.diarionoti7.com.mx\/index.php?rest_route=%2Fwp%2Fv2%2Ftags&post=78839"}],"curies":[{"name":"wp","href":"https:\/\/api.w.org\/{rel}","templated":true}]}}