{"id":78833,"date":"2025-05-15T09:03:39","date_gmt":"2025-05-15T09:03:39","guid":{"rendered":"https:\/\/www.diarionoti7.com.mx\/?p=78833"},"modified":"2025-05-15T18:04:54","modified_gmt":"2025-05-15T18:04:54","slug":"gobierno-de-hidalgo-reconoce-labor-docente","status":"publish","type":"post","link":"https:\/\/www.diarionoti7.com.mx\/?p=78833","title":{"rendered":"Gobierno de Hidalgo Reconoce Labor Docente"},"content":{"rendered":"\t\t<div data-elementor-type=\"wp-post\" data-elementor-id=\"78833\" class=\"elementor elementor-78833\">\n\t\t\t\t\t\t\t\t\t<section class=\"elementor-section elementor-top-section elementor-element elementor-element-c09b8f0 elementor-section-boxed elementor-section-height-default elementor-section-height-default\" data-id=\"c09b8f0\" data-element_type=\"section\">\n\t\t\t\t\t\t<div class=\"elementor-container elementor-column-gap-default\">\n\t\t\t\t\t<div class=\"elementor-column elementor-col-100 elementor-top-column elementor-element elementor-element-955a561\" data-id=\"955a561\" data-element_type=\"column\">\n\t\t\t<div class=\"elementor-widget-wrap elementor-element-populated\">\n\t\t\t\t\t\t\t\t<div class=\"elementor-element elementor-element-0ce869c elementor-widget elementor-widget-text-editor\" data-id=\"0ce869c\" data-element_type=\"widget\" data-widget_type=\"text-editor.default\">\n\t\t\t\t<div class=\"elementor-widget-container\">\n\t\t\t<style>\/*! elementor - v3.10.2 - 29-01-2023 *\/\n.elementor-widget-text-editor.elementor-drop-cap-view-stacked .elementor-drop-cap{background-color:#818a91;color:#fff}.elementor-widget-text-editor.elementor-drop-cap-view-framed .elementor-drop-cap{color:#818a91;border:3px solid;background-color:transparent}.elementor-widget-text-editor:not(.elementor-drop-cap-view-default) .elementor-drop-cap{margin-top:8px}.elementor-widget-text-editor:not(.elementor-drop-cap-view-default) .elementor-drop-cap-letter{width:1em;height:1em}.elementor-widget-text-editor .elementor-drop-cap{float:left;text-align:center;line-height:1;font-size:50px}.elementor-widget-text-editor .elementor-drop-cap-letter{display:inline-block}<\/style>\t\t\t\t<p><strong>-M\u00e1s de 6 mil maestros y maestras de Pachuca y Tizayuca se dieron cita para los festejos en la capital hidalguense<\/strong><\/p><p><strong>Pachuca, Hgo., 14 de Mayo de 2025.-<\/strong>En el marco de las celebraciones por el D\u00eda de la y el Maestro, el gobernador de Hidalgo, Julio Menchaca, acudi\u00f3 al festejo organizado por la Secci\u00f3n 15 del Sindicato Nacional de Trabajadores de la Educaci\u00f3n (SNTE), oportunidad en la que reconoci\u00f3 la labor docente y asegur\u00f3 que se seguir\u00e1n destinando los recursos necesarios para garantizar una educaci\u00f3n de calidad en la entidad.<\/p><p>\u201cEl 46% del presupuesto del estado, 32 mil 500 millones se dedican a la educaci\u00f3n, y en ese presupuesto, que es una inversi\u00f3n [\u2026], se tiene puesta la decisi\u00f3n de la transformaci\u00f3n de la vida de las y los hidalguenses\u201d, manifest\u00f3 el mandatario.<\/p><p>De ah\u00ed la importancia de reconocer la capacidad, talento y sabidur\u00eda en la formaci\u00f3n de nuevas generaciones, toda vez que se tiene registro de 55 mil docentes en la entidad.<\/p><p>En ese sentido, el secretario de Educaci\u00f3n P\u00fablica, Natividad Castrej\u00f3n Valdez, record\u00f3 que el esfuerzo cotidiano de las y los docentes influye y deja huella en cada estudiante, pues se convierten en factores fundamentales del sector educativo: \u201cHoy podemos afirmar que el mejor legado de una maestra o un maestro no es s\u00f3lo lo que comparte o lo que ense\u00f1a, sino lo que inspira\u201d, subray\u00f3.<\/p><p>De ah\u00ed que refrend\u00f3 el compromiso de la actual administraci\u00f3n estatal para lograr que las y los trabajadores de la educaci\u00f3n alcancen un mejoramiento profesional, personal y salarial para enfrentar los retos a nivel estatal y nacional.<\/p><p>Jes\u00fas Jaime Roch\u00edn Carrillo, representante del Comit\u00e9 Ejecutivo Nacional del SNTE en la Secci\u00f3n 15, inform\u00f3 que este sindicato se encuentra en los trabajos de negociaci\u00f3n salarial 2025, a fin de conseguir un mayor reconocimiento a las y los maestros como actores de la transformaci\u00f3n nacional.<\/p><p>Para finalizar, Said Vargas S\u00e1enz, secretario general de la Secci\u00f3n 15 del SNTE, asegur\u00f3 que el afecto que existe entre el magisterio y el gobierno de Hidalgo corresponde al compromiso compartido de impulsar una educaci\u00f3n de calidad a lo largo de todo el estado:<\/p><p>\u201cHoy rendimos homenaje a quienes ejercen la profesi\u00f3n m\u00e1s noble y significativa. Estoy convencido de que las maestras y los maestros de Hidalgo implementan siempre la mejor estrategia para atender a las y los alumnos\u201d, resalt\u00f3 el l\u00edder sindical.<\/p>\t\t\t\t\t\t<\/div>\n\t\t\t\t<\/div>\n\t\t\t\t\t<\/div>\n\t\t<\/div>\n\t\t\t\t\t\t\t<\/div>\n\t\t<\/section>\n\t\t\t\t\t\t\t<\/div>\n\t\t","protected":false},"excerpt":{"rendered":"<p>-M\u00e1s de 6 mil maestros y maestras de Pachuca y Tizayuca se dieron cita para los festejos en la capital hidalguense Pachuca, Hgo., 14 de Mayo de 2025.-En el marco de las celebraciones por el D\u00eda de la y el Maestro, el gobernador de Hidalgo, Julio Menchaca, acudi\u00f3 al festejo organizado por la Secci\u00f3n 15 [&hellip;]<\/p>\n","protected":false},"author":1,"featured_media":78835,"comment_status":"closed","ping_status":"closed","sticky":false,"template":"","format":"standard","meta":[],"categories":[4],"tags":[],"_links":{"self":[{"href":"https:\/\/www.diarionoti7.com.mx\/index.php?rest_route=\/wp\/v2\/posts\/78833"}],"collection":[{"href":"https:\/\/www.diarionoti7.com.mx\/index.php?rest_route=\/wp\/v2\/posts"}],"about":[{"href":"https:\/\/www.diarionoti7.com.mx\/index.php?rest_route=\/wp\/v2\/types\/post"}],"author":[{"embeddable":true,"href":"https:\/\/www.diarionoti7.com.mx\/index.php?rest_route=\/wp\/v2\/users\/1"}],"replies":[{"embeddable":true,"href":"https:\/\/www.diarionoti7.com.mx\/index.php?rest_route=%2Fwp%2Fv2%2Fcomments&post=78833"}],"version-history":[{"count":4,"href":"https:\/\/www.diarionoti7.com.mx\/index.php?rest_route=\/wp\/v2\/posts\/78833\/revisions"}],"predecessor-version":[{"id":78838,"href":"https:\/\/www.diarionoti7.com.mx\/index.php?rest_route=\/wp\/v2\/posts\/78833\/revisions\/78838"}],"wp:featuredmedia":[{"embeddable":true,"href":"https:\/\/www.diarionoti7.com.mx\/index.php?rest_route=\/wp\/v2\/media\/78835"}],"wp:attachment":[{"href":"https:\/\/www.diarionoti7.com.mx\/index.php?rest_route=%2Fwp%2Fv2%2Fmedia&parent=78833"}],"wp:term":[{"taxonomy":"category","embeddable":true,"href":"https:\/\/www.diarionoti7.com.mx\/index.php?rest_route=%2Fwp%2Fv2%2Fcategories&post=78833"},{"taxonomy":"post_tag","embeddable":true,"href":"https:\/\/www.diarionoti7.com.mx\/index.php?rest_route=%2Fwp%2Fv2%2Ftags&post=78833"}],"curies":[{"name":"wp","href":"https:\/\/api.w.org\/{rel}","templated":true}]}}