{"id":7861,"date":"2023-05-06T16:30:56","date_gmt":"2023-05-06T16:30:56","guid":{"rendered":"https:\/\/www.diarionoti7.com.mx\/?p=7861"},"modified":"2023-05-06T16:31:46","modified_gmt":"2023-05-06T16:31:46","slug":"balacera-en-el-barrio-de-san-antonio-en-ixmiuilpan-un-muerto-y-un-herido-de-gravedad","status":"publish","type":"post","link":"https:\/\/www.diarionoti7.com.mx\/?p=7861","title":{"rendered":"Balacera en el Barrio de San Antonio en Ixmiuilpan, un Muerto y un Herido de Gravedad"},"content":{"rendered":"\t\t<div data-elementor-type=\"wp-post\" data-elementor-id=\"7861\" class=\"elementor elementor-7861\">\n\t\t\t\t\t\t\t\t\t<section class=\"elementor-section elementor-top-section elementor-element elementor-element-51c23a4c elementor-section-boxed elementor-section-height-default elementor-section-height-default\" data-id=\"51c23a4c\" data-element_type=\"section\">\n\t\t\t\t\t\t<div class=\"elementor-container elementor-column-gap-default\">\n\t\t\t\t\t<div class=\"elementor-column elementor-col-100 elementor-top-column elementor-element elementor-element-7d2e0b6e\" data-id=\"7d2e0b6e\" data-element_type=\"column\">\n\t\t\t<div class=\"elementor-widget-wrap elementor-element-populated\">\n\t\t\t\t\t\t\t\t<div class=\"elementor-element elementor-element-2f2290cd elementor-widget elementor-widget-text-editor\" data-id=\"2f2290cd\" data-element_type=\"widget\" data-widget_type=\"text-editor.default\">\n\t\t\t\t<div class=\"elementor-widget-container\">\n\t\t\t<style>\/*! elementor - v3.10.2 - 29-01-2023 *\/\n.elementor-widget-text-editor.elementor-drop-cap-view-stacked .elementor-drop-cap{background-color:#818a91;color:#fff}.elementor-widget-text-editor.elementor-drop-cap-view-framed .elementor-drop-cap{color:#818a91;border:3px solid;background-color:transparent}.elementor-widget-text-editor:not(.elementor-drop-cap-view-default) .elementor-drop-cap{margin-top:8px}.elementor-widget-text-editor:not(.elementor-drop-cap-view-default) .elementor-drop-cap-letter{width:1em;height:1em}.elementor-widget-text-editor .elementor-drop-cap{float:left;text-align:center;line-height:1;font-size:50px}.elementor-widget-text-editor .elementor-drop-cap-letter{display:inline-block}<\/style>\t\t\t\t\t\t\t\t\t\t<\/div>\n\t\t\t\t<\/div>\n\t\t\t\t\t<\/div>\n\t\t<\/div>\n\t\t\t\t\t\t\t<\/div>\n\t\t<\/section>\n\t\t\t\t<section class=\"elementor-section elementor-top-section elementor-element elementor-element-1da7a1e elementor-section-boxed elementor-section-height-default elementor-section-height-default\" data-id=\"1da7a1e\" data-element_type=\"section\">\n\t\t\t\t\t\t<div class=\"elementor-container elementor-column-gap-default\">\n\t\t\t\t\t<div class=\"elementor-column elementor-col-100 elementor-top-column elementor-element elementor-element-8451efe\" data-id=\"8451efe\" data-element_type=\"column\">\n\t\t\t<div class=\"elementor-widget-wrap elementor-element-populated\">\n\t\t\t\t\t\t\t\t<div class=\"elementor-element elementor-element-19003b8 elementor-widget elementor-widget-text-editor\" data-id=\"19003b8\" data-element_type=\"widget\" data-widget_type=\"text-editor.default\">\n\t\t\t\t<div class=\"elementor-widget-container\">\n\t\t\t\t\t\t\t<p><strong>Ixmiquilpan, Hgo, 5 de mayo 2023.- <\/strong>Alrededor de las 20:15 horas de esta noche de viernes se report\u00f3 una balacera en una tienda de abarrotes ubicada en el barrio de San Antonio municipio de\u00a0Ixmiquilpan por lo que vecinos de lugar testigos de los hechos solicitaron \u00a0el apoyo de la polic\u00eda al numero de de emergencia<\/p><p>Como rimer repondiente acudieron al lugar grupos de emergencia quienes arribaron al lugar en donde localizaron a dos hombres \u00a0heridos al interior de el negocio con raz\u00f3n social \u201cLos Gemelos\u201d, ambos presentaban impactos por arma de fuego lo que deriv\u00f3 en la muerte de uno de ellos mientras que el otro fue trasladado al hospital \u00a0m\u00e1s cercano.<\/p><p>De acuerdo a la informaci\u00f3n preliminar fue alrededor de las 20:15 horas de esta noche cuando seg\u00fan testigos cercanos al lugar, se escucharon varias detonaciones que ocasionaron temor entre los habitantes.<\/p><p>Ante la situaci\u00f3n solicitaron el apoyo por parte de grupos de emergencia quienes llegaron al lugar donde localizaron a dos hombres \u00a0heridos al interior de un negocio quienes \u00a0presentaban impactos por arma de fuego, encontrando a uno de los heridos sin signos de vida \u00a0y otro herido de gravedad por lo quye \u00a0fue trasladado a un hospital<\/p><p>Cabe se\u00f1alar que los hechos \u00a0violentos se dieron unos minutos despu\u00e9s de que se registrara un apag\u00f3n general que dej\u00f3 a todo el municipio sin energ\u00eda el\u00e9ctrica y servicio de telefon\u00eda celular por m\u00e1s de una hora.<\/p><p>La polic\u00eda incio las primeras pesquisas para dar con el o los responsables de ests hechos pero no \u00a0se ha logrado dar con \u00a0el paradero de los responsables, pese a que las corporaciones policiacas implementaron \u00a0un operativo de b\u00fasqueda.<\/p>\t\t\t\t\t\t<\/div>\n\t\t\t\t<\/div>\n\t\t\t\t\t<\/div>\n\t\t<\/div>\n\t\t\t\t\t\t\t<\/div>\n\t\t<\/section>\n\t\t\t\t\t\t\t<\/div>\n\t\t","protected":false},"excerpt":{"rendered":"<p>Ixmiquilpan, Hgo, 5 de mayo 2023.- Alrededor de las 20:15 horas de esta noche de viernes se report\u00f3 una balacera en una tienda de abarrotes ubicada en el barrio de San Antonio municipio de\u00a0Ixmiquilpan por lo que vecinos de lugar testigos de los hechos solicitaron \u00a0el apoyo de la polic\u00eda al numero de de emergencia [&hellip;]<\/p>\n","protected":false},"author":1,"featured_media":7863,"comment_status":"closed","ping_status":"closed","sticky":false,"template":"","format":"standard","meta":[],"categories":[22],"tags":[],"_links":{"self":[{"href":"https:\/\/www.diarionoti7.com.mx\/index.php?rest_route=\/wp\/v2\/posts\/7861"}],"collection":[{"href":"https:\/\/www.diarionoti7.com.mx\/index.php?rest_route=\/wp\/v2\/posts"}],"about":[{"href":"https:\/\/www.diarionoti7.com.mx\/index.php?rest_route=\/wp\/v2\/types\/post"}],"author":[{"embeddable":true,"href":"https:\/\/www.diarionoti7.com.mx\/index.php?rest_route=\/wp\/v2\/users\/1"}],"replies":[{"embeddable":true,"href":"https:\/\/www.diarionoti7.com.mx\/index.php?rest_route=%2Fwp%2Fv2%2Fcomments&post=7861"}],"version-history":[{"count":4,"href":"https:\/\/www.diarionoti7.com.mx\/index.php?rest_route=\/wp\/v2\/posts\/7861\/revisions"}],"predecessor-version":[{"id":7866,"href":"https:\/\/www.diarionoti7.com.mx\/index.php?rest_route=\/wp\/v2\/posts\/7861\/revisions\/7866"}],"wp:featuredmedia":[{"embeddable":true,"href":"https:\/\/www.diarionoti7.com.mx\/index.php?rest_route=\/wp\/v2\/media\/7863"}],"wp:attachment":[{"href":"https:\/\/www.diarionoti7.com.mx\/index.php?rest_route=%2Fwp%2Fv2%2Fmedia&parent=7861"}],"wp:term":[{"taxonomy":"category","embeddable":true,"href":"https:\/\/www.diarionoti7.com.mx\/index.php?rest_route=%2Fwp%2Fv2%2Fcategories&post=7861"},{"taxonomy":"post_tag","embeddable":true,"href":"https:\/\/www.diarionoti7.com.mx\/index.php?rest_route=%2Fwp%2Fv2%2Ftags&post=7861"}],"curies":[{"name":"wp","href":"https:\/\/api.w.org\/{rel}","templated":true}]}}