{"id":7851,"date":"2023-05-05T17:03:27","date_gmt":"2023-05-05T17:03:27","guid":{"rendered":"https:\/\/www.diarionoti7.com.mx\/?p=7851"},"modified":"2023-05-06T16:32:36","modified_gmt":"2023-05-06T16:32:36","slug":"eligen-en-el-ayuntamiento-a-norma-yolanda-ibarra-banos-nueva-contralora-del-ayuntamiento-de-pachuca","status":"publish","type":"post","link":"https:\/\/www.diarionoti7.com.mx\/?p=7851","title":{"rendered":"Eligen  en el Ayuntamiento a Norma Yolanda Ibarra Ba\u00f1os, Nueva Contralora del Ayuntamiento de Pachuca"},"content":{"rendered":"\t\t<div data-elementor-type=\"wp-post\" data-elementor-id=\"7851\" class=\"elementor elementor-7851\">\n\t\t\t\t\t\t\t\t\t<section class=\"elementor-section elementor-top-section elementor-element elementor-element-51c23a4c elementor-section-boxed elementor-section-height-default elementor-section-height-default\" data-id=\"51c23a4c\" data-element_type=\"section\">\n\t\t\t\t\t\t<div class=\"elementor-container elementor-column-gap-default\">\n\t\t\t\t\t<div class=\"elementor-column elementor-col-100 elementor-top-column elementor-element elementor-element-7d2e0b6e\" data-id=\"7d2e0b6e\" data-element_type=\"column\">\n\t\t\t<div class=\"elementor-widget-wrap elementor-element-populated\">\n\t\t\t\t\t\t\t\t<div class=\"elementor-element elementor-element-2f2290cd elementor-widget elementor-widget-text-editor\" data-id=\"2f2290cd\" data-element_type=\"widget\" data-widget_type=\"text-editor.default\">\n\t\t\t\t<div class=\"elementor-widget-container\">\n\t\t\t<style>\/*! elementor - v3.10.2 - 29-01-2023 *\/\n.elementor-widget-text-editor.elementor-drop-cap-view-stacked .elementor-drop-cap{background-color:#818a91;color:#fff}.elementor-widget-text-editor.elementor-drop-cap-view-framed .elementor-drop-cap{color:#818a91;border:3px solid;background-color:transparent}.elementor-widget-text-editor:not(.elementor-drop-cap-view-default) .elementor-drop-cap{margin-top:8px}.elementor-widget-text-editor:not(.elementor-drop-cap-view-default) .elementor-drop-cap-letter{width:1em;height:1em}.elementor-widget-text-editor .elementor-drop-cap{float:left;text-align:center;line-height:1;font-size:50px}.elementor-widget-text-editor .elementor-drop-cap-letter{display:inline-block}<\/style>\t\t\t\t\t\t\t\t\t\t<\/div>\n\t\t\t\t<\/div>\n\t\t\t\t\t<\/div>\n\t\t<\/div>\n\t\t\t\t\t\t\t<\/div>\n\t\t<\/section>\n\t\t\t\t<section class=\"elementor-section elementor-top-section elementor-element elementor-element-1da7a1e elementor-section-boxed elementor-section-height-default elementor-section-height-default\" data-id=\"1da7a1e\" data-element_type=\"section\">\n\t\t\t\t\t\t<div class=\"elementor-container elementor-column-gap-default\">\n\t\t\t\t\t<div class=\"elementor-column elementor-col-100 elementor-top-column elementor-element elementor-element-8451efe\" data-id=\"8451efe\" data-element_type=\"column\">\n\t\t\t<div class=\"elementor-widget-wrap elementor-element-populated\">\n\t\t\t\t\t\t\t\t<div class=\"elementor-element elementor-element-19003b8 elementor-widget elementor-widget-text-editor\" data-id=\"19003b8\" data-element_type=\"widget\" data-widget_type=\"text-editor.default\">\n\t\t\t\t<div class=\"elementor-widget-container\">\n\t\t\t\t\t\t\t<p><strong>*Tras la Denuncia de Regidores Contra Gerardo Reyes, \u00a0secretario general del municipio, sac\u00f3 con uso de la fuerza a la contralora Maricela Rodr\u00edguez Rodr\u00edguez, se concreto\u00a0 la eleccion<\/strong>\u00a0<\/p><p><strong>Pachuca, Hgo, 5 de mayo 2023.-<\/strong>No obstante que la regidora Liz Mar\u00eda P\u00e9rez, \u00a0coordinadora de la Comisi\u00f3n Permanente de Igualdad y G\u00e9nero se\u00f1al\u00f3 que Gerardo Reyes, secretario general del municipio, sac\u00f3 con uso de la fuerza a la contralora Maricela Rodr\u00edguez Rodr\u00edguez, junto con sus directores.<\/p><p>Y que se pronuni\u00f3 indicando que \u201cComo coordinadora de la Comisi\u00f3n Permanente de Igualdad y G\u00e9nero, solicit\u00f3 que se nos explique por qu\u00e9 violentan los derechos laborales de la contralora\u201d.<\/p><p>Y \u00a0la regidora Olivia Z\u00fa\u00f1iga se\u00f1al\u00f3 que no existe un documento que avale el por qu\u00e9 est\u00e1 renunciando y extern\u00f3 su inquietud respecto al tema de la entrega recepci\u00f3n, lo que su parecer denota temor de que no se haga, adem\u00e1s de que tiene videos de los suscitado por parte del secretario general.<\/p><p>Adem\u00e1s, inform\u00f3 que Ibarra omiti\u00f3 que fue directora de Finanzas de la Polic\u00eda Industrial Bancaria del estado de Hidalgo y no present\u00f3 tres requisitos indispensables para tomarse en cuenta como contralora: documentos que acrediten un modo honesto de vivir, ser de reconocida solvencia moral y no contar con delitos dolosos.<\/p><p>En una sesi\u00f3n del cabildo de Pachuca donde hubo mucho \u00a0el debate entre integrantes de las diferentes fuerzas pol\u00edticas representadas en la Asamblea Municipal,\u00a0se aprob\u00f3 el nombramiento de Norma Yolanda Ibarra Ba\u00f1os como titular del \u00f3rgano interno de control\u00a0 con 13 votos \u00a0a favor, tres en contra y tres abstenciones se concreto la salida de Maricela Rodr\u00edguez Rodr\u00edguez, titular de la contraloria \u00a0junto con sus directores.<\/p><p>Mientras que algunos regidores y regidoras pidieron se votar\u00e1 primero la aceptaci\u00f3n de la renuncia de Maricela Rodr\u00edguez, quien renunci\u00f3 al cargo alegando problemas de salud, y otros acusaron que su salida se hizo bajo presi\u00f3n.<\/p><p>El Edil Sergio Ba\u00f1os, sobre los se\u00f1alamientos de los regidores respecto al actuar del secretario General, coment\u00f3 que se tendr\u00e1n que presentar las pruebas antes las instancias correspondiente y atender\u00e1 el tema de forma puntual.<\/p><p>Luego el edil se\u00f1al\u00f3 que \u201cNo he visto los v\u00eddeos pero siempre he estado trabajando en pro de los derechos de la mujer y se tiene que hacer con las instancias pertinentes<strong><em>\u201d<\/em><\/strong>.<\/p><p>Por \u00faltyimo \u00a0Sergio Ba\u00f1os coment\u00f3 que la reuni\u00f3n de Cabildo se realiz\u00f3 con libertad de expresi\u00f3n y que Norma Ibarra Ba\u00f1os har\u00e1 un buen trabajo al frente de la Contralor\u00eda.<\/p>\t\t\t\t\t\t<\/div>\n\t\t\t\t<\/div>\n\t\t\t\t\t<\/div>\n\t\t<\/div>\n\t\t\t\t\t\t\t<\/div>\n\t\t<\/section>\n\t\t\t\t\t\t\t<\/div>\n\t\t","protected":false},"excerpt":{"rendered":"<p>*Tras la Denuncia de Regidores Contra Gerardo Reyes, \u00a0secretario general del municipio, sac\u00f3 con uso de la fuerza a la contralora Maricela Rodr\u00edguez Rodr\u00edguez, se concreto\u00a0 la eleccion\u00a0 Pachuca, Hgo, 5 de mayo 2023.-No obstante que la regidora Liz Mar\u00eda P\u00e9rez, \u00a0coordinadora de la Comisi\u00f3n Permanente de Igualdad y G\u00e9nero se\u00f1al\u00f3 que Gerardo Reyes, secretario [&hellip;]<\/p>\n","protected":false},"author":1,"featured_media":7868,"comment_status":"closed","ping_status":"closed","sticky":false,"template":"","format":"standard","meta":[],"categories":[9],"tags":[],"_links":{"self":[{"href":"https:\/\/www.diarionoti7.com.mx\/index.php?rest_route=\/wp\/v2\/posts\/7851"}],"collection":[{"href":"https:\/\/www.diarionoti7.com.mx\/index.php?rest_route=\/wp\/v2\/posts"}],"about":[{"href":"https:\/\/www.diarionoti7.com.mx\/index.php?rest_route=\/wp\/v2\/types\/post"}],"author":[{"embeddable":true,"href":"https:\/\/www.diarionoti7.com.mx\/index.php?rest_route=\/wp\/v2\/users\/1"}],"replies":[{"embeddable":true,"href":"https:\/\/www.diarionoti7.com.mx\/index.php?rest_route=%2Fwp%2Fv2%2Fcomments&post=7851"}],"version-history":[{"count":4,"href":"https:\/\/www.diarionoti7.com.mx\/index.php?rest_route=\/wp\/v2\/posts\/7851\/revisions"}],"predecessor-version":[{"id":7871,"href":"https:\/\/www.diarionoti7.com.mx\/index.php?rest_route=\/wp\/v2\/posts\/7851\/revisions\/7871"}],"wp:featuredmedia":[{"embeddable":true,"href":"https:\/\/www.diarionoti7.com.mx\/index.php?rest_route=\/wp\/v2\/media\/7868"}],"wp:attachment":[{"href":"https:\/\/www.diarionoti7.com.mx\/index.php?rest_route=%2Fwp%2Fv2%2Fmedia&parent=7851"}],"wp:term":[{"taxonomy":"category","embeddable":true,"href":"https:\/\/www.diarionoti7.com.mx\/index.php?rest_route=%2Fwp%2Fv2%2Fcategories&post=7851"},{"taxonomy":"post_tag","embeddable":true,"href":"https:\/\/www.diarionoti7.com.mx\/index.php?rest_route=%2Fwp%2Fv2%2Ftags&post=7851"}],"curies":[{"name":"wp","href":"https:\/\/api.w.org\/{rel}","templated":true}]}}