{"id":7845,"date":"2023-05-05T17:02:17","date_gmt":"2023-05-05T17:02:17","guid":{"rendered":"https:\/\/www.diarionoti7.com.mx\/?p=7845"},"modified":"2023-05-05T17:03:24","modified_gmt":"2023-05-05T17:03:24","slug":"diputados-exhortan-a-medio-ambiente-estatal-que-atienda-contaminacion-que-causa-caleras-bertran-sa-de-cv","status":"publish","type":"post","link":"https:\/\/www.diarionoti7.com.mx\/?p=7845","title":{"rendered":"Diputados Exhortan a Medio Ambiente Estatal Que Atienda Contaminaci\u00f3n que Causa  Caleras Bertr\u00e1n SA de CV."},"content":{"rendered":"\t\t<div data-elementor-type=\"wp-post\" data-elementor-id=\"7845\" class=\"elementor elementor-7845\">\n\t\t\t\t\t\t\t\t\t<section class=\"elementor-section elementor-top-section elementor-element elementor-element-51c23a4c elementor-section-boxed elementor-section-height-default elementor-section-height-default\" data-id=\"51c23a4c\" data-element_type=\"section\">\n\t\t\t\t\t\t<div class=\"elementor-container elementor-column-gap-default\">\n\t\t\t\t\t<div class=\"elementor-column elementor-col-100 elementor-top-column elementor-element elementor-element-7d2e0b6e\" data-id=\"7d2e0b6e\" data-element_type=\"column\">\n\t\t\t<div class=\"elementor-widget-wrap elementor-element-populated\">\n\t\t\t\t\t\t\t\t<div class=\"elementor-element elementor-element-2f2290cd elementor-widget elementor-widget-text-editor\" data-id=\"2f2290cd\" data-element_type=\"widget\" data-widget_type=\"text-editor.default\">\n\t\t\t\t<div class=\"elementor-widget-container\">\n\t\t\t<style>\/*! elementor - v3.10.2 - 29-01-2023 *\/\n.elementor-widget-text-editor.elementor-drop-cap-view-stacked .elementor-drop-cap{background-color:#818a91;color:#fff}.elementor-widget-text-editor.elementor-drop-cap-view-framed .elementor-drop-cap{color:#818a91;border:3px solid;background-color:transparent}.elementor-widget-text-editor:not(.elementor-drop-cap-view-default) .elementor-drop-cap{margin-top:8px}.elementor-widget-text-editor:not(.elementor-drop-cap-view-default) .elementor-drop-cap-letter{width:1em;height:1em}.elementor-widget-text-editor .elementor-drop-cap{float:left;text-align:center;line-height:1;font-size:50px}.elementor-widget-text-editor .elementor-drop-cap-letter{display:inline-block}<\/style>\t\t\t\t\t\t\t\t\t\t<\/div>\n\t\t\t\t<\/div>\n\t\t\t\t\t<\/div>\n\t\t<\/div>\n\t\t\t\t\t\t\t<\/div>\n\t\t<\/section>\n\t\t\t\t<section class=\"elementor-section elementor-top-section elementor-element elementor-element-1da7a1e elementor-section-boxed elementor-section-height-default elementor-section-height-default\" data-id=\"1da7a1e\" data-element_type=\"section\">\n\t\t\t\t\t\t<div class=\"elementor-container elementor-column-gap-default\">\n\t\t\t\t\t<div class=\"elementor-column elementor-col-100 elementor-top-column elementor-element elementor-element-8451efe\" data-id=\"8451efe\" data-element_type=\"column\">\n\t\t\t<div class=\"elementor-widget-wrap elementor-element-populated\">\n\t\t\t\t\t\t\t\t<div class=\"elementor-element elementor-element-19003b8 elementor-widget elementor-widget-text-editor\" data-id=\"19003b8\" data-element_type=\"widget\" data-widget_type=\"text-editor.default\">\n\t\t\t\t<div class=\"elementor-widget-container\">\n\t\t\t\t\t\t\t<p class=\"MsoNormal\" style=\"margin-bottom: 0cm; text-align: justify; text-indent: 21.25pt; line-height: normal;\"><b><span style=\"font-size: 12.0pt; font-family: 'Verdana',sans-serif;\">*Causa problemas de salud respiratorios y dermatol\u00f3gicos en Atotonilco de Tula<\/span><\/b><\/p><p class=\"MsoNormal\" style=\"margin-bottom: 0cm; text-align: justify; text-indent: 21.25pt; line-height: normal;\"><b><span style=\"font-size: 12.0pt; font-family: 'Verdana',sans-serif;\">Pachuca, Hgo; 4 de mayo de 2023 .- <\/span><\/b><span style=\"font-size: 12.0pt; font-family: 'Verdana',sans-serif;\">Diputadas y diputados del Congreso de Hidalgo presentaron acuerdos econ\u00f3micos para que la Secretar\u00eda del Medio Ambiente y Recursos Naturales del gobierno estatal, atienda la problem\u00e1tica demandada por la ciudadan\u00eda de Atotonilco de Tula en materia de contaminaci\u00f3n por parte de la empresa <a name=\"_Hlk134136474\"><\/a>Caleras Bertr\u00e1n SA de CV. <b><\/b><\/span><\/p><p class=\"MsoNormal\" style=\"margin-bottom: 0cm; text-align: justify; text-indent: 21.25pt; line-height: normal;\"><span style=\"font-size: 12.0pt; font-family: 'Verdana',sans-serif;\">En sesi\u00f3n ordinaria 129, la diputada del Partido del Trabajo (PT), Tania V\u00e1ldez Cuellar, dio a conocer que la poblaci\u00f3n de dicho municipio se acerc\u00f3 al Congreso para externar los riesgos a la salud provocado por la poluci\u00f3n consistente en la excesiva emisi\u00f3n de polvo fino derivado de la producci\u00f3n de cal. <\/span><\/p><p class=\"MsoNormal\" style=\"margin-bottom: 0cm; text-align: justify; text-indent: 21.25pt; line-height: normal;\"><span style=\"font-size: 12.0pt; font-family: 'Verdana',sans-serif;\">Esto, dijo, ha generado problemas en v\u00edas respiratorias, oculares y dermatol\u00f3gicas en la gente, as\u00ed como da\u00f1os al medio ambiente alrededor de las instalaciones de la empresa. <\/span><\/p><p class=\"MsoNormal\" style=\"margin-bottom: 0cm; text-align: justify; text-indent: 21.25pt; line-height: normal;\"><span style=\"font-size: 12.0pt; font-family: 'Verdana',sans-serif;\">Ante la problem\u00e1tica, la legisladora petista dio a conocer que con el acuerdo econ\u00f3mico se busca exhortar a la Secretar\u00eda de Medio Ambiente y Recursos Naturales de Hidalgo a trav\u00e9s de la Procuradur\u00eda de Protecci\u00f3n al Ambiente, para que colabore con las instancias federales para la atenci\u00f3n de la denuncia mencionada con el objeto de privilegiar la protecci\u00f3n al medio ambiente y el derecho humano a la salud de la poblaci\u00f3n de Atotonilco de Tula. <\/span><\/p><p class=\"MsoNormal\" style=\"margin-bottom: 0cm; text-align: justify; text-indent: 21.25pt; line-height: normal;\"><span style=\"font-size: 12.0pt; font-family: 'Verdana',sans-serif;\">Asimismo, se exhorta a la Procuradur\u00eda Federal de Protecci\u00f3n al Ambiente (Profepa) para que realice las diligencias necesarias para atender la denuncia por contaminaci\u00f3n, da\u00f1o ambiental y a la salud por parte de la empresa, y en su caso, ejecutar las sanciones o medidas correspondientes. <\/span><\/p><p class=\"MsoNormal\" style=\"margin-bottom: 0cm; text-align: justify; text-indent: 21.25pt; line-height: normal;\"><span style=\"font-size: 12.0pt; font-family: 'Verdana',sans-serif;\">De igual manera a la Comisi\u00f3n Federal para la Protecci\u00f3n contra Riesgos Sanitarios (Cofepris), para que realice estudios pertinentes para determinar los da\u00f1os a la salud por la contaminaci\u00f3n generada por la empresa calera. <\/span><\/p><p class=\"MsoNormal\" style=\"margin-bottom: 0cm; text-align: justify; text-indent: 21.25pt; line-height: normal;\"><span style=\"font-size: 12.0pt; font-family: 'Verdana',sans-serif;\">Dicho acuerdo econ\u00f3mico fue enviado a las primeras comisiones permanentes de Medio Ambiente, Recursos Naturales y Cambio Clim\u00e1tico y de Salud.<\/span><\/p><p class=\"MsoNormal\" style=\"margin-bottom: 0cm; text-align: justify; text-indent: 21.25pt; line-height: normal;\"><span style=\"font-size: 12.0pt; font-family: 'Verdana',sans-serif;\">Por otra parte, la diputada priista, Roc\u00edo Sosa Jim\u00e9nez, present\u00f3 un acuerdo econ\u00f3mico para implementar acciones coordinadas en materia del cuidado del medio ambiente. <\/span><\/p><p class=\"MsoNormal\" style=\"margin-bottom: 0cm; text-align: justify; text-indent: 21.25pt; line-height: normal;\"><span style=\"font-size: 12.0pt; font-family: 'Verdana',sans-serif;\">De acuerdo con la legisladora, se propone exhortar a la Secretar\u00eda de Medio Ambiente y Recursos Naturales del gobierno estatal, para que informe al Congreso de Hidalgo sobre el Plan de Manejo de Veh\u00edculos al final de su vida, implementado por la administraci\u00f3n federal.<\/span><\/p><p class=\"MsoNormal\" style=\"margin-bottom: 0cm; text-align: justify; text-indent: 21.3pt; line-height: normal;\"><span style=\"font-size: 12.0pt; font-family: 'Verdana',sans-serif;\">\u00a0El acuerdo econ\u00f3mico propuesto fue enviado a la Primera Comisi\u00f3n Permanente de Medio Ambiente, Recursos Naturales y Cambio Clim\u00e1tico<\/span><\/p><p>\u00a0<\/p><p class=\"MsoNormal\" style=\"margin-bottom: 0cm; text-align: justify; text-indent: 21.3pt; line-height: normal;\"><span style=\"font-size: 12.0pt; font-family: 'Verdana',sans-serif;\">\u00a0<\/span><\/p>\t\t\t\t\t\t<\/div>\n\t\t\t\t<\/div>\n\t\t\t\t\t<\/div>\n\t\t<\/div>\n\t\t\t\t\t\t\t<\/div>\n\t\t<\/section>\n\t\t\t\t\t\t\t<\/div>\n\t\t","protected":false},"excerpt":{"rendered":"<p>*Causa problemas de salud respiratorios y dermatol\u00f3gicos en Atotonilco de Tula Pachuca, Hgo; 4 de mayo de 2023 .- Diputadas y diputados del Congreso de Hidalgo presentaron acuerdos econ\u00f3micos para que la Secretar\u00eda del Medio Ambiente y Recursos Naturales del gobierno estatal, atienda la problem\u00e1tica demandada por la ciudadan\u00eda de Atotonilco de Tula en materia [&hellip;]<\/p>\n","protected":false},"author":1,"featured_media":7847,"comment_status":"closed","ping_status":"closed","sticky":false,"template":"","format":"standard","meta":[],"categories":[3],"tags":[],"_links":{"self":[{"href":"https:\/\/www.diarionoti7.com.mx\/index.php?rest_route=\/wp\/v2\/posts\/7845"}],"collection":[{"href":"https:\/\/www.diarionoti7.com.mx\/index.php?rest_route=\/wp\/v2\/posts"}],"about":[{"href":"https:\/\/www.diarionoti7.com.mx\/index.php?rest_route=\/wp\/v2\/types\/post"}],"author":[{"embeddable":true,"href":"https:\/\/www.diarionoti7.com.mx\/index.php?rest_route=\/wp\/v2\/users\/1"}],"replies":[{"embeddable":true,"href":"https:\/\/www.diarionoti7.com.mx\/index.php?rest_route=%2Fwp%2Fv2%2Fcomments&post=7845"}],"version-history":[{"count":4,"href":"https:\/\/www.diarionoti7.com.mx\/index.php?rest_route=\/wp\/v2\/posts\/7845\/revisions"}],"predecessor-version":[{"id":7850,"href":"https:\/\/www.diarionoti7.com.mx\/index.php?rest_route=\/wp\/v2\/posts\/7845\/revisions\/7850"}],"wp:featuredmedia":[{"embeddable":true,"href":"https:\/\/www.diarionoti7.com.mx\/index.php?rest_route=\/wp\/v2\/media\/7847"}],"wp:attachment":[{"href":"https:\/\/www.diarionoti7.com.mx\/index.php?rest_route=%2Fwp%2Fv2%2Fmedia&parent=7845"}],"wp:term":[{"taxonomy":"category","embeddable":true,"href":"https:\/\/www.diarionoti7.com.mx\/index.php?rest_route=%2Fwp%2Fv2%2Fcategories&post=7845"},{"taxonomy":"post_tag","embeddable":true,"href":"https:\/\/www.diarionoti7.com.mx\/index.php?rest_route=%2Fwp%2Fv2%2Ftags&post=7845"}],"curies":[{"name":"wp","href":"https:\/\/api.w.org\/{rel}","templated":true}]}}