{"id":78325,"date":"2025-05-10T09:07:38","date_gmt":"2025-05-10T09:07:38","guid":{"rendered":"https:\/\/www.diarionoti7.com.mx\/?p=78325"},"modified":"2025-05-10T19:08:19","modified_gmt":"2025-05-10T19:08:19","slug":"se-han-inscrito-5-mil-821-jovenes-al-concurso-binacional-mexico-canta-por-la-paz-y-contra-las-adicciones","status":"publish","type":"post","link":"https:\/\/www.diarionoti7.com.mx\/?p=78325","title":{"rendered":"Se Han Inscrito 5 Mil 821 J\u00f3venes al Concurso Binacional \u201cM\u00e9xico Canta Por La Paz y Contra Las Adicciones\u201d"},"content":{"rendered":"\t\t<div data-elementor-type=\"wp-post\" data-elementor-id=\"78325\" class=\"elementor elementor-78325\">\n\t\t\t\t\t\t\t\t\t<section class=\"elementor-section elementor-top-section elementor-element elementor-element-c09b8f0 elementor-section-boxed elementor-section-height-default elementor-section-height-default\" data-id=\"c09b8f0\" data-element_type=\"section\">\n\t\t\t\t\t\t<div class=\"elementor-container elementor-column-gap-default\">\n\t\t\t\t\t<div class=\"elementor-column elementor-col-100 elementor-top-column elementor-element elementor-element-955a561\" data-id=\"955a561\" data-element_type=\"column\">\n\t\t\t<div class=\"elementor-widget-wrap elementor-element-populated\">\n\t\t\t\t\t\t\t\t<div class=\"elementor-element elementor-element-0ce869c elementor-widget elementor-widget-text-editor\" data-id=\"0ce869c\" data-element_type=\"widget\" data-widget_type=\"text-editor.default\">\n\t\t\t\t<div class=\"elementor-widget-container\">\n\t\t\t<style>\/*! elementor - v3.10.2 - 29-01-2023 *\/\n.elementor-widget-text-editor.elementor-drop-cap-view-stacked .elementor-drop-cap{background-color:#818a91;color:#fff}.elementor-widget-text-editor.elementor-drop-cap-view-framed .elementor-drop-cap{color:#818a91;border:3px solid;background-color:transparent}.elementor-widget-text-editor:not(.elementor-drop-cap-view-default) .elementor-drop-cap{margin-top:8px}.elementor-widget-text-editor:not(.elementor-drop-cap-view-default) .elementor-drop-cap-letter{width:1em;height:1em}.elementor-widget-text-editor .elementor-drop-cap{float:left;text-align:center;line-height:1;font-size:50px}.elementor-widget-text-editor .elementor-drop-cap-letter{display:inline-block}<\/style>\t\t\t\t<p><strong>-La Jefa del Ejecutivo Federal record\u00f3 que el concurso de la nueva m\u00fasica mexicana impulsa contenidos que no hagan apolog\u00eda de la violencia ni de las drogas.<\/strong><\/p><p><strong>-De los 5 mil 821 j\u00f3venes inscritos, 4 mil 578 son de M\u00e9xico y mil 243 de Estados Unidos<\/strong><\/p><p><strong>-Las y los j\u00f3venes pueden inscribirse hasta el 30 de mayo en la p\u00e1gina www.mexicocanta.gob.mx<\/strong><\/p><p><strong>Ciudad de M\u00e9xico, 9 de mayo de 2025.-<\/strong> El Gobierno de M\u00e9xico, a trav\u00e9s de la Secretar\u00eda de Cultura, informa que, desde el 28 de abril a la fecha, se han inscrito 5 mil 821 j\u00f3venes al concurso binacional M\u00e9xico canta por la paz y contra las adicciones, de los cuales, 4 mil 578 registros se han hecho en M\u00e9xico y mil 243 en Estados Unidos. La Presidenta Claudia Sheinbaum Pardo record\u00f3 que M\u00e9xico Canta es un concurso de nueva m\u00fasica mexicana que no hace apolog\u00eda a la violencia o al consumo de drogas, por ello invit\u00f3 a inscribirse en la p\u00e1gina www.mexicocanta.gob.mx .<\/p><p>\u201cEste concurso de m\u00fasica, de nueva m\u00fasica mexicana, con contenidos que no hagan apolog\u00eda de la violencia y de las drogas, ya comenz\u00f3 el 28 de abril, ya se han escrito much\u00edsimos\u201d, destac\u00f3 en la conferencia matutina: \u201cLas ma\u00f1aneras del pueblo\u201d.<\/p><p>La secretar\u00eda de Cultura, Claudia Curiel de Icaza, resalt\u00f3 que el concurso binacional M\u00e9xico canta por la paz y contra las adicciones, se encuentra en la fase uno, por ello, las y los j\u00f3venes pueden inscribirse hasta el 30 de mayo e invit\u00f3 a consultar las bases en la p\u00e1gina www.mexicocanta.gob.mx .<\/p><p>\u201cComo se ha mencionado varias veces y es importante reiterar, no se trata de prohibir esa m\u00fasica, pero desde la Secretar\u00eda de Cultura y del Gobierno estamos fomentando la creatividad de las y los j\u00f3venes, as\u00ed como un impulso para preservar y fortalecer los distintos g\u00e9neros de la m\u00fasica mexicana. Hoy, la m\u00fasica mexicana est\u00e1 en el n\u00famero 10 del mercado global y es una de las m\u00e1s importantes en todo el mundo \u201d, destac\u00f3.<\/p><p>Precis\u00f3 que de los 5 mil 821 j\u00f3venes que se han inscrito a la fecha, 4 mil 578 son de M\u00e9xico y las 10 entidades que destacan son Estado de M\u00e9xico, Ciudad de M\u00e9xico, Jalisco, Puebla, Nuevo Le\u00f3n, Guanajuato, Veracruz, Baja California, Michoac\u00e1n y Chihuahua. Mientras que mil 243 personas se registraron en EUA, la mayor parte de California, Texas, Carolina del Norte, Illinois, Oreg\u00f3n, Georgia, Utah, Arizona, Nueva York y Washington.<\/p><p>Detall\u00f3 que, de las modalidades dentro del concurso, la que m\u00e1s presenta registros es la dedicada a quienes cantan y componen, por lo que se tienen inscritos 3 mil 243 cantautores; adem\u00e1s los j\u00f3venes que han mostrado m\u00e1s inter\u00e9s son aquellos que tienen entre 24 y 29 a\u00f1os, que son 64 por ciento de los participantes, y hay un gran equivalente en la participaci\u00f3n entre hombres y mujeres.<\/p><p>Agreg\u00f3 que los g\u00e9neros musicales con m\u00e1s registros son: banda con 2 mil 88; norte\u00f1o con mil 641; campirano con 745; mariachi con 329; bolero con 279; estafa tropical 228; duranguense con 134; mexicana contempor\u00e1nea con 102 \u2013en el que se incluye a los corridos\u2013; y otros g\u00e9neros como el rap, el hip hop, as\u00ed como m\u00fasica tradicional de los pueblos originarios con 285, lo que asegur\u00f3 es muestra de que a\u00fan se mantiene la gran tradici\u00f3n mexicana.<\/p><p>Explic\u00f3 que, el 31 de mayo el jurado de M\u00e9xico canta por la paz y contra las adicciones, que se compone por compositores y cantantes relevantes de la m\u00fasica tradicional mexicana, har\u00e1 la primera selecci\u00f3n de 365 participantes: 10 seleccionados por cada estado de la Rep\u00fablica y 15 por regi\u00f3n de Estados Unidos, para que, a partir del 5 de julio, arranque la segunda etapa, con mecanismos virtuales que ser\u00e1n presentados pr\u00f3ximamente.<\/p><p>La fase tres, record\u00f3, se realizar\u00e1 de manera presencial en siete espacios: tres en EUA y cuatro en M\u00e9xico con una gran final el 5 de octubre en Durango.<\/p>\t\t\t\t\t\t<\/div>\n\t\t\t\t<\/div>\n\t\t\t\t\t<\/div>\n\t\t<\/div>\n\t\t\t\t\t\t\t<\/div>\n\t\t<\/section>\n\t\t\t\t\t\t\t<\/div>\n\t\t","protected":false},"excerpt":{"rendered":"<p>-La Jefa del Ejecutivo Federal record\u00f3 que el concurso de la nueva m\u00fasica mexicana impulsa contenidos que no hagan apolog\u00eda de la violencia ni de las drogas. -De los 5 mil 821 j\u00f3venes inscritos, 4 mil 578 son de M\u00e9xico y mil 243 de Estados Unidos -Las y los j\u00f3venes pueden inscribirse hasta el 30 [&hellip;]<\/p>\n","protected":false},"author":1,"featured_media":78327,"comment_status":"closed","ping_status":"closed","sticky":false,"template":"","format":"standard","meta":[],"categories":[3],"tags":[],"_links":{"self":[{"href":"https:\/\/www.diarionoti7.com.mx\/index.php?rest_route=\/wp\/v2\/posts\/78325"}],"collection":[{"href":"https:\/\/www.diarionoti7.com.mx\/index.php?rest_route=\/wp\/v2\/posts"}],"about":[{"href":"https:\/\/www.diarionoti7.com.mx\/index.php?rest_route=\/wp\/v2\/types\/post"}],"author":[{"embeddable":true,"href":"https:\/\/www.diarionoti7.com.mx\/index.php?rest_route=\/wp\/v2\/users\/1"}],"replies":[{"embeddable":true,"href":"https:\/\/www.diarionoti7.com.mx\/index.php?rest_route=%2Fwp%2Fv2%2Fcomments&post=78325"}],"version-history":[{"count":4,"href":"https:\/\/www.diarionoti7.com.mx\/index.php?rest_route=\/wp\/v2\/posts\/78325\/revisions"}],"predecessor-version":[{"id":78330,"href":"https:\/\/www.diarionoti7.com.mx\/index.php?rest_route=\/wp\/v2\/posts\/78325\/revisions\/78330"}],"wp:featuredmedia":[{"embeddable":true,"href":"https:\/\/www.diarionoti7.com.mx\/index.php?rest_route=\/wp\/v2\/media\/78327"}],"wp:attachment":[{"href":"https:\/\/www.diarionoti7.com.mx\/index.php?rest_route=%2Fwp%2Fv2%2Fmedia&parent=78325"}],"wp:term":[{"taxonomy":"category","embeddable":true,"href":"https:\/\/www.diarionoti7.com.mx\/index.php?rest_route=%2Fwp%2Fv2%2Fcategories&post=78325"},{"taxonomy":"post_tag","embeddable":true,"href":"https:\/\/www.diarionoti7.com.mx\/index.php?rest_route=%2Fwp%2Fv2%2Ftags&post=78325"}],"curies":[{"name":"wp","href":"https:\/\/api.w.org\/{rel}","templated":true}]}}