{"id":78274,"date":"2025-05-10T08:58:46","date_gmt":"2025-05-10T08:58:46","guid":{"rendered":"https:\/\/www.diarionoti7.com.mx\/?p=78274"},"modified":"2025-05-10T18:59:28","modified_gmt":"2025-05-10T18:59:28","slug":"estudiantes-de-la-utvm-capacitaron-a-agricultores-de-ixmiquilpan","status":"publish","type":"post","link":"https:\/\/www.diarionoti7.com.mx\/?p=78274","title":{"rendered":"Estudiantes de la UTVM Capacitaron a Agricultores de Ixmiquilpan"},"content":{"rendered":"\t\t<div data-elementor-type=\"wp-post\" data-elementor-id=\"78274\" class=\"elementor elementor-78274\">\n\t\t\t\t\t\t\t\t\t<section class=\"elementor-section elementor-top-section elementor-element elementor-element-c09b8f0 elementor-section-boxed elementor-section-height-default elementor-section-height-default\" data-id=\"c09b8f0\" data-element_type=\"section\">\n\t\t\t\t\t\t<div class=\"elementor-container elementor-column-gap-default\">\n\t\t\t\t\t<div class=\"elementor-column elementor-col-100 elementor-top-column elementor-element elementor-element-955a561\" data-id=\"955a561\" data-element_type=\"column\">\n\t\t\t<div class=\"elementor-widget-wrap elementor-element-populated\">\n\t\t\t\t\t\t\t\t<div class=\"elementor-element elementor-element-0ce869c elementor-widget elementor-widget-text-editor\" data-id=\"0ce869c\" data-element_type=\"widget\" data-widget_type=\"text-editor.default\">\n\t\t\t\t<div class=\"elementor-widget-container\">\n\t\t\t<style>\/*! elementor - v3.10.2 - 29-01-2023 *\/\n.elementor-widget-text-editor.elementor-drop-cap-view-stacked .elementor-drop-cap{background-color:#818a91;color:#fff}.elementor-widget-text-editor.elementor-drop-cap-view-framed .elementor-drop-cap{color:#818a91;border:3px solid;background-color:transparent}.elementor-widget-text-editor:not(.elementor-drop-cap-view-default) .elementor-drop-cap{margin-top:8px}.elementor-widget-text-editor:not(.elementor-drop-cap-view-default) .elementor-drop-cap-letter{width:1em;height:1em}.elementor-widget-text-editor .elementor-drop-cap{float:left;text-align:center;line-height:1;font-size:50px}.elementor-widget-text-editor .elementor-drop-cap-letter{display:inline-block}<\/style>\t\t\t\t<p><strong>*Impulsan el desarrollo sustentable en la regi\u00f3n con el uso de fertilizantes naturales <\/strong><\/p><p><strong>Pachuca, Hgo., 9 de mayo de 2025.- <\/strong>Estudiantes del programa educativo de Administraci\u00f3n de la Universidad Tecnol\u00f3gica del Valle del Mezquital (UTVM) llevaron a cabo una capacitaci\u00f3n sobre fertilizantes naturales a agricultores de la comunidad de La Estaci\u00f3n, Ixmiquilpan.<\/p><p>Esta iniciativa surgi\u00f3 de un diagn\u00f3stico comunitario realizado en el marco del proyecto integrador Desarrollo y Crecimiento Econ\u00f3mico, que identific\u00f3 la necesidad de impulsar pr\u00e1cticas agr\u00edcolas m\u00e1s sustentables y amigables con el medio ambiente.<\/p><p>A trav\u00e9s de esta actividad, las y los estudiantes fortalecieron sus conocimientos en desarrollo sostenible y adquirieron habilidades clave en gesti\u00f3n de proyectos, liderazgo y vinculaci\u00f3n comunitaria.<\/p><p>Estas acciones responden a las indicaciones del gobernador de Hidalgo, Julio Menchaca Salazar, y dan cumplimiento a las pol\u00edticas p\u00fablicas impulsadas por el secretario de Educaci\u00f3n P\u00fablica en el estado, Natividad Castrej\u00f3n Valdez, enfocadas en el fortalecimiento de la educaci\u00f3n superior y el desarrollo regional sostenible.<\/p><p>El taller fue impartido por especialistas de la Secretar\u00eda de Agricultura y Desarrollo Rural (SADER) federal y por personal t\u00e9cnico del Centro de Apoyo al Desarrollo Rural (CADER) Ixmiquilpan.<\/p><p>Durante la capacitaci\u00f3n se abordaron temas como el uso de fertilizantes naturales y la elaboraci\u00f3n de compostas, combinando sesiones te\u00f3ricas y pr\u00e1cticas en aula y campo. La participaci\u00f3n activa de los estudiantes gener\u00f3 un impacto directo en la comunidad, promoviendo el aprendizaje colaborativo y la aplicaci\u00f3n de t\u00e9cnicas innovadoras en la producci\u00f3n agr\u00edcola.<\/p><p>Los asistentes al taller destacaron la oportunidad de aplicar los conocimientos adquiridos en sus hogares, lo que contribuir\u00e1 a una producci\u00f3n agr\u00edcola m\u00e1s ecol\u00f3gica y eficiente.<\/p><p>Esta actividad benefici\u00f3 tanto al sector agr\u00edcola local como al desarrollo profesional de los estudiantes, quienes fortalecieron competencias clave como: gesti\u00f3n de proyectos con impacto social; trabajo colaborativo y liderazgo; an\u00e1lisis y resoluci\u00f3n de problemas en contextos reales; y sustentabilidad y responsabilidad social.<\/p><p>El rector de la UTVM, Leoncio Mara\u00f1\u00f3n Priego, destac\u00f3 la importancia de vincularse con los distintos sectores sociales y productivos para enriquecer la formaci\u00f3n profesional de las y los universitarios.<\/p><p>\u201cEl compromiso de la UTVM es formar personas profesionales \u00edntegras, conscientes de su entorno y comprometidas con la transformaci\u00f3n positiva del Valle del Mezquital y m\u00e1s all\u00e1\u201d, indic\u00f3.<\/p>\t\t\t\t\t\t<\/div>\n\t\t\t\t<\/div>\n\t\t\t\t\t<\/div>\n\t\t<\/div>\n\t\t\t\t\t\t\t<\/div>\n\t\t<\/section>\n\t\t\t\t<section class=\"elementor-section elementor-top-section elementor-element elementor-element-0bd9d44 elementor-section-boxed elementor-section-height-default elementor-section-height-default\" data-id=\"0bd9d44\" data-element_type=\"section\">\n\t\t\t\t\t\t<div class=\"elementor-container elementor-column-gap-default\">\n\t\t\t\t\t<div class=\"elementor-column elementor-col-100 elementor-top-column elementor-element elementor-element-a80a31e\" data-id=\"a80a31e\" data-element_type=\"column\">\n\t\t\t<div class=\"elementor-widget-wrap elementor-element-populated\">\n\t\t\t\t\t\t\t\t\t<\/div>\n\t\t<\/div>\n\t\t\t\t\t\t\t<\/div>\n\t\t<\/section>\n\t\t\t\t\t\t\t<\/div>\n\t\t","protected":false},"excerpt":{"rendered":"<p>*Impulsan el desarrollo sustentable en la regi\u00f3n con el uso de fertilizantes naturales Pachuca, Hgo., 9 de mayo de 2025.- Estudiantes del programa educativo de Administraci\u00f3n de la Universidad Tecnol\u00f3gica del Valle del Mezquital (UTVM) llevaron a cabo una capacitaci\u00f3n sobre fertilizantes naturales a agricultores de la comunidad de La Estaci\u00f3n, Ixmiquilpan. Esta iniciativa surgi\u00f3 [&hellip;]<\/p>\n","protected":false},"author":1,"featured_media":78276,"comment_status":"closed","ping_status":"closed","sticky":false,"template":"","format":"standard","meta":[],"categories":[4],"tags":[],"_links":{"self":[{"href":"https:\/\/www.diarionoti7.com.mx\/index.php?rest_route=\/wp\/v2\/posts\/78274"}],"collection":[{"href":"https:\/\/www.diarionoti7.com.mx\/index.php?rest_route=\/wp\/v2\/posts"}],"about":[{"href":"https:\/\/www.diarionoti7.com.mx\/index.php?rest_route=\/wp\/v2\/types\/post"}],"author":[{"embeddable":true,"href":"https:\/\/www.diarionoti7.com.mx\/index.php?rest_route=\/wp\/v2\/users\/1"}],"replies":[{"embeddable":true,"href":"https:\/\/www.diarionoti7.com.mx\/index.php?rest_route=%2Fwp%2Fv2%2Fcomments&post=78274"}],"version-history":[{"count":4,"href":"https:\/\/www.diarionoti7.com.mx\/index.php?rest_route=\/wp\/v2\/posts\/78274\/revisions"}],"predecessor-version":[{"id":78279,"href":"https:\/\/www.diarionoti7.com.mx\/index.php?rest_route=\/wp\/v2\/posts\/78274\/revisions\/78279"}],"wp:featuredmedia":[{"embeddable":true,"href":"https:\/\/www.diarionoti7.com.mx\/index.php?rest_route=\/wp\/v2\/media\/78276"}],"wp:attachment":[{"href":"https:\/\/www.diarionoti7.com.mx\/index.php?rest_route=%2Fwp%2Fv2%2Fmedia&parent=78274"}],"wp:term":[{"taxonomy":"category","embeddable":true,"href":"https:\/\/www.diarionoti7.com.mx\/index.php?rest_route=%2Fwp%2Fv2%2Fcategories&post=78274"},{"taxonomy":"post_tag","embeddable":true,"href":"https:\/\/www.diarionoti7.com.mx\/index.php?rest_route=%2Fwp%2Fv2%2Ftags&post=78274"}],"curies":[{"name":"wp","href":"https:\/\/api.w.org\/{rel}","templated":true}]}}