{"id":78221,"date":"2025-05-09T08:36:25","date_gmt":"2025-05-09T08:36:25","guid":{"rendered":"https:\/\/www.diarionoti7.com.mx\/?p=78221"},"modified":"2025-05-09T18:37:37","modified_gmt":"2025-05-09T18:37:37","slug":"celebra-a-mama-entre-arte-y-tradicion-en-manos-que-crean","status":"publish","type":"post","link":"https:\/\/www.diarionoti7.com.mx\/?p=78221","title":{"rendered":"Celebra a Mam\u00e1 Entre Arte y Tradici\u00f3n en \u201cManos Que Crean\u201d"},"content":{"rendered":"\t\t<div data-elementor-type=\"wp-post\" data-elementor-id=\"78221\" class=\"elementor elementor-78221\">\n\t\t\t\t\t\t\t\t\t<section class=\"elementor-section elementor-top-section elementor-element elementor-element-c09b8f0 elementor-section-boxed elementor-section-height-default elementor-section-height-default\" data-id=\"c09b8f0\" data-element_type=\"section\">\n\t\t\t\t\t\t<div class=\"elementor-container elementor-column-gap-default\">\n\t\t\t\t\t<div class=\"elementor-column elementor-col-100 elementor-top-column elementor-element elementor-element-955a561\" data-id=\"955a561\" data-element_type=\"column\">\n\t\t\t<div class=\"elementor-widget-wrap elementor-element-populated\">\n\t\t\t\t\t\t\t\t<div class=\"elementor-element elementor-element-0ce869c elementor-widget elementor-widget-text-editor\" data-id=\"0ce869c\" data-element_type=\"widget\" data-widget_type=\"text-editor.default\">\n\t\t\t\t<div class=\"elementor-widget-container\">\n\t\t\t<style>\/*! elementor - v3.10.2 - 29-01-2023 *\/\n.elementor-widget-text-editor.elementor-drop-cap-view-stacked .elementor-drop-cap{background-color:#818a91;color:#fff}.elementor-widget-text-editor.elementor-drop-cap-view-framed .elementor-drop-cap{color:#818a91;border:3px solid;background-color:transparent}.elementor-widget-text-editor:not(.elementor-drop-cap-view-default) .elementor-drop-cap{margin-top:8px}.elementor-widget-text-editor:not(.elementor-drop-cap-view-default) .elementor-drop-cap-letter{width:1em;height:1em}.elementor-widget-text-editor .elementor-drop-cap{float:left;text-align:center;line-height:1;font-size:50px}.elementor-widget-text-editor .elementor-drop-cap-letter{display:inline-block}<\/style>\t\t\t\t<p><strong>* Se presentar\u00e1n expositores de cinco regiones de la entidad<\/strong><\/p><p><strong>*Habr\u00e1 m\u00fasica en vivo, artesan\u00edas y comida con lo mejor de los sabores tradicionales en Plaza Ju\u00e1rez<\/strong><\/p><p><strong>Pachuca, Hgo., 8 de mayo de 2025.- <\/strong>Este 9 de mayo, m\u00e1s de 15 expositores se dar\u00e1n cita en Plaza Ju\u00e1rez para compartir su trabajo y celebrar el D\u00eda de las Madres a trav\u00e9s del arte popular, y la riqueza cultural de Hidalgo, a trav\u00e9s de la exposici\u00f3n \u201cManos que crean\u201d.<\/p><p>Esta es una iniciativa que busca abrir espacios de encuentro, comercializaci\u00f3n y visibilidad para artesanas, artesanos y cocineras tradicionales del estado, generando un v\u00ednculo directo entre la cultura y la comunidad.<\/p><p>Desde las 10:00 y hasta las 17:00 horas, visitantes y familias podr\u00e1n recorrer esta expo-venta artesanal donde estar\u00e1n representadas cinco de las diez regiones geoculturales del estado: Altiplanicie Pulquera, Cuenca de M\u00e9xico, Otom\u00ed-Tepehua, Valle del Mezquital y Valle de Tulancingo.<\/p><p>Los asistentes podr\u00e1n encontrar creaciones elaboradas en t\u00e9cnicas como el popotillo, ixtle, carrizo, hoja de ma\u00edz y cer\u00e1mica, adem\u00e1s de joyer\u00eda artesanal y productos naturales para el hogar.<\/p><p>Tambi\u00e9n habr\u00e1 dulces t\u00edpicos, cajeta, semillas garapi\u00f1adas, licores, cacao y otros sabores tradicionales.<\/p><p>La experiencia se complementar\u00e1 con m\u00fasica en vivo a partir de las 12:00 del d\u00eda, en un ambiente festivo y familiar que invita a celebrar a las mam\u00e1s con identidad, cultura y cercan\u00eda.<\/p><p>La Secretar\u00eda de Cultura de Hidalgo reafirma con esta actividad su compromiso por visibilizar el arte popular, fortalecer la econom\u00eda local y brindar espacios dignos para que las comunidades artesanas compartan su talento con orgullo.<\/p><p>La cita es este 9 de mayo en Plaza Ju\u00e1rez, a un costado del Teatro Hidalgo Bartolom\u00e9 de Medina, en la capital hidalguense.<\/p>\t\t\t\t\t\t<\/div>\n\t\t\t\t<\/div>\n\t\t\t\t\t<\/div>\n\t\t<\/div>\n\t\t\t\t\t\t\t<\/div>\n\t\t<\/section>\n\t\t\t\t<section class=\"elementor-section elementor-top-section elementor-element elementor-element-0bd9d44 elementor-section-boxed elementor-section-height-default elementor-section-height-default\" data-id=\"0bd9d44\" data-element_type=\"section\">\n\t\t\t\t\t\t<div class=\"elementor-container elementor-column-gap-default\">\n\t\t\t\t\t<div class=\"elementor-column elementor-col-100 elementor-top-column elementor-element elementor-element-a80a31e\" data-id=\"a80a31e\" data-element_type=\"column\">\n\t\t\t<div class=\"elementor-widget-wrap elementor-element-populated\">\n\t\t\t\t\t\t\t\t\t<\/div>\n\t\t<\/div>\n\t\t\t\t\t\t\t<\/div>\n\t\t<\/section>\n\t\t\t\t\t\t\t<\/div>\n\t\t","protected":false},"excerpt":{"rendered":"<p>* Se presentar\u00e1n expositores de cinco regiones de la entidad *Habr\u00e1 m\u00fasica en vivo, artesan\u00edas y comida con lo mejor de los sabores tradicionales en Plaza Ju\u00e1rez Pachuca, Hgo., 8 de mayo de 2025.- Este 9 de mayo, m\u00e1s de 15 expositores se dar\u00e1n cita en Plaza Ju\u00e1rez para compartir su trabajo y celebrar el [&hellip;]<\/p>\n","protected":false},"author":1,"featured_media":78223,"comment_status":"closed","ping_status":"closed","sticky":false,"template":"","format":"standard","meta":[],"categories":[4],"tags":[],"_links":{"self":[{"href":"https:\/\/www.diarionoti7.com.mx\/index.php?rest_route=\/wp\/v2\/posts\/78221"}],"collection":[{"href":"https:\/\/www.diarionoti7.com.mx\/index.php?rest_route=\/wp\/v2\/posts"}],"about":[{"href":"https:\/\/www.diarionoti7.com.mx\/index.php?rest_route=\/wp\/v2\/types\/post"}],"author":[{"embeddable":true,"href":"https:\/\/www.diarionoti7.com.mx\/index.php?rest_route=\/wp\/v2\/users\/1"}],"replies":[{"embeddable":true,"href":"https:\/\/www.diarionoti7.com.mx\/index.php?rest_route=%2Fwp%2Fv2%2Fcomments&post=78221"}],"version-history":[{"count":4,"href":"https:\/\/www.diarionoti7.com.mx\/index.php?rest_route=\/wp\/v2\/posts\/78221\/revisions"}],"predecessor-version":[{"id":78226,"href":"https:\/\/www.diarionoti7.com.mx\/index.php?rest_route=\/wp\/v2\/posts\/78221\/revisions\/78226"}],"wp:featuredmedia":[{"embeddable":true,"href":"https:\/\/www.diarionoti7.com.mx\/index.php?rest_route=\/wp\/v2\/media\/78223"}],"wp:attachment":[{"href":"https:\/\/www.diarionoti7.com.mx\/index.php?rest_route=%2Fwp%2Fv2%2Fmedia&parent=78221"}],"wp:term":[{"taxonomy":"category","embeddable":true,"href":"https:\/\/www.diarionoti7.com.mx\/index.php?rest_route=%2Fwp%2Fv2%2Fcategories&post=78221"},{"taxonomy":"post_tag","embeddable":true,"href":"https:\/\/www.diarionoti7.com.mx\/index.php?rest_route=%2Fwp%2Fv2%2Ftags&post=78221"}],"curies":[{"name":"wp","href":"https:\/\/api.w.org\/{rel}","templated":true}]}}