{"id":78095,"date":"2025-05-08T09:19:52","date_gmt":"2025-05-08T09:19:52","guid":{"rendered":"https:\/\/www.diarionoti7.com.mx\/?p=78095"},"modified":"2025-05-08T19:21:42","modified_gmt":"2025-05-08T19:21:42","slug":"chapulhuacan-fue-sede-de-la-7a-edicion-de-los-dialogos-por-la-democracia-y-la-justicia-electoral","status":"publish","type":"post","link":"https:\/\/www.diarionoti7.com.mx\/?p=78095","title":{"rendered":"Chapulhuac\u00e1n Fue Sede de la 7\u00aa Edici\u00f3n de los Di\u00e1logos por la Democracia y la Justicia Electoral"},"content":{"rendered":"\t\t<div data-elementor-type=\"wp-post\" data-elementor-id=\"78095\" class=\"elementor elementor-78095\">\n\t\t\t\t\t\t\t\t\t<section class=\"elementor-section elementor-top-section elementor-element elementor-element-c09b8f0 elementor-section-boxed elementor-section-height-default elementor-section-height-default\" data-id=\"c09b8f0\" data-element_type=\"section\">\n\t\t\t\t\t\t<div class=\"elementor-container elementor-column-gap-default\">\n\t\t\t\t\t<div class=\"elementor-column elementor-col-100 elementor-top-column elementor-element elementor-element-955a561\" data-id=\"955a561\" data-element_type=\"column\">\n\t\t\t<div class=\"elementor-widget-wrap elementor-element-populated\">\n\t\t\t\t\t\t\t\t<div class=\"elementor-element elementor-element-0ce869c elementor-widget elementor-widget-text-editor\" data-id=\"0ce869c\" data-element_type=\"widget\" data-widget_type=\"text-editor.default\">\n\t\t\t\t<div class=\"elementor-widget-container\">\n\t\t\t<style>\/*! elementor - v3.10.2 - 29-01-2023 *\/\n.elementor-widget-text-editor.elementor-drop-cap-view-stacked .elementor-drop-cap{background-color:#818a91;color:#fff}.elementor-widget-text-editor.elementor-drop-cap-view-framed .elementor-drop-cap{color:#818a91;border:3px solid;background-color:transparent}.elementor-widget-text-editor:not(.elementor-drop-cap-view-default) .elementor-drop-cap{margin-top:8px}.elementor-widget-text-editor:not(.elementor-drop-cap-view-default) .elementor-drop-cap-letter{width:1em;height:1em}.elementor-widget-text-editor .elementor-drop-cap{float:left;text-align:center;line-height:1;font-size:50px}.elementor-widget-text-editor .elementor-drop-cap-letter{display:inline-block}<\/style>\t\t\t\t<p><strong>Chapulhuacan, Hgo., 7 de mayo de 2025-<\/strong>Chapulhuac\u00e1n, Hidalgo, fue el escenario de una jornada m\u00e1s de los Di\u00e1logos por la Democracia y la Justicia Electoral, iniciativa impulsada por el Tribunal Electoral del Estado de Hidalgo (TEEH) que busca fortalecer la cultura democr\u00e1tica a trav\u00e9s del intercambio directo con la ciudadan\u00eda.<\/p><p>En esta s\u00e9ptima edici\u00f3n, el TEEH convoc\u00f3 a autoridades municipales, regidores, s\u00edndicos, delegados auxiliares y habitantes de la regi\u00f3n para reflexionar colectivamente sobre los retos y oportunidades de la justicia electoral en el \u00e1mbito local.<\/p><p>Durante el encuentro, se abordaron temas clave sobre participaci\u00f3n ciudadana, legalidad y mecanismos de resoluci\u00f3n de conflictos electorales, promoviendo un espacio plural y abierto al di\u00e1logo.<\/p><p>El Tribunal Electoral agradece la hospitalidad de Chapulhuac\u00e1n y reconoce el inter\u00e9s y la participaci\u00f3n activa de su comunidad, reafirmando as\u00ed su compromiso de acercar la justicia electoral a todos los rincones del estado.<\/p><p>Con estas acciones, el TEEH contin\u00faa impulsando una ciudadan\u00eda m\u00e1s informada, cr\u00edtica y participativa, en favor de una democracia s\u00f3lida e incluyente.<\/p>\t\t\t\t\t\t<\/div>\n\t\t\t\t<\/div>\n\t\t\t\t\t<\/div>\n\t\t<\/div>\n\t\t\t\t\t\t\t<\/div>\n\t\t<\/section>\n\t\t\t\t<section class=\"elementor-section elementor-top-section elementor-element elementor-element-0bd9d44 elementor-section-boxed elementor-section-height-default elementor-section-height-default\" data-id=\"0bd9d44\" data-element_type=\"section\">\n\t\t\t\t\t\t<div class=\"elementor-container elementor-column-gap-default\">\n\t\t\t\t\t<div class=\"elementor-column elementor-col-100 elementor-top-column elementor-element elementor-element-a80a31e\" data-id=\"a80a31e\" data-element_type=\"column\">\n\t\t\t<div class=\"elementor-widget-wrap elementor-element-populated\">\n\t\t\t\t\t\t\t\t\t<\/div>\n\t\t<\/div>\n\t\t\t\t\t\t\t<\/div>\n\t\t<\/section>\n\t\t\t\t\t\t\t<\/div>\n\t\t","protected":false},"excerpt":{"rendered":"<p>Chapulhuacan, Hgo., 7 de mayo de 2025-Chapulhuac\u00e1n, Hidalgo, fue el escenario de una jornada m\u00e1s de los Di\u00e1logos por la Democracia y la Justicia Electoral, iniciativa impulsada por el Tribunal Electoral del Estado de Hidalgo (TEEH) que busca fortalecer la cultura democr\u00e1tica a trav\u00e9s del intercambio directo con la ciudadan\u00eda. En esta s\u00e9ptima edici\u00f3n, el [&hellip;]<\/p>\n","protected":false},"author":1,"featured_media":78097,"comment_status":"closed","ping_status":"closed","sticky":false,"template":"","format":"standard","meta":[],"categories":[7],"tags":[],"_links":{"self":[{"href":"https:\/\/www.diarionoti7.com.mx\/index.php?rest_route=\/wp\/v2\/posts\/78095"}],"collection":[{"href":"https:\/\/www.diarionoti7.com.mx\/index.php?rest_route=\/wp\/v2\/posts"}],"about":[{"href":"https:\/\/www.diarionoti7.com.mx\/index.php?rest_route=\/wp\/v2\/types\/post"}],"author":[{"embeddable":true,"href":"https:\/\/www.diarionoti7.com.mx\/index.php?rest_route=\/wp\/v2\/users\/1"}],"replies":[{"embeddable":true,"href":"https:\/\/www.diarionoti7.com.mx\/index.php?rest_route=%2Fwp%2Fv2%2Fcomments&post=78095"}],"version-history":[{"count":4,"href":"https:\/\/www.diarionoti7.com.mx\/index.php?rest_route=\/wp\/v2\/posts\/78095\/revisions"}],"predecessor-version":[{"id":78100,"href":"https:\/\/www.diarionoti7.com.mx\/index.php?rest_route=\/wp\/v2\/posts\/78095\/revisions\/78100"}],"wp:featuredmedia":[{"embeddable":true,"href":"https:\/\/www.diarionoti7.com.mx\/index.php?rest_route=\/wp\/v2\/media\/78097"}],"wp:attachment":[{"href":"https:\/\/www.diarionoti7.com.mx\/index.php?rest_route=%2Fwp%2Fv2%2Fmedia&parent=78095"}],"wp:term":[{"taxonomy":"category","embeddable":true,"href":"https:\/\/www.diarionoti7.com.mx\/index.php?rest_route=%2Fwp%2Fv2%2Fcategories&post=78095"},{"taxonomy":"post_tag","embeddable":true,"href":"https:\/\/www.diarionoti7.com.mx\/index.php?rest_route=%2Fwp%2Fv2%2Ftags&post=78095"}],"curies":[{"name":"wp","href":"https:\/\/api.w.org\/{rel}","templated":true}]}}