{"id":78076,"date":"2025-05-08T09:16:28","date_gmt":"2025-05-08T09:16:28","guid":{"rendered":"https:\/\/www.diarionoti7.com.mx\/?p=78076"},"modified":"2025-05-08T19:17:22","modified_gmt":"2025-05-08T19:17:22","slug":"gobierno-del-estado-gastara-5-millones-de-pesos-en-la-reinauguracion-del-parque-david-ben-gurion-ahora-parque-cultural-hidalguense","status":"publish","type":"post","link":"https:\/\/www.diarionoti7.com.mx\/?p=78076","title":{"rendered":"Gobierno del Estado Gastar\u00e1 5 Millones de Pesos en la Reinauguraci\u00f3n del Parque David Ben Guri\u00f3n, Ahora Parque Cultural Hidalguense."},"content":{"rendered":"\t\t<div data-elementor-type=\"wp-post\" data-elementor-id=\"78076\" class=\"elementor elementor-78076\">\n\t\t\t\t\t\t\t\t\t<section class=\"elementor-section elementor-top-section elementor-element elementor-element-c09b8f0 elementor-section-boxed elementor-section-height-default elementor-section-height-default\" data-id=\"c09b8f0\" data-element_type=\"section\">\n\t\t\t\t\t\t<div class=\"elementor-container elementor-column-gap-default\">\n\t\t\t\t\t<div class=\"elementor-column elementor-col-100 elementor-top-column elementor-element elementor-element-955a561\" data-id=\"955a561\" data-element_type=\"column\">\n\t\t\t<div class=\"elementor-widget-wrap elementor-element-populated\">\n\t\t\t\t\t\t\t\t<div class=\"elementor-element elementor-element-0ce869c elementor-widget elementor-widget-text-editor\" data-id=\"0ce869c\" data-element_type=\"widget\" data-widget_type=\"text-editor.default\">\n\t\t\t\t<div class=\"elementor-widget-container\">\n\t\t\t<style>\/*! elementor - v3.10.2 - 29-01-2023 *\/\n.elementor-widget-text-editor.elementor-drop-cap-view-stacked .elementor-drop-cap{background-color:#818a91;color:#fff}.elementor-widget-text-editor.elementor-drop-cap-view-framed .elementor-drop-cap{color:#818a91;border:3px solid;background-color:transparent}.elementor-widget-text-editor:not(.elementor-drop-cap-view-default) .elementor-drop-cap{margin-top:8px}.elementor-widget-text-editor:not(.elementor-drop-cap-view-default) .elementor-drop-cap-letter{width:1em;height:1em}.elementor-widget-text-editor .elementor-drop-cap{float:left;text-align:center;line-height:1;font-size:50px}.elementor-widget-text-editor .elementor-drop-cap-letter{display:inline-block}<\/style>\t\t\t\t<p><strong>Pachuca, Hgo., 7 de mayo 2026.- <\/strong>En agosto de 2023, el entonces subsecretario de Infraestructura, Jorge Reyes Hern\u00e1ndez,\u00a0<strong>anunci\u00f3 la remodelaci\u00f3n del parque David Ben Guri\u00f3n, una obra en la que, desde entonces, se han invertido 332 millones de pesos<\/strong><strong>,<\/strong> destinados tanto al proyecto ejecutivo como a las labores de construcci\u00f3n.<\/p><p>Ahora, el titular de la Oficial\u00eda Mayor, Orlando \u00c1ngeles P\u00e9rez,\u00a0inform\u00f3 que\u00a0<a href=\"https:\/\/criteriohidalgo.com\/noticias\/hidalgo\/inauguracion-del-parque-david-ben-gurion-sera-el-11-de-mayo\">fueron destinados 5 millones de pesos para la reinauguraci\u00f3n del parque David Ben Guri\u00f3n<\/a>, que ahora llevar\u00e1 tambi\u00e9n por nombre Parque Cultural Hidalguense.<\/p><p>El funcionario indic\u00f3 que, en el caso de los artistas que se presentar\u00e1n el pr\u00f3ximo domingo, se erogaron 3.8 millones de pesos, los cuales fueron contratados mediante adjudicaci\u00f3n directa.<\/p><p>De igual forma,\u00a0confirm\u00f3 el cambio del nombre al recinto, de parque David Ben Guri\u00f3n a Parque Cultural Hidalguense, del que dijo que no fue necesario realizar alg\u00fan tipo de procedimiento para la modificaci\u00f3n, sin precisar las razones.<\/p><p>\u201cTodas las actividades que vamos a estar desarrollando el domingo 11 costaron alrededor de 5 millones de pesos, desde el artista, todas las actividades que van a conformar la inauguraci\u00f3n del nuevo parque\u201d.<\/p><p>De acuerdo con la cartelera oficial de la reinauguraci\u00f3n, adem\u00e1s de las actividades deportivas y culturales,\u00a0habr\u00e1 un concierto de 90\u2019s Pop Tour, en el que estar\u00e1n Magneto, JNS y Kabah, a partir de las 20:00 horas del pr\u00f3ximo domingo y con entrada libre.<\/p><p>El \u00e1rea de Comunicaci\u00f3n Social del gobierno estatal inform\u00f3 que \u00a0<a href=\"https:\/\/criteriohidalgo.com\/noticias\/hidalgo\/el-90s-pop-tour-llega-a-pachuca-para-inaugurar-el-parque-david-ben-gurion\">las actividades para la reapertura del parque David Ben Guri\u00f3n<\/a>\u00a0comenzar\u00e1n a las 7:00 horas\u00a0con un programa recreativo, para posteriormente dar paso al acto protocolario.<\/p><p>En este evento se prev\u00e9 la asistencia del gobernador Julio Menchaca, as\u00ed como de otros funcionarios estatales, para celebrar el D\u00eda del Ni\u00f1o, de la Ni\u00f1a, de las Madres, y de las y los Maestros.<\/p>\t\t\t\t\t\t<\/div>\n\t\t\t\t<\/div>\n\t\t\t\t\t<\/div>\n\t\t<\/div>\n\t\t\t\t\t\t\t<\/div>\n\t\t<\/section>\n\t\t\t\t<section class=\"elementor-section elementor-top-section elementor-element elementor-element-0bd9d44 elementor-section-boxed elementor-section-height-default elementor-section-height-default\" data-id=\"0bd9d44\" data-element_type=\"section\">\n\t\t\t\t\t\t<div class=\"elementor-container elementor-column-gap-default\">\n\t\t\t\t\t<div class=\"elementor-column elementor-col-100 elementor-top-column elementor-element elementor-element-a80a31e\" data-id=\"a80a31e\" data-element_type=\"column\">\n\t\t\t<div class=\"elementor-widget-wrap elementor-element-populated\">\n\t\t\t\t\t\t\t\t\t<\/div>\n\t\t<\/div>\n\t\t\t\t\t\t\t<\/div>\n\t\t<\/section>\n\t\t\t\t\t\t\t<\/div>\n\t\t","protected":false},"excerpt":{"rendered":"<p>Pachuca, Hgo., 7 de mayo 2026.- En agosto de 2023, el entonces subsecretario de Infraestructura, Jorge Reyes Hern\u00e1ndez,\u00a0anunci\u00f3 la remodelaci\u00f3n del parque David Ben Guri\u00f3n, una obra en la que, desde entonces, se han invertido 332 millones de pesos, destinados tanto al proyecto ejecutivo como a las labores de construcci\u00f3n. Ahora, el titular de la [&hellip;]<\/p>\n","protected":false},"author":1,"featured_media":78078,"comment_status":"closed","ping_status":"closed","sticky":false,"template":"","format":"standard","meta":[],"categories":[6],"tags":[],"_links":{"self":[{"href":"https:\/\/www.diarionoti7.com.mx\/index.php?rest_route=\/wp\/v2\/posts\/78076"}],"collection":[{"href":"https:\/\/www.diarionoti7.com.mx\/index.php?rest_route=\/wp\/v2\/posts"}],"about":[{"href":"https:\/\/www.diarionoti7.com.mx\/index.php?rest_route=\/wp\/v2\/types\/post"}],"author":[{"embeddable":true,"href":"https:\/\/www.diarionoti7.com.mx\/index.php?rest_route=\/wp\/v2\/users\/1"}],"replies":[{"embeddable":true,"href":"https:\/\/www.diarionoti7.com.mx\/index.php?rest_route=%2Fwp%2Fv2%2Fcomments&post=78076"}],"version-history":[{"count":4,"href":"https:\/\/www.diarionoti7.com.mx\/index.php?rest_route=\/wp\/v2\/posts\/78076\/revisions"}],"predecessor-version":[{"id":78081,"href":"https:\/\/www.diarionoti7.com.mx\/index.php?rest_route=\/wp\/v2\/posts\/78076\/revisions\/78081"}],"wp:featuredmedia":[{"embeddable":true,"href":"https:\/\/www.diarionoti7.com.mx\/index.php?rest_route=\/wp\/v2\/media\/78078"}],"wp:attachment":[{"href":"https:\/\/www.diarionoti7.com.mx\/index.php?rest_route=%2Fwp%2Fv2%2Fmedia&parent=78076"}],"wp:term":[{"taxonomy":"category","embeddable":true,"href":"https:\/\/www.diarionoti7.com.mx\/index.php?rest_route=%2Fwp%2Fv2%2Fcategories&post=78076"},{"taxonomy":"post_tag","embeddable":true,"href":"https:\/\/www.diarionoti7.com.mx\/index.php?rest_route=%2Fwp%2Fv2%2Ftags&post=78076"}],"curies":[{"name":"wp","href":"https:\/\/api.w.org\/{rel}","templated":true}]}}