{"id":77998,"date":"2025-05-07T10:01:18","date_gmt":"2025-05-07T10:01:18","guid":{"rendered":"https:\/\/www.diarionoti7.com.mx\/?p=77998"},"modified":"2025-05-07T22:02:16","modified_gmt":"2025-05-07T22:02:16","slug":"seph-invierte-mas-de-2-mdp-en-mobiliario-y-mejoras-de-infraestructura-en-zapotlan","status":"publish","type":"post","link":"https:\/\/www.diarionoti7.com.mx\/?p=77998","title":{"rendered":"SEPH Invierte M\u00e1s de 2 Mdp en Mobiliario y Mejoras de Infraestructura en Zapotl\u00e1n"},"content":{"rendered":"\t\t<div data-elementor-type=\"wp-post\" data-elementor-id=\"77998\" class=\"elementor elementor-77998\">\n\t\t\t\t\t\t\t\t\t<section class=\"elementor-section elementor-top-section elementor-element elementor-element-c09b8f0 elementor-section-boxed elementor-section-height-default elementor-section-height-default\" data-id=\"c09b8f0\" data-element_type=\"section\">\n\t\t\t\t\t\t<div class=\"elementor-container elementor-column-gap-default\">\n\t\t\t\t\t<div class=\"elementor-column elementor-col-100 elementor-top-column elementor-element elementor-element-955a561\" data-id=\"955a561\" data-element_type=\"column\">\n\t\t\t<div class=\"elementor-widget-wrap elementor-element-populated\">\n\t\t\t\t\t\t\t\t<div class=\"elementor-element elementor-element-0ce869c elementor-widget elementor-widget-text-editor\" data-id=\"0ce869c\" data-element_type=\"widget\" data-widget_type=\"text-editor.default\">\n\t\t\t\t<div class=\"elementor-widget-container\">\n\t\t\t<style>\/*! elementor - v3.10.2 - 29-01-2023 *\/\n.elementor-widget-text-editor.elementor-drop-cap-view-stacked .elementor-drop-cap{background-color:#818a91;color:#fff}.elementor-widget-text-editor.elementor-drop-cap-view-framed .elementor-drop-cap{color:#818a91;border:3px solid;background-color:transparent}.elementor-widget-text-editor:not(.elementor-drop-cap-view-default) .elementor-drop-cap{margin-top:8px}.elementor-widget-text-editor:not(.elementor-drop-cap-view-default) .elementor-drop-cap-letter{width:1em;height:1em}.elementor-widget-text-editor .elementor-drop-cap{float:left;text-align:center;line-height:1;font-size:50px}.elementor-widget-text-editor .elementor-drop-cap-letter{display:inline-block}<\/style>\t\t\t\t<p><strong>*Benefician a 2 mil 853 estudiantes de primaria y secundaria<\/strong><\/p><p><strong>Pachuca, Hgo., 6 de mayo de 2025.- <\/strong>Con una inversi\u00f3n de m\u00e1s de 2 millones 373 mil 653 pesos, el gobierno de Hidalgo, encabezado por Julio Menchaca Salazar, a trav\u00e9s de la Secretar\u00eda de Educaci\u00f3n P\u00fablica de la entidad (SEPH), fortalecen las habilidades acad\u00e9micas de los alumnos de primaria y secundaria, en el municipio de Zapotl\u00e1n de Ju\u00e1rez, mediante la entrega de mobiliario, equipo de c\u00f3mputo, materiales y mejoras en la infraestructura educativa.<\/p><p>El secretario de Educaci\u00f3n P\u00fablica de Hidalgo, Natividad Castrej\u00f3n Valdez, encabez\u00f3 el martes c\u00edvico en la Escuela Primaria General Ignacio Zaragoza, donde entreg\u00f3 instrumentos para banda de guerra y kits de art\u00edculos deportivos, con una inversi\u00f3n de 148 mil 319 pesos.<\/p><p>Adem\u00e1s, dot\u00f3 de mobiliario educativo y equipo tecnol\u00f3gico a 9 escuelas p\u00fablicas de educaci\u00f3n b\u00e1sica, beneficiando a 2 mil 853 alumnas y alumnos, con una inversi\u00f3n de 693 mil 941 pesos.<\/p><p>Natividad Castrej\u00f3n enfatiz\u00f3 que la Nueva Escuela Mexicana (NEM) gu\u00eda el trabajo en todas las escuelas, con el objetivo de formar estudiantes con una visi\u00f3n integral a trav\u00e9s de un enfoque cr\u00edtico, humanista y comunitario.<\/p><p>&#8220;Estoy convencido de que las escuelas beneficiadas y la comunidad educativa trabajar\u00e1n juntos para cuidar y mantener los recursos recibidos. Invit\u00f3 a directivos y docentes a seguir esforz\u00e1ndose por brindar una educaci\u00f3n de excelencia que permita a nuestros alumnos alcanzar sus metas y desarrollarse plenamente\u201d, agreg\u00f3.<\/p><p>La presidenta municipal Zapotl\u00e1n de Ju\u00e1rez, Cynthia Arellano Mart\u00ednez, destac\u00f3 la importancia de la educaci\u00f3n como motor de transformaci\u00f3n y agradeci\u00f3 al tambi\u00e9n titular del Instituto Hidalguense de Educaci\u00f3n, Natividad Castrej\u00f3n para fortalecer los programas de infraestructura, capacitaci\u00f3n docente y apoyo a los estudiantes en el municipio.<\/p><p>Con una inversi\u00f3n de 180 mil pesos, la Presidencia Municipal de Zapotl\u00e1n realiza trabajos de rehabilitaci\u00f3n el\u00e9ctrica en dos espacios educativos y sustituye 240 metros cuadrados de impermeabilizante en el Preescolar General El P\u00edpila, con el objetivo de garantizar entornos de aprendizaje seguros.<\/p><p>Adem\u00e1s, en la Secundaria General Juan Guillermo Villasana L\u00f3pez, de este municipio, concluy\u00f3 la construcci\u00f3n de un aula did\u00e1ctica, fosa s\u00e9ptica y pozo de absorci\u00f3n en beneficio de 408 alumnos y alumnas con una inversi\u00f3n de 1 mill\u00f3n 351 mil 392 pesos.<\/p><p>En el evento estuvo presente la subsecretaria de Educaci\u00f3n B\u00e1sica, Nancy Adriana Le\u00f3n Vite; la directora general de Servicios Regionales, Josefina Serrano Bautista; en representaci\u00f3n de la subsecretaria de Planeaci\u00f3n y Evaluaci\u00f3n, X\u00f3chitl Beatriz Garc\u00eda Curiel, Elimar Ocampo Alba; el director de la Escuela Primaria Ignacio Zaragoza, V\u00edctor Reyna Hern\u00e1ndez, entre otros.<\/p>\t\t\t\t\t\t<\/div>\n\t\t\t\t<\/div>\n\t\t\t\t\t<\/div>\n\t\t<\/div>\n\t\t\t\t\t\t\t<\/div>\n\t\t<\/section>\n\t\t\t\t<section class=\"elementor-section elementor-top-section elementor-element elementor-element-0bd9d44 elementor-section-boxed elementor-section-height-default elementor-section-height-default\" data-id=\"0bd9d44\" data-element_type=\"section\">\n\t\t\t\t\t\t<div class=\"elementor-container elementor-column-gap-default\">\n\t\t\t\t\t<div class=\"elementor-column elementor-col-100 elementor-top-column elementor-element elementor-element-a80a31e\" data-id=\"a80a31e\" data-element_type=\"column\">\n\t\t\t<div class=\"elementor-widget-wrap elementor-element-populated\">\n\t\t\t\t\t\t\t\t\t<\/div>\n\t\t<\/div>\n\t\t\t\t\t\t\t<\/div>\n\t\t<\/section>\n\t\t\t\t\t\t\t<\/div>\n\t\t","protected":false},"excerpt":{"rendered":"<p>*Benefician a 2 mil 853 estudiantes de primaria y secundaria Pachuca, Hgo., 6 de mayo de 2025.- Con una inversi\u00f3n de m\u00e1s de 2 millones 373 mil 653 pesos, el gobierno de Hidalgo, encabezado por Julio Menchaca Salazar, a trav\u00e9s de la Secretar\u00eda de Educaci\u00f3n P\u00fablica de la entidad (SEPH), fortalecen las habilidades acad\u00e9micas de [&hellip;]<\/p>\n","protected":false},"author":1,"featured_media":78000,"comment_status":"closed","ping_status":"closed","sticky":false,"template":"","format":"standard","meta":[],"categories":[4],"tags":[],"_links":{"self":[{"href":"https:\/\/www.diarionoti7.com.mx\/index.php?rest_route=\/wp\/v2\/posts\/77998"}],"collection":[{"href":"https:\/\/www.diarionoti7.com.mx\/index.php?rest_route=\/wp\/v2\/posts"}],"about":[{"href":"https:\/\/www.diarionoti7.com.mx\/index.php?rest_route=\/wp\/v2\/types\/post"}],"author":[{"embeddable":true,"href":"https:\/\/www.diarionoti7.com.mx\/index.php?rest_route=\/wp\/v2\/users\/1"}],"replies":[{"embeddable":true,"href":"https:\/\/www.diarionoti7.com.mx\/index.php?rest_route=%2Fwp%2Fv2%2Fcomments&post=77998"}],"version-history":[{"count":4,"href":"https:\/\/www.diarionoti7.com.mx\/index.php?rest_route=\/wp\/v2\/posts\/77998\/revisions"}],"predecessor-version":[{"id":78003,"href":"https:\/\/www.diarionoti7.com.mx\/index.php?rest_route=\/wp\/v2\/posts\/77998\/revisions\/78003"}],"wp:featuredmedia":[{"embeddable":true,"href":"https:\/\/www.diarionoti7.com.mx\/index.php?rest_route=\/wp\/v2\/media\/78000"}],"wp:attachment":[{"href":"https:\/\/www.diarionoti7.com.mx\/index.php?rest_route=%2Fwp%2Fv2%2Fmedia&parent=77998"}],"wp:term":[{"taxonomy":"category","embeddable":true,"href":"https:\/\/www.diarionoti7.com.mx\/index.php?rest_route=%2Fwp%2Fv2%2Fcategories&post=77998"},{"taxonomy":"post_tag","embeddable":true,"href":"https:\/\/www.diarionoti7.com.mx\/index.php?rest_route=%2Fwp%2Fv2%2Ftags&post=77998"}],"curies":[{"name":"wp","href":"https:\/\/api.w.org\/{rel}","templated":true}]}}