{"id":77962,"date":"2025-05-07T09:30:02","date_gmt":"2025-05-07T09:30:02","guid":{"rendered":"https:\/\/www.diarionoti7.com.mx\/?p=77962"},"modified":"2025-05-07T18:30:47","modified_gmt":"2025-05-07T18:30:47","slug":"artesanos-de-hidalgo-participaran-en-expo-artesanal-en-la-unam","status":"publish","type":"post","link":"https:\/\/www.diarionoti7.com.mx\/?p=77962","title":{"rendered":"Artesanos de Hidalgo Participar\u00e1n en Expo Artesanal en la UNAM"},"content":{"rendered":"\t\t<div data-elementor-type=\"wp-post\" data-elementor-id=\"77962\" class=\"elementor elementor-77962\">\n\t\t\t\t\t\t\t\t\t<section class=\"elementor-section elementor-top-section elementor-element elementor-element-c09b8f0 elementor-section-boxed elementor-section-height-default elementor-section-height-default\" data-id=\"c09b8f0\" data-element_type=\"section\">\n\t\t\t\t\t\t<div class=\"elementor-container elementor-column-gap-default\">\n\t\t\t\t\t<div class=\"elementor-column elementor-col-100 elementor-top-column elementor-element elementor-element-955a561\" data-id=\"955a561\" data-element_type=\"column\">\n\t\t\t<div class=\"elementor-widget-wrap elementor-element-populated\">\n\t\t\t\t\t\t\t\t<div class=\"elementor-element elementor-element-0ce869c elementor-widget elementor-widget-text-editor\" data-id=\"0ce869c\" data-element_type=\"widget\" data-widget_type=\"text-editor.default\">\n\t\t\t\t<div class=\"elementor-widget-container\">\n\t\t\t<style>\/*! elementor - v3.10.2 - 29-01-2023 *\/\n.elementor-widget-text-editor.elementor-drop-cap-view-stacked .elementor-drop-cap{background-color:#818a91;color:#fff}.elementor-widget-text-editor.elementor-drop-cap-view-framed .elementor-drop-cap{color:#818a91;border:3px solid;background-color:transparent}.elementor-widget-text-editor:not(.elementor-drop-cap-view-default) .elementor-drop-cap{margin-top:8px}.elementor-widget-text-editor:not(.elementor-drop-cap-view-default) .elementor-drop-cap-letter{width:1em;height:1em}.elementor-widget-text-editor .elementor-drop-cap{float:left;text-align:center;line-height:1;font-size:50px}.elementor-widget-text-editor .elementor-drop-cap-letter{display:inline-block}<\/style>\t\t\t\t<p><strong>Pachuca, Hgo., 6 de mayo de 2025.-<\/strong>Como parte del impulso al sector artesanal que el gobierno de Hidalgo brinda, 19 personas de esta entidad participar\u00e1n en el Cuarto Congreso Internacional de Artesan\u00edas \u201cVoces, saberes y haceres\u201d que se llevar\u00e1 a cabo en la capital del pa\u00eds.<\/p><p>Esta actividad tendr\u00e1 lugar en la Facultad de Estudios Superiores Arag\u00f3n, perteneciente a la Universidad Nacional Aut\u00f3noma de M\u00e9xico, donde Hidalgo acude como invitado, llevando como representantes a personas pertenecientes a los municipios de Chilcuautla, Cardonal, Epazoyucan, San Salvador, Ixmiquilpan y Pachuca.<\/p><p>Al respecto el titular de la Secretar\u00eda de Bienestar e Inclusi\u00f3n Social (Sebiso), Ricardo G\u00f3mez Moreno, coment\u00f3 que es de suma importancia mantener el apoyo permanente al sector artesanal, y as\u00ed como se hace con la tienda Hidarte en Pachuca, se realiza en las tiendas regionales en el interior del estado, ferias municipales, eventos sociales y deportivos, siempre acordando que los espacios sean gratuitos para las y los artesanos hidalguenses.<\/p><p>Asimismo, se\u00f1al\u00f3 que la Sebiso, a trav\u00e9s de su Subsecretar\u00eda de Participaci\u00f3n Social y Fomento Artesanal trasladar\u00e1 a las personas participantes a la Ciudad de M\u00e9xico, evitando gastos de los participantes de este congreso.<\/p><p>Para esta oportunidad, la Direcci\u00f3n General de Fomento Artesanal invit\u00f3 a 13 mujeres y 6 hombres de las siguientes vertientes: Textil, alfarer\u00eda, gastronom\u00eda, concha de abul\u00f3n y obsidiana.<\/p><p>Este Congreso Internacional de Artesan\u00edas \u201cVoces, saberes y haceres\u201d se llevar\u00e1 a cabo los d\u00edas 8 y 9 de mayo en el teatro Jos\u00e9 Vasconcelos de la FES Arag\u00f3n, donde tambi\u00e9n se vivir\u00e1 la inauguraci\u00f3n desde las 9:00 de la ma\u00f1ana y durante dos d\u00edas estar\u00e1 enmarcado con charlas, conferencias, mesas de trabajo y exposiciones sobre la resiliencia, adaptaci\u00f3n y supervivencia del sector artesanal en tiempos modernos.<\/p>\t\t\t\t\t\t<\/div>\n\t\t\t\t<\/div>\n\t\t\t\t\t<\/div>\n\t\t<\/div>\n\t\t\t\t\t\t\t<\/div>\n\t\t<\/section>\n\t\t\t\t<section class=\"elementor-section elementor-top-section elementor-element elementor-element-0bd9d44 elementor-section-boxed elementor-section-height-default elementor-section-height-default\" data-id=\"0bd9d44\" data-element_type=\"section\">\n\t\t\t\t\t\t<div class=\"elementor-container elementor-column-gap-default\">\n\t\t\t\t\t<div class=\"elementor-column elementor-col-100 elementor-top-column elementor-element elementor-element-a80a31e\" data-id=\"a80a31e\" data-element_type=\"column\">\n\t\t\t<div class=\"elementor-widget-wrap elementor-element-populated\">\n\t\t\t\t\t\t\t\t\t<\/div>\n\t\t<\/div>\n\t\t\t\t\t\t\t<\/div>\n\t\t<\/section>\n\t\t\t\t\t\t\t<\/div>\n\t\t","protected":false},"excerpt":{"rendered":"<p>Pachuca, Hgo., 6 de mayo de 2025.-Como parte del impulso al sector artesanal que el gobierno de Hidalgo brinda, 19 personas de esta entidad participar\u00e1n en el Cuarto Congreso Internacional de Artesan\u00edas \u201cVoces, saberes y haceres\u201d que se llevar\u00e1 a cabo en la capital del pa\u00eds. Esta actividad tendr\u00e1 lugar en la Facultad de Estudios [&hellip;]<\/p>\n","protected":false},"author":1,"featured_media":77964,"comment_status":"closed","ping_status":"closed","sticky":false,"template":"","format":"standard","meta":[],"categories":[7],"tags":[],"_links":{"self":[{"href":"https:\/\/www.diarionoti7.com.mx\/index.php?rest_route=\/wp\/v2\/posts\/77962"}],"collection":[{"href":"https:\/\/www.diarionoti7.com.mx\/index.php?rest_route=\/wp\/v2\/posts"}],"about":[{"href":"https:\/\/www.diarionoti7.com.mx\/index.php?rest_route=\/wp\/v2\/types\/post"}],"author":[{"embeddable":true,"href":"https:\/\/www.diarionoti7.com.mx\/index.php?rest_route=\/wp\/v2\/users\/1"}],"replies":[{"embeddable":true,"href":"https:\/\/www.diarionoti7.com.mx\/index.php?rest_route=%2Fwp%2Fv2%2Fcomments&post=77962"}],"version-history":[{"count":4,"href":"https:\/\/www.diarionoti7.com.mx\/index.php?rest_route=\/wp\/v2\/posts\/77962\/revisions"}],"predecessor-version":[{"id":77967,"href":"https:\/\/www.diarionoti7.com.mx\/index.php?rest_route=\/wp\/v2\/posts\/77962\/revisions\/77967"}],"wp:featuredmedia":[{"embeddable":true,"href":"https:\/\/www.diarionoti7.com.mx\/index.php?rest_route=\/wp\/v2\/media\/77964"}],"wp:attachment":[{"href":"https:\/\/www.diarionoti7.com.mx\/index.php?rest_route=%2Fwp%2Fv2%2Fmedia&parent=77962"}],"wp:term":[{"taxonomy":"category","embeddable":true,"href":"https:\/\/www.diarionoti7.com.mx\/index.php?rest_route=%2Fwp%2Fv2%2Fcategories&post=77962"},{"taxonomy":"post_tag","embeddable":true,"href":"https:\/\/www.diarionoti7.com.mx\/index.php?rest_route=%2Fwp%2Fv2%2Ftags&post=77962"}],"curies":[{"name":"wp","href":"https:\/\/api.w.org\/{rel}","templated":true}]}}