{"id":77440,"date":"2025-04-30T09:31:32","date_gmt":"2025-04-30T09:31:32","guid":{"rendered":"https:\/\/www.diarionoti7.com.mx\/?p=77440"},"modified":"2025-04-30T19:32:36","modified_gmt":"2025-04-30T19:32:36","slug":"mujeres-operadoras-y-concesionarias-de-transporte-publico-reciben-capacitacion-integral-con-perspectiva-de-genero","status":"publish","type":"post","link":"https:\/\/www.diarionoti7.com.mx\/?p=77440","title":{"rendered":"Mujeres Operadoras y Concesionarias de Transporte P\u00fablico Reciben Capacitaci\u00f3n Integral Con Perspectiva de G\u00e9nero"},"content":{"rendered":"\t\t<div data-elementor-type=\"wp-post\" data-elementor-id=\"77440\" class=\"elementor elementor-77440\">\n\t\t\t\t\t\t\t\t\t<section class=\"elementor-section elementor-top-section elementor-element elementor-element-c09b8f0 elementor-section-boxed elementor-section-height-default elementor-section-height-default\" data-id=\"c09b8f0\" data-element_type=\"section\">\n\t\t\t\t\t\t<div class=\"elementor-container elementor-column-gap-default\">\n\t\t\t\t\t<div class=\"elementor-column elementor-col-100 elementor-top-column elementor-element elementor-element-955a561\" data-id=\"955a561\" data-element_type=\"column\">\n\t\t\t<div class=\"elementor-widget-wrap elementor-element-populated\">\n\t\t\t\t\t\t\t\t<div class=\"elementor-element elementor-element-0ce869c elementor-widget elementor-widget-text-editor\" data-id=\"0ce869c\" data-element_type=\"widget\" data-widget_type=\"text-editor.default\">\n\t\t\t\t<div class=\"elementor-widget-container\">\n\t\t\t<style>\/*! elementor - v3.10.2 - 29-01-2023 *\/\n.elementor-widget-text-editor.elementor-drop-cap-view-stacked .elementor-drop-cap{background-color:#818a91;color:#fff}.elementor-widget-text-editor.elementor-drop-cap-view-framed .elementor-drop-cap{color:#818a91;border:3px solid;background-color:transparent}.elementor-widget-text-editor:not(.elementor-drop-cap-view-default) .elementor-drop-cap{margin-top:8px}.elementor-widget-text-editor:not(.elementor-drop-cap-view-default) .elementor-drop-cap-letter{width:1em;height:1em}.elementor-widget-text-editor .elementor-drop-cap{float:left;text-align:center;line-height:1;font-size:50px}.elementor-widget-text-editor .elementor-drop-cap-letter{display:inline-block}<\/style>\t\t\t\t<p><strong>Pachuca, Hgo., 29 de abril de 2025.-<\/strong>Educaci\u00f3n Vial y Manejo Defensivo, G\u00e9nero, Defensa Personal y Mec\u00e1nica B\u00e1sica, fueron los temas que las mujeres operadoras y concesionarias de transporte p\u00fablico recibieron en la capacitaci\u00f3n integral que el personal de la Secretar\u00eda de Movilidad y Transporte (Semot) en coordinaci\u00f3n con la Secretar\u00eda de Seguridad P\u00fablica de Hidalgo imparti\u00f3 como parte de las acciones puestas en marcha por el gobierno de Julio Menchaca.<\/p><p>En un espacio donde las mujeres intercambiaron testimonios, realizaron din\u00e1micas de sensibilizaci\u00f3n, empat\u00eda y empoderamiento, tambi\u00e9n generaron conocimientos y habilidades que facilitan su labor para desenvolverse tanto en el \u00e1mbito laboral como en el personal.<\/p><p>Lyzbeth Robles Guti\u00e9rrez, titular de la Semot, agradeci\u00f3 el compromiso y sentido de responsabilidad de las mujeres encargadas de brindar el servicio de transporte p\u00fablico en Hidalgo, quienes al acudir a este taller recibieron herramientas para realizar sus actividades de forma m\u00e1s segura, tranquila y responsable.<\/p><p>Las mujeres concesionarias y operadoras de transporte p\u00fablico interesadas en tomar esta capacitaci\u00f3n en fechas posteriores, pueden comunicarse al n\u00famero telef\u00f3nico 771 717 6000 ext. 1847 y 1877 para mayores informes.<\/p>\t\t\t\t\t\t<\/div>\n\t\t\t\t<\/div>\n\t\t\t\t\t<\/div>\n\t\t<\/div>\n\t\t\t\t\t\t\t<\/div>\n\t\t<\/section>\n\t\t\t\t\t\t\t<\/div>\n\t\t","protected":false},"excerpt":{"rendered":"<p>Pachuca, Hgo., 29 de abril de 2025.-Educaci\u00f3n Vial y Manejo Defensivo, G\u00e9nero, Defensa Personal y Mec\u00e1nica B\u00e1sica, fueron los temas que las mujeres operadoras y concesionarias de transporte p\u00fablico recibieron en la capacitaci\u00f3n integral que el personal de la Secretar\u00eda de Movilidad y Transporte (Semot) en coordinaci\u00f3n con la Secretar\u00eda de Seguridad P\u00fablica de Hidalgo [&hellip;]<\/p>\n","protected":false},"author":1,"featured_media":77443,"comment_status":"closed","ping_status":"closed","sticky":false,"template":"","format":"standard","meta":[],"categories":[7],"tags":[],"_links":{"self":[{"href":"https:\/\/www.diarionoti7.com.mx\/index.php?rest_route=\/wp\/v2\/posts\/77440"}],"collection":[{"href":"https:\/\/www.diarionoti7.com.mx\/index.php?rest_route=\/wp\/v2\/posts"}],"about":[{"href":"https:\/\/www.diarionoti7.com.mx\/index.php?rest_route=\/wp\/v2\/types\/post"}],"author":[{"embeddable":true,"href":"https:\/\/www.diarionoti7.com.mx\/index.php?rest_route=\/wp\/v2\/users\/1"}],"replies":[{"embeddable":true,"href":"https:\/\/www.diarionoti7.com.mx\/index.php?rest_route=%2Fwp%2Fv2%2Fcomments&post=77440"}],"version-history":[{"count":4,"href":"https:\/\/www.diarionoti7.com.mx\/index.php?rest_route=\/wp\/v2\/posts\/77440\/revisions"}],"predecessor-version":[{"id":77446,"href":"https:\/\/www.diarionoti7.com.mx\/index.php?rest_route=\/wp\/v2\/posts\/77440\/revisions\/77446"}],"wp:featuredmedia":[{"embeddable":true,"href":"https:\/\/www.diarionoti7.com.mx\/index.php?rest_route=\/wp\/v2\/media\/77443"}],"wp:attachment":[{"href":"https:\/\/www.diarionoti7.com.mx\/index.php?rest_route=%2Fwp%2Fv2%2Fmedia&parent=77440"}],"wp:term":[{"taxonomy":"category","embeddable":true,"href":"https:\/\/www.diarionoti7.com.mx\/index.php?rest_route=%2Fwp%2Fv2%2Fcategories&post=77440"},{"taxonomy":"post_tag","embeddable":true,"href":"https:\/\/www.diarionoti7.com.mx\/index.php?rest_route=%2Fwp%2Fv2%2Ftags&post=77440"}],"curies":[{"name":"wp","href":"https:\/\/api.w.org\/{rel}","templated":true}]}}