{"id":7717,"date":"2023-05-03T15:47:39","date_gmt":"2023-05-03T15:47:39","guid":{"rendered":"https:\/\/www.diarionoti7.com.mx\/?p=7717"},"modified":"2023-05-03T15:50:01","modified_gmt":"2023-05-03T15:50:01","slug":"alcaldia-de-pachuca-oferta-900-empleos-para-reducir-ambulantaje-en-pachuca","status":"publish","type":"post","link":"https:\/\/www.diarionoti7.com.mx\/?p=7717","title":{"rendered":"Alcaldia de Pachuca Oferta  900 Empleos Para Reducir Ambulantaje En Pachuca"},"content":{"rendered":"\t\t<div data-elementor-type=\"wp-post\" data-elementor-id=\"7717\" class=\"elementor elementor-7717\">\n\t\t\t\t\t\t\t\t\t<section class=\"elementor-section elementor-top-section elementor-element elementor-element-51c23a4c elementor-section-boxed elementor-section-height-default elementor-section-height-default\" data-id=\"51c23a4c\" data-element_type=\"section\">\n\t\t\t\t\t\t<div class=\"elementor-container elementor-column-gap-default\">\n\t\t\t\t\t<div class=\"elementor-column elementor-col-100 elementor-top-column elementor-element elementor-element-7d2e0b6e\" data-id=\"7d2e0b6e\" data-element_type=\"column\">\n\t\t\t<div class=\"elementor-widget-wrap elementor-element-populated\">\n\t\t\t\t\t\t\t\t<div class=\"elementor-element elementor-element-2f2290cd elementor-widget elementor-widget-text-editor\" data-id=\"2f2290cd\" data-element_type=\"widget\" data-widget_type=\"text-editor.default\">\n\t\t\t\t<div class=\"elementor-widget-container\">\n\t\t\t<style>\/*! elementor - v3.10.2 - 29-01-2023 *\/\n.elementor-widget-text-editor.elementor-drop-cap-view-stacked .elementor-drop-cap{background-color:#818a91;color:#fff}.elementor-widget-text-editor.elementor-drop-cap-view-framed .elementor-drop-cap{color:#818a91;border:3px solid;background-color:transparent}.elementor-widget-text-editor:not(.elementor-drop-cap-view-default) .elementor-drop-cap{margin-top:8px}.elementor-widget-text-editor:not(.elementor-drop-cap-view-default) .elementor-drop-cap-letter{width:1em;height:1em}.elementor-widget-text-editor .elementor-drop-cap{float:left;text-align:center;line-height:1;font-size:50px}.elementor-widget-text-editor .elementor-drop-cap-letter{display:inline-block}<\/style>\t\t\t\t<p><strong>Pachuca, Hgo, 2 de mayo 2023.- <em>\u00a0<\/em><\/strong>El presidente municipal de Pachuca, Sergio Ba\u00f1os Rubio convoc\u00f3 a los vendedores ambulantes a acercarse a la Secretar\u00eda de Desarrollo Econ\u00f3mico municipal, en donde est\u00e1n disponibles 900 empleos con salarios bien remunerados y prestaciones de ley como alternativa para que dejen de trabajar en la informalidad.<\/p><p>Tener un empleo es dar certeza de manutenci\u00f3n a sus familias y eliminar los riesgos que implica la calle, dijo al reiterar que contin\u00faa el retiro de ambulantes sin permiso como medida para contener el problema de ambulantaje que aqueja a la ciudad y reconoci\u00f3 que es complejo \u201cporque una semana los retiramos y a la otra los encontramos en una esquina diferente\u201d.<\/p><p>En este contexto, inform\u00f3 que la semana anterior personal del ayuntamiento retir\u00f3 comerciantes sin permiso en Plaza Independencia, Hospital General, Fraccionamiento Constituci\u00f3n, Plaza Ju\u00e1rez, as\u00ed como las avenidas Tecnol\u00f3gico y Revoluci\u00f3n.<\/p><p>Tambi\u00e9n enfatiz\u00f3 que no se permitir\u00e1 la instalaci\u00f3n de comerciantes con motivo de las celebraciones que se presentan en el transcurso de este mes, como el de D\u00eda de la Madre y D\u00eda del Maestro, porque tambi\u00e9n existen reclamos del comercio establecido que ve en el ambulantaje una competencia desleal.<\/p><p>\u201cDesde el inicio de mi administraci\u00f3n tengo un documento de todas las personas que se dedican al ambulantaje, donde se acord\u00f3 que no iba a haber temporadas en esta administraci\u00f3n, yo lo tengo\u201d, recalc\u00f3.<\/p><p>Admiti\u00f3 que tiene claro que muchas familias experimentan una situaci\u00f3n complicada tras la pandemia porque muchos perdieron sus empleos o cerraron sus negocios, por ello ofreci\u00f3 alternativas en la bolsa de trabajo municipal, \u201cque dignifican a personas, de los 18 a\u00f1os hasta adultos mayores o con capacidades diferentes\u201d, finaliz\u00f3 Ba\u00f1os Rubio.<\/p><p>\u00a0<\/p>\t\t\t\t\t\t<\/div>\n\t\t\t\t<\/div>\n\t\t\t\t\t<\/div>\n\t\t<\/div>\n\t\t\t\t\t\t\t<\/div>\n\t\t<\/section>\n\t\t\t\t\t\t\t<\/div>\n\t\t","protected":false},"excerpt":{"rendered":"<p>Pachuca, Hgo, 2 de mayo 2023.- \u00a0El presidente municipal de Pachuca, Sergio Ba\u00f1os Rubio convoc\u00f3 a los vendedores ambulantes a acercarse a la Secretar\u00eda de Desarrollo Econ\u00f3mico municipal, en donde est\u00e1n disponibles 900 empleos con salarios bien remunerados y prestaciones de ley como alternativa para que dejen de trabajar en la informalidad. Tener un empleo [&hellip;]<\/p>\n","protected":false},"author":1,"featured_media":7725,"comment_status":"closed","ping_status":"closed","sticky":false,"template":"","format":"standard","meta":[],"categories":[9],"tags":[],"_links":{"self":[{"href":"https:\/\/www.diarionoti7.com.mx\/index.php?rest_route=\/wp\/v2\/posts\/7717"}],"collection":[{"href":"https:\/\/www.diarionoti7.com.mx\/index.php?rest_route=\/wp\/v2\/posts"}],"about":[{"href":"https:\/\/www.diarionoti7.com.mx\/index.php?rest_route=\/wp\/v2\/types\/post"}],"author":[{"embeddable":true,"href":"https:\/\/www.diarionoti7.com.mx\/index.php?rest_route=\/wp\/v2\/users\/1"}],"replies":[{"embeddable":true,"href":"https:\/\/www.diarionoti7.com.mx\/index.php?rest_route=%2Fwp%2Fv2%2Fcomments&post=7717"}],"version-history":[{"count":4,"href":"https:\/\/www.diarionoti7.com.mx\/index.php?rest_route=\/wp\/v2\/posts\/7717\/revisions"}],"predecessor-version":[{"id":7728,"href":"https:\/\/www.diarionoti7.com.mx\/index.php?rest_route=\/wp\/v2\/posts\/7717\/revisions\/7728"}],"wp:featuredmedia":[{"embeddable":true,"href":"https:\/\/www.diarionoti7.com.mx\/index.php?rest_route=\/wp\/v2\/media\/7725"}],"wp:attachment":[{"href":"https:\/\/www.diarionoti7.com.mx\/index.php?rest_route=%2Fwp%2Fv2%2Fmedia&parent=7717"}],"wp:term":[{"taxonomy":"category","embeddable":true,"href":"https:\/\/www.diarionoti7.com.mx\/index.php?rest_route=%2Fwp%2Fv2%2Fcategories&post=7717"},{"taxonomy":"post_tag","embeddable":true,"href":"https:\/\/www.diarionoti7.com.mx\/index.php?rest_route=%2Fwp%2Fv2%2Ftags&post=7717"}],"curies":[{"name":"wp","href":"https:\/\/api.w.org\/{rel}","templated":true}]}}