{"id":76666,"date":"2025-04-22T09:33:36","date_gmt":"2025-04-22T09:33:36","guid":{"rendered":"https:\/\/www.diarionoti7.com.mx\/?p=76666"},"modified":"2025-04-22T19:34:44","modified_gmt":"2025-04-22T19:34:44","slug":"en-marcha-programas-de-apoyo-dirigido-a-buscadores-de-empleo","status":"publish","type":"post","link":"https:\/\/www.diarionoti7.com.mx\/?p=76666","title":{"rendered":"En Marcha Programas de Apoyo, Dirigido a Buscadores de Empleo"},"content":{"rendered":"\t\t<div data-elementor-type=\"wp-post\" data-elementor-id=\"76666\" class=\"elementor elementor-76666\">\n\t\t\t\t\t\t\t\t\t<section class=\"elementor-section elementor-top-section elementor-element elementor-element-c09b8f0 elementor-section-boxed elementor-section-height-default elementor-section-height-default\" data-id=\"c09b8f0\" data-element_type=\"section\">\n\t\t\t\t\t\t<div class=\"elementor-container elementor-column-gap-default\">\n\t\t\t\t\t<div class=\"elementor-column elementor-col-100 elementor-top-column elementor-element elementor-element-955a561\" data-id=\"955a561\" data-element_type=\"column\">\n\t\t\t<div class=\"elementor-widget-wrap elementor-element-populated\">\n\t\t\t\t\t\t\t\t<div class=\"elementor-element elementor-element-0ce869c elementor-widget elementor-widget-text-editor\" data-id=\"0ce869c\" data-element_type=\"widget\" data-widget_type=\"text-editor.default\">\n\t\t\t\t<div class=\"elementor-widget-container\">\n\t\t\t<style>\/*! elementor - v3.10.2 - 29-01-2023 *\/\n.elementor-widget-text-editor.elementor-drop-cap-view-stacked .elementor-drop-cap{background-color:#818a91;color:#fff}.elementor-widget-text-editor.elementor-drop-cap-view-framed .elementor-drop-cap{color:#818a91;border:3px solid;background-color:transparent}.elementor-widget-text-editor:not(.elementor-drop-cap-view-default) .elementor-drop-cap{margin-top:8px}.elementor-widget-text-editor:not(.elementor-drop-cap-view-default) .elementor-drop-cap-letter{width:1em;height:1em}.elementor-widget-text-editor .elementor-drop-cap{float:left;text-align:center;line-height:1;font-size:50px}.elementor-widget-text-editor .elementor-drop-cap-letter{display:inline-block}<\/style>\t\t\t\t<p><strong>*Las y los interesados deber\u00e1n ser mayores de 18 a\u00f1os y residentes de la entidad<\/strong><\/p><p><strong>Mineral de la Reforma, Hgo., 21 de abril de 2025.-<\/strong>La Secretar\u00eda del Trabajo y Previsi\u00f3n Social de Hidalgo (STPSH), llev\u00f3 a cabo la Sesi\u00f3n de Instalaci\u00f3n del Comit\u00e9 T\u00e9cnico Dictaminador del programa &#8220;Fortalecimiento de la Vinculaci\u00f3n y Movilidad Laboral, Primero el Pueblo&#8221;, para el ejercicio 2025.<\/p><p>Durante la sesi\u00f3n, se presentaron los lineamientos bajo los cuales se apoyar\u00e1 a las personas buscadoras de empleo que desean colocarse en un trabajo fuera de la entidad, a quienes se especializan dentro de una empresa, as\u00ed como a la poblaci\u00f3n vulnerable que requiere insertarse en el mercado laboral, a trav\u00e9s de actividades productivas por cuenta propia.<\/p><p>El titular de la STPSH, Oscar Javier Gonz\u00e1lez Hern\u00e1ndez, se\u00f1al\u00f3 que los apoyos forman parte de los \u201cProgramas del Pueblo\u201d promovidos por el gobernador Julio Menchaca, dirigidos a impulsar el desarrollo de los distintos sectores de la poblaci\u00f3n hidalguense.<\/p><p>Explic\u00f3 que el programa \u201cFortalecimiento de la Vinculaci\u00f3n y Movilidad Laboral, Primero el Pueblo\u201d tiene como objetivo facilitar la incorporaci\u00f3n de la poblaci\u00f3n hidalguense al mercado laboral formal, mediante el otorgamiento de apoyos econ\u00f3micos que permitan mejorar el nivel de bienestar de las personas buscadoras de empleo.<\/p><p>Esta iniciativa tiene como finalidad apoyar a los buscadores de empleo que requieren trasladarse a una entidad federativa distinta o al extranjero, para realizar actividades productivas formales y estacionales, para lo cual se otorga un apoyo \u00fanico de 4 mil pesos.<\/p><p>El apoyo de especializaci\u00f3n para la empleabilidad tiene como meta el fortalecimiento de sus conocimientos, habilidades y competencias dentro de empresas debidamente constituidas, donde a las y los beneficiarios se les otorgar\u00e1 hasta dos apoyos por un monto individual de 8 mil 364 pesos mensuales.<\/p><p>En tanto que, el apoyo al autoempleo busca fortalecer actividades productivas de personas que se encuentren imposibilitadas para acceder a un empleo formal debido a una discapacidad, enfermedad cr\u00f3nico degenerativa o autoinmune, adultos mayores, cuidadores primarios de estas poblaciones o mujeres en situaci\u00f3n de violencia.<\/p><p>Detall\u00f3 que el programa impulsa acciones productivas que permitan a las personas emprender una actividad econ\u00f3mica por cuenta propia, a trav\u00e9s de un \u00fanico apoyo por 12 mil pesos.<\/p><p>El secretario del trabajo destac\u00f3 que las personas interesadas, en obtener los apoyos, deber\u00e1n ser buscadores de empleo activos, mayores de 18 a\u00f1os y residentes del estado.<\/p><p>Pueden acudir a la Secretar\u00eda del Trabajo y Previsi\u00f3n Social de Hidalgo, espec\u00edficamente al Servicio Nacional de Empleo Hidalgo (SNEH), con domicilio en Carretera Pachuca- Cd Sahag\u00fan #1955, Parque Industrial CANACINTRA, Mineral de la Reforma, Hidalgo; comunicarse al tel\u00e9fono 5550023300 Ext. 70409; o escribir al correo vinculacion.laboral.stps@hidalgo.gob.mx, para recibir mayor informaci\u00f3n.<\/p>\t\t\t\t\t\t<\/div>\n\t\t\t\t<\/div>\n\t\t\t\t\t<\/div>\n\t\t<\/div>\n\t\t\t\t\t\t\t<\/div>\n\t\t<\/section>\n\t\t\t\t<section class=\"elementor-section elementor-top-section elementor-element elementor-element-756e7e3 elementor-section-boxed elementor-section-height-default elementor-section-height-default\" data-id=\"756e7e3\" data-element_type=\"section\">\n\t\t\t\t\t\t<div class=\"elementor-container elementor-column-gap-default\">\n\t\t\t\t\t<div class=\"elementor-column elementor-col-100 elementor-top-column elementor-element elementor-element-68f1cc8\" data-id=\"68f1cc8\" data-element_type=\"column\">\n\t\t\t<div class=\"elementor-widget-wrap elementor-element-populated\">\n\t\t\t\t\t\t\t\t<div class=\"elementor-element elementor-element-bb106f0 elementor-aspect-ratio-169 elementor-widget elementor-widget-video\" data-id=\"bb106f0\" data-element_type=\"widget\" data-settings=\"{&quot;youtube_url&quot;:&quot;https:\\\/\\\/youtu.be\\\/1Ru1h7Z-4rM&quot;,&quot;video_type&quot;:&quot;youtube&quot;,&quot;controls&quot;:&quot;yes&quot;,&quot;aspect_ratio&quot;:&quot;169&quot;}\" data-widget_type=\"video.default\">\n\t\t\t\t<div class=\"elementor-widget-container\">\n\t\t\t<style>\/*! elementor - v3.10.2 - 29-01-2023 *\/\n.elementor-widget-video .elementor-widget-container{overflow:hidden;transform:translateZ(0)}.elementor-widget-video .elementor-open-inline .elementor-custom-embed-image-overlay{position:absolute;top:0;left:0;width:100%;height:100%;background-size:cover;background-position:50%}.elementor-widget-video .elementor-custom-embed-image-overlay{cursor:pointer;text-align:center}.elementor-widget-video .elementor-custom-embed-image-overlay:hover .elementor-custom-embed-play i{opacity:1}.elementor-widget-video .elementor-custom-embed-image-overlay img{display:block;width:100%}.elementor-widget-video .e-hosted-video .elementor-video{-o-object-fit:cover;object-fit:cover}.e-con-inner>.elementor-widget-video,.e-con>.elementor-widget-video{width:var(--container-widget-width);--flex-grow:var(--container-widget-flex-grow)}<\/style>\t\t<div class=\"elementor-wrapper elementor-fit-aspect-ratio elementor-open-inline\">\n\t\t\t<div class=\"elementor-video\"><\/div>\t\t<\/div>\n\t\t\t\t<\/div>\n\t\t\t\t<\/div>\n\t\t\t\t\t<\/div>\n\t\t<\/div>\n\t\t\t\t\t\t\t<\/div>\n\t\t<\/section>\n\t\t\t\t\t\t\t<\/div>\n\t\t","protected":false},"excerpt":{"rendered":"<p>*Las y los interesados deber\u00e1n ser mayores de 18 a\u00f1os y residentes de la entidad Mineral de la Reforma, Hgo., 21 de abril de 2025.-La Secretar\u00eda del Trabajo y Previsi\u00f3n Social de Hidalgo (STPSH), llev\u00f3 a cabo la Sesi\u00f3n de Instalaci\u00f3n del Comit\u00e9 T\u00e9cnico Dictaminador del programa &#8220;Fortalecimiento de la Vinculaci\u00f3n y Movilidad Laboral, Primero [&hellip;]<\/p>\n","protected":false},"author":1,"featured_media":76668,"comment_status":"closed","ping_status":"closed","sticky":false,"template":"","format":"standard","meta":[],"categories":[7],"tags":[],"_links":{"self":[{"href":"https:\/\/www.diarionoti7.com.mx\/index.php?rest_route=\/wp\/v2\/posts\/76666"}],"collection":[{"href":"https:\/\/www.diarionoti7.com.mx\/index.php?rest_route=\/wp\/v2\/posts"}],"about":[{"href":"https:\/\/www.diarionoti7.com.mx\/index.php?rest_route=\/wp\/v2\/types\/post"}],"author":[{"embeddable":true,"href":"https:\/\/www.diarionoti7.com.mx\/index.php?rest_route=\/wp\/v2\/users\/1"}],"replies":[{"embeddable":true,"href":"https:\/\/www.diarionoti7.com.mx\/index.php?rest_route=%2Fwp%2Fv2%2Fcomments&post=76666"}],"version-history":[{"count":7,"href":"https:\/\/www.diarionoti7.com.mx\/index.php?rest_route=\/wp\/v2\/posts\/76666\/revisions"}],"predecessor-version":[{"id":76674,"href":"https:\/\/www.diarionoti7.com.mx\/index.php?rest_route=\/wp\/v2\/posts\/76666\/revisions\/76674"}],"wp:featuredmedia":[{"embeddable":true,"href":"https:\/\/www.diarionoti7.com.mx\/index.php?rest_route=\/wp\/v2\/media\/76668"}],"wp:attachment":[{"href":"https:\/\/www.diarionoti7.com.mx\/index.php?rest_route=%2Fwp%2Fv2%2Fmedia&parent=76666"}],"wp:term":[{"taxonomy":"category","embeddable":true,"href":"https:\/\/www.diarionoti7.com.mx\/index.php?rest_route=%2Fwp%2Fv2%2Fcategories&post=76666"},{"taxonomy":"post_tag","embeddable":true,"href":"https:\/\/www.diarionoti7.com.mx\/index.php?rest_route=%2Fwp%2Fv2%2Ftags&post=76666"}],"curies":[{"name":"wp","href":"https:\/\/api.w.org\/{rel}","templated":true}]}}