{"id":76661,"date":"2025-04-22T09:32:27","date_gmt":"2025-04-22T09:32:27","guid":{"rendered":"https:\/\/www.diarionoti7.com.mx\/?p=76661"},"modified":"2025-04-22T19:33:26","modified_gmt":"2025-04-22T19:33:26","slug":"navor-rojas-nuevo-director-de-la-oficina-regional-de-defensa-del-consumidor-odeco","status":"publish","type":"post","link":"https:\/\/www.diarionoti7.com.mx\/?p=76661","title":{"rendered":"Navor Rojas Nuevo Director de la Oficina Regional de Defensa del Consumidor (Odeco)"},"content":{"rendered":"\t\t<div data-elementor-type=\"wp-post\" data-elementor-id=\"76661\" class=\"elementor elementor-76661\">\n\t\t\t\t\t\t\t\t\t<section class=\"elementor-section elementor-top-section elementor-element elementor-element-c09b8f0 elementor-section-boxed elementor-section-height-default elementor-section-height-default\" data-id=\"c09b8f0\" data-element_type=\"section\">\n\t\t\t\t\t\t<div class=\"elementor-container elementor-column-gap-default\">\n\t\t\t\t\t<div class=\"elementor-column elementor-col-100 elementor-top-column elementor-element elementor-element-955a561\" data-id=\"955a561\" data-element_type=\"column\">\n\t\t\t<div class=\"elementor-widget-wrap elementor-element-populated\">\n\t\t\t\t\t\t\t\t<div class=\"elementor-element elementor-element-0ce869c elementor-widget elementor-widget-text-editor\" data-id=\"0ce869c\" data-element_type=\"widget\" data-widget_type=\"text-editor.default\">\n\t\t\t\t<div class=\"elementor-widget-container\">\n\t\t\t<style>\/*! elementor - v3.10.2 - 29-01-2023 *\/\n.elementor-widget-text-editor.elementor-drop-cap-view-stacked .elementor-drop-cap{background-color:#818a91;color:#fff}.elementor-widget-text-editor.elementor-drop-cap-view-framed .elementor-drop-cap{color:#818a91;border:3px solid;background-color:transparent}.elementor-widget-text-editor:not(.elementor-drop-cap-view-default) .elementor-drop-cap{margin-top:8px}.elementor-widget-text-editor:not(.elementor-drop-cap-view-default) .elementor-drop-cap-letter{width:1em;height:1em}.elementor-widget-text-editor .elementor-drop-cap{float:left;text-align:center;line-height:1;font-size:50px}.elementor-widget-text-editor .elementor-drop-cap-letter{display:inline-block}<\/style>\t\t\t\t<p><strong>Pachuca, Hgo., 21 de abril 2025.-<\/strong> El exsenador por Hidalgo, Navor Rojas Mancera, desde el pasado 16 de abril llego a la direcci\u00f3n general de la Oficina de Defensa del Consumidor (Odeco) Pachuca, en sustituci\u00f3n de Italia Almeida.<\/p><p>Navor Rojas inform\u00f3; \u201cMe invitaron a ser el director de la Odeco de la zona, que no solo atiende algunos municipios de Hidalgo tambi\u00e9n de los estados de San Luis Potos\u00ed, Tlaxcala y Puebla\u201d.<\/p><p>Explic\u00f3 que es un reto tomar el cargo debido a que se acercan fechas importantes en las que el consumo de diversos productos incrementa, al igual que las quejas.<\/p><p>Tal fue el caso de Semana Santa, en donde revisaron la venta de pescados y mariscos, colocaron m\u00f3dulos de atenci\u00f3n y verificados, pero se vienen otras fechas en las que deber\u00e1n atender a los consumidores, como D\u00eda del Ni\u00f1o, D\u00eda de las Madres, D\u00eda del Maestro.<\/p><p>Luego destac\u00f3; \u201cPara m\u00ed es un reto\u2026 pero tenemos en mente hacer algunos convenios con empresas, con c\u00e1maras para que de alguna manera los empresarios, los comerciantes atiendan bien a la gente, de acuerdo a lo que los precios deben de estar fijados\u201d.<\/p><p>Asegur\u00f3 que para evitar que los consumidores caigan o realicen compras irregulares con vendedores que arrastran se\u00f1alamientos, boletinar\u00e1n a estos, con el fin de evitar que m\u00e1s personas sean defraudadas o reciban productos en mal estado.<\/p><p>Alerto, \u201cDebemos estar al pendiente de que no haya situaciones an\u00f3malas, vamos a sacar en estos d\u00edas boletines para mantener informada a la gente, para saber en qu\u00e9 lugares adquirir los productos, saber cu\u00e1les tenemos boletinados, sobre todo en internet, vamos a dar a conocer los lugares donde no pudieran acercarse, porque hay alguna cuesti\u00f3n de interrogante\u201d, detall\u00f3.<\/p><p>Por \u00faltimo, asegur\u00f3 que su intenci\u00f3n es ser un funcionario itinerante, por lo que acudir\u00e1 a los municipios que le corresponde atender para platicar con los presidentes municipales, empresarios, sostener reuniones con c\u00e1maras y trabajar de manera conjunta; as\u00ed como atender de manera directa a los quejosos.<\/p>\t\t\t\t\t\t<\/div>\n\t\t\t\t<\/div>\n\t\t\t\t\t<\/div>\n\t\t<\/div>\n\t\t\t\t\t\t\t<\/div>\n\t\t<\/section>\n\t\t\t\t\t\t\t<\/div>\n\t\t","protected":false},"excerpt":{"rendered":"<p>Pachuca, Hgo., 21 de abril 2025.- El exsenador por Hidalgo, Navor Rojas Mancera, desde el pasado 16 de abril llego a la direcci\u00f3n general de la Oficina de Defensa del Consumidor (Odeco) Pachuca, en sustituci\u00f3n de Italia Almeida. Navor Rojas inform\u00f3; \u201cMe invitaron a ser el director de la Odeco de la zona, que no [&hellip;]<\/p>\n","protected":false},"author":1,"featured_media":40664,"comment_status":"closed","ping_status":"closed","sticky":false,"template":"","format":"standard","meta":[],"categories":[6],"tags":[],"_links":{"self":[{"href":"https:\/\/www.diarionoti7.com.mx\/index.php?rest_route=\/wp\/v2\/posts\/76661"}],"collection":[{"href":"https:\/\/www.diarionoti7.com.mx\/index.php?rest_route=\/wp\/v2\/posts"}],"about":[{"href":"https:\/\/www.diarionoti7.com.mx\/index.php?rest_route=\/wp\/v2\/types\/post"}],"author":[{"embeddable":true,"href":"https:\/\/www.diarionoti7.com.mx\/index.php?rest_route=\/wp\/v2\/users\/1"}],"replies":[{"embeddable":true,"href":"https:\/\/www.diarionoti7.com.mx\/index.php?rest_route=%2Fwp%2Fv2%2Fcomments&post=76661"}],"version-history":[{"count":4,"href":"https:\/\/www.diarionoti7.com.mx\/index.php?rest_route=\/wp\/v2\/posts\/76661\/revisions"}],"predecessor-version":[{"id":76665,"href":"https:\/\/www.diarionoti7.com.mx\/index.php?rest_route=\/wp\/v2\/posts\/76661\/revisions\/76665"}],"wp:featuredmedia":[{"embeddable":true,"href":"https:\/\/www.diarionoti7.com.mx\/index.php?rest_route=\/wp\/v2\/media\/40664"}],"wp:attachment":[{"href":"https:\/\/www.diarionoti7.com.mx\/index.php?rest_route=%2Fwp%2Fv2%2Fmedia&parent=76661"}],"wp:term":[{"taxonomy":"category","embeddable":true,"href":"https:\/\/www.diarionoti7.com.mx\/index.php?rest_route=%2Fwp%2Fv2%2Fcategories&post=76661"},{"taxonomy":"post_tag","embeddable":true,"href":"https:\/\/www.diarionoti7.com.mx\/index.php?rest_route=%2Fwp%2Fv2%2Ftags&post=76661"}],"curies":[{"name":"wp","href":"https:\/\/api.w.org\/{rel}","templated":true}]}}