{"id":75998,"date":"2025-04-14T08:46:50","date_gmt":"2025-04-14T08:46:50","guid":{"rendered":"https:\/\/www.diarionoti7.com.mx\/?p=75998"},"modified":"2025-04-14T18:47:31","modified_gmt":"2025-04-14T18:47:31","slug":"utvam-tiene-abierta-su-convocatoria-para-el-proceso-de-admision-2025","status":"publish","type":"post","link":"https:\/\/www.diarionoti7.com.mx\/?p=75998","title":{"rendered":"UTVAM Tiene Abierta su Convocatoria Para el Proceso de Admisi\u00f3n 2025"},"content":{"rendered":"\t\t<div data-elementor-type=\"wp-post\" data-elementor-id=\"75998\" class=\"elementor elementor-75998\">\n\t\t\t\t\t\t\t\t\t<section class=\"elementor-section elementor-top-section elementor-element elementor-element-c09b8f0 elementor-section-boxed elementor-section-height-default elementor-section-height-default\" data-id=\"c09b8f0\" data-element_type=\"section\">\n\t\t\t\t\t\t<div class=\"elementor-container elementor-column-gap-default\">\n\t\t\t\t\t<div class=\"elementor-column elementor-col-100 elementor-top-column elementor-element elementor-element-955a561\" data-id=\"955a561\" data-element_type=\"column\">\n\t\t\t<div class=\"elementor-widget-wrap elementor-element-populated\">\n\t\t\t\t\t\t\t\t<div class=\"elementor-element elementor-element-0ce869c elementor-widget elementor-widget-text-editor\" data-id=\"0ce869c\" data-element_type=\"widget\" data-widget_type=\"text-editor.default\">\n\t\t\t\t<div class=\"elementor-widget-container\">\n\t\t\t<style>\/*! elementor - v3.10.2 - 29-01-2023 *\/\n.elementor-widget-text-editor.elementor-drop-cap-view-stacked .elementor-drop-cap{background-color:#818a91;color:#fff}.elementor-widget-text-editor.elementor-drop-cap-view-framed .elementor-drop-cap{color:#818a91;border:3px solid;background-color:transparent}.elementor-widget-text-editor:not(.elementor-drop-cap-view-default) .elementor-drop-cap{margin-top:8px}.elementor-widget-text-editor:not(.elementor-drop-cap-view-default) .elementor-drop-cap-letter{width:1em;height:1em}.elementor-widget-text-editor .elementor-drop-cap{float:left;text-align:center;line-height:1;font-size:50px}.elementor-widget-text-editor .elementor-drop-cap-letter{display:inline-block}<\/style>\t\t\t\t<p><strong>*Gracias a su modelo educativo los estudiantes pueden obtener dos t\u00edtulos y dos c\u00e9dulas profesionales <\/strong><\/p><p><strong>Pachuca, Hgo., 13 de abril 2025.-<\/strong>La Universidad Tecnol\u00f3gica de la Zona Metropolitana del Valle de M\u00e9xico (UTVAM) tiene abierta su convocatoria para el proceso de admisi\u00f3n 2025, dirigida a egresadas y egresados de bachillerato interesados en cursar alguna de las cuatro ingenier\u00edas o dos licenciaturas que ofrece la instituci\u00f3n.<\/p><p>Las personas interesadas podr\u00e1n registrarse en l\u00ednea hasta el 4 de julio de 2025 a trav\u00e9s de la p\u00e1gina: www.utvam.edu.mx o solicitar informaci\u00f3n al tel\u00e9fono 771 247 40 28 extensi\u00f3n 5057.<\/p><p>La rectora de la UTVAM, Nadia Flores Mel\u00e9ndez, destac\u00f3 que los programas educativos est\u00e1n dise\u00f1ados para responder a las necesidades del sector productivo y las demandas de la regi\u00f3n.<\/p><p>La oferta acad\u00e9mica incluye ingenier\u00edas en: Mantenimiento Industrial, Mecatr\u00f3nica, Ambiental y Sustentabilidad y en Tecnolog\u00edas de la Informaci\u00f3n e Innovaci\u00f3n Digital.<\/p><p>Adem\u00e1s, de licenciaturas en Innovaci\u00f3n de Negocios y Mercadotecnia, as\u00ed como en Educaci\u00f3n.<\/p><p>Flores Mel\u00e9ndez destac\u00f3 que el modelo educativo de la UTVAM forma parte de la red de Universidades del Sistema Tecnol\u00f3gico, permitiendo a los estudiantes obtener dos t\u00edtulos y dos c\u00e9dulas profesionales.<\/p><p>Esto es posible gracias a su esquema de estudios, que inicia con el nivel de T\u00e9cnico Superior Universitario (TSU) en dos a\u00f1os y brinda la opci\u00f3n de continuar hacia una ingenier\u00eda o licenciatura con un a\u00f1o y cuatro meses adicionales.<\/p><p>Las y los aspirantes deber\u00e1n contar con: certificado de bachillerato con promedio m\u00ednimo de 7 o, en su defecto, historial acad\u00e9mico del pen\u00faltimo periodo cursado, fotograf\u00eda digital del aspirante, identificaci\u00f3n oficial vigente (INE o credencial escolar), registro y pago del tr\u00e1mite, ambos en l\u00ednea.<\/p><p>La UTVAM se encuentra en Blvd. Miguel Hidalgo y Costilla y Cto. Gral. Felipe \u00c1ngeles Ram\u00edrez, Fraccionamiento Los H\u00e9roes, Tizayuca, Hidalgo.<\/p>\t\t\t\t\t\t<\/div>\n\t\t\t\t<\/div>\n\t\t\t\t\t<\/div>\n\t\t<\/div>\n\t\t\t\t\t\t\t<\/div>\n\t\t<\/section>\n\t\t\t\t\t\t\t<\/div>\n\t\t","protected":false},"excerpt":{"rendered":"<p>*Gracias a su modelo educativo los estudiantes pueden obtener dos t\u00edtulos y dos c\u00e9dulas profesionales Pachuca, Hgo., 13 de abril 2025.-La Universidad Tecnol\u00f3gica de la Zona Metropolitana del Valle de M\u00e9xico (UTVAM) tiene abierta su convocatoria para el proceso de admisi\u00f3n 2025, dirigida a egresadas y egresados de bachillerato interesados en cursar alguna de las [&hellip;]<\/p>\n","protected":false},"author":1,"featured_media":76000,"comment_status":"closed","ping_status":"closed","sticky":false,"template":"","format":"standard","meta":[],"categories":[4,22],"tags":[],"_links":{"self":[{"href":"https:\/\/www.diarionoti7.com.mx\/index.php?rest_route=\/wp\/v2\/posts\/75998"}],"collection":[{"href":"https:\/\/www.diarionoti7.com.mx\/index.php?rest_route=\/wp\/v2\/posts"}],"about":[{"href":"https:\/\/www.diarionoti7.com.mx\/index.php?rest_route=\/wp\/v2\/types\/post"}],"author":[{"embeddable":true,"href":"https:\/\/www.diarionoti7.com.mx\/index.php?rest_route=\/wp\/v2\/users\/1"}],"replies":[{"embeddable":true,"href":"https:\/\/www.diarionoti7.com.mx\/index.php?rest_route=%2Fwp%2Fv2%2Fcomments&post=75998"}],"version-history":[{"count":4,"href":"https:\/\/www.diarionoti7.com.mx\/index.php?rest_route=\/wp\/v2\/posts\/75998\/revisions"}],"predecessor-version":[{"id":76003,"href":"https:\/\/www.diarionoti7.com.mx\/index.php?rest_route=\/wp\/v2\/posts\/75998\/revisions\/76003"}],"wp:featuredmedia":[{"embeddable":true,"href":"https:\/\/www.diarionoti7.com.mx\/index.php?rest_route=\/wp\/v2\/media\/76000"}],"wp:attachment":[{"href":"https:\/\/www.diarionoti7.com.mx\/index.php?rest_route=%2Fwp%2Fv2%2Fmedia&parent=75998"}],"wp:term":[{"taxonomy":"category","embeddable":true,"href":"https:\/\/www.diarionoti7.com.mx\/index.php?rest_route=%2Fwp%2Fv2%2Fcategories&post=75998"},{"taxonomy":"post_tag","embeddable":true,"href":"https:\/\/www.diarionoti7.com.mx\/index.php?rest_route=%2Fwp%2Fv2%2Ftags&post=75998"}],"curies":[{"name":"wp","href":"https:\/\/api.w.org\/{rel}","templated":true}]}}