{"id":75983,"date":"2025-04-14T08:44:32","date_gmt":"2025-04-14T08:44:32","guid":{"rendered":"https:\/\/www.diarionoti7.com.mx\/?p=75983"},"modified":"2025-04-14T18:45:39","modified_gmt":"2025-04-14T18:45:39","slug":"este-lunes-gira-de-trabajo-del-gobernador-julio-menchaca-en-la-region-tula-tepeji-que-encabezara-en-atitalaquia-y-atotonilco-de-tula","status":"publish","type":"post","link":"https:\/\/www.diarionoti7.com.mx\/?p=75983","title":{"rendered":"Este Lunes Gira de Trabajo del Gobernador Julio Menchaca en la Regi\u00f3n Tula-Tepeji Que Encabezar\u00e1 en Atitalaquia y Atotonilco de Tula"},"content":{"rendered":"\t\t<div data-elementor-type=\"wp-post\" data-elementor-id=\"75983\" class=\"elementor elementor-75983\">\n\t\t\t\t\t\t\t\t\t<section class=\"elementor-section elementor-top-section elementor-element elementor-element-c09b8f0 elementor-section-boxed elementor-section-height-default elementor-section-height-default\" data-id=\"c09b8f0\" data-element_type=\"section\">\n\t\t\t\t\t\t<div class=\"elementor-container elementor-column-gap-default\">\n\t\t\t\t\t<div class=\"elementor-column elementor-col-100 elementor-top-column elementor-element elementor-element-955a561\" data-id=\"955a561\" data-element_type=\"column\">\n\t\t\t<div class=\"elementor-widget-wrap elementor-element-populated\">\n\t\t\t\t\t\t\t\t<div class=\"elementor-element elementor-element-0ce869c elementor-widget elementor-widget-text-editor\" data-id=\"0ce869c\" data-element_type=\"widget\" data-widget_type=\"text-editor.default\">\n\t\t\t\t<div class=\"elementor-widget-container\">\n\t\t\t<style>\/*! elementor - v3.10.2 - 29-01-2023 *\/\n.elementor-widget-text-editor.elementor-drop-cap-view-stacked .elementor-drop-cap{background-color:#818a91;color:#fff}.elementor-widget-text-editor.elementor-drop-cap-view-framed .elementor-drop-cap{color:#818a91;border:3px solid;background-color:transparent}.elementor-widget-text-editor:not(.elementor-drop-cap-view-default) .elementor-drop-cap{margin-top:8px}.elementor-widget-text-editor:not(.elementor-drop-cap-view-default) .elementor-drop-cap-letter{width:1em;height:1em}.elementor-widget-text-editor .elementor-drop-cap{float:left;text-align:center;line-height:1;font-size:50px}.elementor-widget-text-editor .elementor-drop-cap-letter{display:inline-block}<\/style>\t\t\t\t<p><strong>Pachuca, Hgo., 13 de abril 2025.-<\/strong>Miles de familias de la regi\u00f3n Tula-Tepeji, espec\u00edficamente de los municipios de Atitalaquia y Atotonilco de Tula, se beneficiar\u00e1n este lunes con la gira de trabajo que encabezar\u00e1 el gobernador Julio Menchaca en esta zona de la entidad.<\/p><p>A trav\u00e9s del modelo de atenci\u00f3n ciudadana que impulsa su administraci\u00f3n, las \u201cRutas de la Transformaci\u00f3n, Servicios para el Pueblo\u201d, las autoridades estatales acercan apoyos, tr\u00e1mites, atenci\u00f3n y beneficios a los grupos prioritarios y que m\u00e1s lo requieren.<\/p><p>Entre los servicios que m\u00e1s demanda tienen en esta estrategia que el gobierno estatal acerca a las localidades, se encuentran las especialidades m\u00e9dicas como odontolog\u00eda, oftalmolog\u00eda y entrega de lentes gratuitos, realizaci\u00f3n de mastograf\u00edas, terapias f\u00edsicas, pago de refrendo vehicular, correcci\u00f3n de actas de nacimiento, asesoramientos jur\u00eddicos, entre otros.<\/p><p>\u00a0<\/p>\t\t\t\t\t\t<\/div>\n\t\t\t\t<\/div>\n\t\t\t\t\t<\/div>\n\t\t<\/div>\n\t\t\t\t\t\t\t<\/div>\n\t\t<\/section>\n\t\t\t\t<section class=\"elementor-section elementor-top-section elementor-element elementor-element-eb001da elementor-section-boxed elementor-section-height-default elementor-section-height-default\" data-id=\"eb001da\" data-element_type=\"section\">\n\t\t\t\t\t\t<div class=\"elementor-container elementor-column-gap-default\">\n\t\t\t\t\t<div class=\"elementor-column elementor-col-100 elementor-top-column elementor-element elementor-element-25f44ae\" data-id=\"25f44ae\" data-element_type=\"column\">\n\t\t\t<div class=\"elementor-widget-wrap elementor-element-populated\">\n\t\t\t\t\t\t\t\t<div class=\"elementor-element elementor-element-030e5e5 elementor-aspect-ratio-169 elementor-widget elementor-widget-video\" data-id=\"030e5e5\" data-element_type=\"widget\" data-settings=\"{&quot;youtube_url&quot;:&quot;https:\\\/\\\/youtu.be\\\/aExqbWgr17Y&quot;,&quot;video_type&quot;:&quot;youtube&quot;,&quot;controls&quot;:&quot;yes&quot;,&quot;aspect_ratio&quot;:&quot;169&quot;}\" data-widget_type=\"video.default\">\n\t\t\t\t<div class=\"elementor-widget-container\">\n\t\t\t<style>\/*! elementor - v3.10.2 - 29-01-2023 *\/\n.elementor-widget-video .elementor-widget-container{overflow:hidden;transform:translateZ(0)}.elementor-widget-video .elementor-open-inline .elementor-custom-embed-image-overlay{position:absolute;top:0;left:0;width:100%;height:100%;background-size:cover;background-position:50%}.elementor-widget-video .elementor-custom-embed-image-overlay{cursor:pointer;text-align:center}.elementor-widget-video .elementor-custom-embed-image-overlay:hover .elementor-custom-embed-play i{opacity:1}.elementor-widget-video .elementor-custom-embed-image-overlay img{display:block;width:100%}.elementor-widget-video .e-hosted-video .elementor-video{-o-object-fit:cover;object-fit:cover}.e-con-inner>.elementor-widget-video,.e-con>.elementor-widget-video{width:var(--container-widget-width);--flex-grow:var(--container-widget-flex-grow)}<\/style>\t\t<div class=\"elementor-wrapper elementor-fit-aspect-ratio elementor-open-inline\">\n\t\t\t<div class=\"elementor-video\"><\/div>\t\t<\/div>\n\t\t\t\t<\/div>\n\t\t\t\t<\/div>\n\t\t\t\t\t<\/div>\n\t\t<\/div>\n\t\t\t\t\t\t\t<\/div>\n\t\t<\/section>\n\t\t\t\t\t\t\t<\/div>\n\t\t","protected":false},"excerpt":{"rendered":"<p>Pachuca, Hgo., 13 de abril 2025.-Miles de familias de la regi\u00f3n Tula-Tepeji, espec\u00edficamente de los municipios de Atitalaquia y Atotonilco de Tula, se beneficiar\u00e1n este lunes con la gira de trabajo que encabezar\u00e1 el gobernador Julio Menchaca en esta zona de la entidad. A trav\u00e9s del modelo de atenci\u00f3n ciudadana que impulsa su administraci\u00f3n, las [&hellip;]<\/p>\n","protected":false},"author":1,"featured_media":75985,"comment_status":"closed","ping_status":"closed","sticky":false,"template":"","format":"standard","meta":[],"categories":[7,22],"tags":[],"_links":{"self":[{"href":"https:\/\/www.diarionoti7.com.mx\/index.php?rest_route=\/wp\/v2\/posts\/75983"}],"collection":[{"href":"https:\/\/www.diarionoti7.com.mx\/index.php?rest_route=\/wp\/v2\/posts"}],"about":[{"href":"https:\/\/www.diarionoti7.com.mx\/index.php?rest_route=\/wp\/v2\/types\/post"}],"author":[{"embeddable":true,"href":"https:\/\/www.diarionoti7.com.mx\/index.php?rest_route=\/wp\/v2\/users\/1"}],"replies":[{"embeddable":true,"href":"https:\/\/www.diarionoti7.com.mx\/index.php?rest_route=%2Fwp%2Fv2%2Fcomments&post=75983"}],"version-history":[{"count":7,"href":"https:\/\/www.diarionoti7.com.mx\/index.php?rest_route=\/wp\/v2\/posts\/75983\/revisions"}],"predecessor-version":[{"id":75991,"href":"https:\/\/www.diarionoti7.com.mx\/index.php?rest_route=\/wp\/v2\/posts\/75983\/revisions\/75991"}],"wp:featuredmedia":[{"embeddable":true,"href":"https:\/\/www.diarionoti7.com.mx\/index.php?rest_route=\/wp\/v2\/media\/75985"}],"wp:attachment":[{"href":"https:\/\/www.diarionoti7.com.mx\/index.php?rest_route=%2Fwp%2Fv2%2Fmedia&parent=75983"}],"wp:term":[{"taxonomy":"category","embeddable":true,"href":"https:\/\/www.diarionoti7.com.mx\/index.php?rest_route=%2Fwp%2Fv2%2Fcategories&post=75983"},{"taxonomy":"post_tag","embeddable":true,"href":"https:\/\/www.diarionoti7.com.mx\/index.php?rest_route=%2Fwp%2Fv2%2Ftags&post=75983"}],"curies":[{"name":"wp","href":"https:\/\/api.w.org\/{rel}","templated":true}]}}