{"id":75733,"date":"2025-04-10T09:32:53","date_gmt":"2025-04-10T09:32:53","guid":{"rendered":"https:\/\/www.diarionoti7.com.mx\/?p=75733"},"modified":"2025-04-10T18:34:20","modified_gmt":"2025-04-10T18:34:20","slug":"transformar-para-mejorar-julio-menchaca-destino-153-millones-254-mil-800-pesos-para-el-sector-educativo","status":"publish","type":"post","link":"https:\/\/www.diarionoti7.com.mx\/?p=75733","title":{"rendered":"Transformar Para Mejorar: Julio Menchaca Destin\u00f3 153 Millones 254 Mil 800 Pesos Para El Sector Educativo"},"content":{"rendered":"\t\t<div data-elementor-type=\"wp-post\" data-elementor-id=\"75733\" class=\"elementor elementor-75733\">\n\t\t\t\t\t\t\t\t\t<section class=\"elementor-section elementor-top-section elementor-element elementor-element-c09b8f0 elementor-section-boxed elementor-section-height-default elementor-section-height-default\" data-id=\"c09b8f0\" data-element_type=\"section\">\n\t\t\t\t\t\t<div class=\"elementor-container elementor-column-gap-default\">\n\t\t\t\t\t<div class=\"elementor-column elementor-col-100 elementor-top-column elementor-element elementor-element-955a561\" data-id=\"955a561\" data-element_type=\"column\">\n\t\t\t<div class=\"elementor-widget-wrap elementor-element-populated\">\n\t\t\t\t\t\t\t\t<div class=\"elementor-element elementor-element-0ce869c elementor-widget elementor-widget-text-editor\" data-id=\"0ce869c\" data-element_type=\"widget\" data-widget_type=\"text-editor.default\">\n\t\t\t\t<div class=\"elementor-widget-container\">\n\t\t\t<style>\/*! elementor - v3.10.2 - 29-01-2023 *\/\n.elementor-widget-text-editor.elementor-drop-cap-view-stacked .elementor-drop-cap{background-color:#818a91;color:#fff}.elementor-widget-text-editor.elementor-drop-cap-view-framed .elementor-drop-cap{color:#818a91;border:3px solid;background-color:transparent}.elementor-widget-text-editor:not(.elementor-drop-cap-view-default) .elementor-drop-cap{margin-top:8px}.elementor-widget-text-editor:not(.elementor-drop-cap-view-default) .elementor-drop-cap-letter{width:1em;height:1em}.elementor-widget-text-editor .elementor-drop-cap{float:left;text-align:center;line-height:1;font-size:50px}.elementor-widget-text-editor .elementor-drop-cap-letter{display:inline-block}<\/style>\t\t\t\t<p><strong>*El mandatario entreg\u00f3 mobiliario educativo, equipamiento para aulas y talleres, equipo tecnol\u00f3gico, material deportivo, as\u00ed como de rehabilitaci\u00f3n<\/strong><\/p><p><strong>Pachuca, Hgo., 9 de abril de 2025.-<\/strong>En Hidalgo, educar es transformar, y construir con visi\u00f3n de futuro significa tambi\u00e9n que todas las regiones de la entidad cuenten con las herramientas necesarias para impulsar una educaci\u00f3n de calidad, motivo por el cual, la administraci\u00f3n del gobernador Julio Menchaca destin\u00f3 una inversi\u00f3n de 153 millones 254 mil 800 pesos para este rubro.<\/p><p>A trav\u00e9s de la Secretar\u00eda de Educaci\u00f3n P\u00fablica (SEPH), desde las \u00e1reas urbanas hasta las zonas rurales m\u00e1s apartadas se vieron beneficiadas con la entrega de mobiliario y equipo tecnol\u00f3gico para mil 988 planteles de educaci\u00f3n b\u00e1sica y 337 mil 989 estudiantes.<\/p><p>\u201cEs un esfuerzo conjunto, no es de una persona, es de cientos, de miles de mujeres y hombres que desde este lado de la estructura gubernamental est\u00e1n trabajando desde el aula, desde la patrulla, desde el consultorio, o en el campo, o en la oficina con ese compromiso de transformar para mejorar\u201d, confirm\u00f3.<\/p><p>Por ello, insisti\u00f3, el empe\u00f1o de su administraci\u00f3n est\u00e1 en destinarle recursos a que se pueda contar con los elementos suficientes para atender este reto que se nos presenta ahora y en el futuro, mejorando las condiciones del sector educativo gracias a un manejo de los recursos p\u00fablicos transparente y eficiente.<\/p><p>Al respecto, Natividad Castrej\u00f3n Valdez, secretario de Educaci\u00f3n P\u00fablica en la entidad, puntualiz\u00f3 que el invertir en infraestructura y equipamiento son estrategias fundamentales para garantizar el derecho a la educaci\u00f3n, que adem\u00e1s permiten ampliar el acceso de las ni\u00f1as y los ni\u00f1os a una educaci\u00f3n de excelencia:<\/p><p>\u201cHoy, con una inversi\u00f3n de 153 millones de pesos estamos haciendo entrega de equipo para aulas y talleres did\u00e1cticos, de equipo tecnol\u00f3gico, mobiliario educativo, material deportivo, equipamiento c\u00edvico y material de rehabilitaci\u00f3n [&#8230;] dando as\u00ed respuesta a las necesidades m\u00e1s sentidas en materia de infraestructura, fortaleciendo significativamente las condiciones f\u00edsicas de los espacios educativos\u201d.<\/p><p>Al respecto, Said Vargas S\u00e1enz, Secretario General del Sindicato Nacional de Trabajadores de la Educaci\u00f3n (SNTE) Secci\u00f3n 15, reconoci\u00f3 el trabajo de un gobierno sensible, honesto y transformador, que sobre todo cumple el sue\u00f1o de una educaci\u00f3n m\u00e1s humana y de excelencia.<\/p><p>Luego de la entrega simb\u00f3lica de mobiliario para alumnos de la escuela secundaria general \u201cPr\u00f3ceres de la Naci\u00f3n\u201d, la Secundaria General No. 3 \u201cEmiliano Zapata\u201d, la escuela primaria \u201cBenito Ju\u00e1rez\u201d y la Telesecundaria 192 de la localidad de Santiago Tlapacoya en la capital hidalguense.<\/p><p>Ail\u00edn Yuleini Reyes Hern\u00e1ndez, alumna de esta \u00faltima instituci\u00f3n, se\u00f1al\u00f3 que esta entrega no solo mejora las condiciones de aprendizaje, sino que adem\u00e1s brinda la oportunidad de desarrollar otras habilidades esenciales para su formaci\u00f3n.<\/p>\t\t\t\t\t\t<\/div>\n\t\t\t\t<\/div>\n\t\t\t\t\t<\/div>\n\t\t<\/div>\n\t\t\t\t\t\t\t<\/div>\n\t\t<\/section>\n\t\t\t\t<section class=\"elementor-section elementor-top-section elementor-element elementor-element-cdf93fb elementor-section-boxed elementor-section-height-default elementor-section-height-default\" data-id=\"cdf93fb\" data-element_type=\"section\">\n\t\t\t\t\t\t<div class=\"elementor-container elementor-column-gap-default\">\n\t\t\t\t\t<div class=\"elementor-column elementor-col-100 elementor-top-column elementor-element elementor-element-0e06e88\" data-id=\"0e06e88\" data-element_type=\"column\">\n\t\t\t<div class=\"elementor-widget-wrap elementor-element-populated\">\n\t\t\t\t\t\t\t\t<div class=\"elementor-element elementor-element-c509ad9 elementor-aspect-ratio-169 elementor-widget elementor-widget-video\" data-id=\"c509ad9\" data-element_type=\"widget\" data-settings=\"{&quot;youtube_url&quot;:&quot;https:\\\/\\\/youtu.be\\\/K-zc0OWcW90&quot;,&quot;video_type&quot;:&quot;youtube&quot;,&quot;controls&quot;:&quot;yes&quot;,&quot;aspect_ratio&quot;:&quot;169&quot;}\" data-widget_type=\"video.default\">\n\t\t\t\t<div class=\"elementor-widget-container\">\n\t\t\t<style>\/*! elementor - v3.10.2 - 29-01-2023 *\/\n.elementor-widget-video .elementor-widget-container{overflow:hidden;transform:translateZ(0)}.elementor-widget-video .elementor-open-inline .elementor-custom-embed-image-overlay{position:absolute;top:0;left:0;width:100%;height:100%;background-size:cover;background-position:50%}.elementor-widget-video .elementor-custom-embed-image-overlay{cursor:pointer;text-align:center}.elementor-widget-video .elementor-custom-embed-image-overlay:hover .elementor-custom-embed-play i{opacity:1}.elementor-widget-video .elementor-custom-embed-image-overlay img{display:block;width:100%}.elementor-widget-video .e-hosted-video .elementor-video{-o-object-fit:cover;object-fit:cover}.e-con-inner>.elementor-widget-video,.e-con>.elementor-widget-video{width:var(--container-widget-width);--flex-grow:var(--container-widget-flex-grow)}<\/style>\t\t<div class=\"elementor-wrapper elementor-fit-aspect-ratio elementor-open-inline\">\n\t\t\t<div class=\"elementor-video\"><\/div>\t\t<\/div>\n\t\t\t\t<\/div>\n\t\t\t\t<\/div>\n\t\t\t\t\t<\/div>\n\t\t<\/div>\n\t\t\t\t\t\t\t<\/div>\n\t\t<\/section>\n\t\t\t\t\t\t\t<\/div>\n\t\t","protected":false},"excerpt":{"rendered":"<p>*El mandatario entreg\u00f3 mobiliario educativo, equipamiento para aulas y talleres, equipo tecnol\u00f3gico, material deportivo, as\u00ed como de rehabilitaci\u00f3n Pachuca, Hgo., 9 de abril de 2025.-En Hidalgo, educar es transformar, y construir con visi\u00f3n de futuro significa tambi\u00e9n que todas las regiones de la entidad cuenten con las herramientas necesarias para impulsar una educaci\u00f3n de calidad, [&hellip;]<\/p>\n","protected":false},"author":1,"featured_media":75726,"comment_status":"closed","ping_status":"closed","sticky":false,"template":"","format":"standard","meta":[],"categories":[7],"tags":[],"_links":{"self":[{"href":"https:\/\/www.diarionoti7.com.mx\/index.php?rest_route=\/wp\/v2\/posts\/75733"}],"collection":[{"href":"https:\/\/www.diarionoti7.com.mx\/index.php?rest_route=\/wp\/v2\/posts"}],"about":[{"href":"https:\/\/www.diarionoti7.com.mx\/index.php?rest_route=\/wp\/v2\/types\/post"}],"author":[{"embeddable":true,"href":"https:\/\/www.diarionoti7.com.mx\/index.php?rest_route=\/wp\/v2\/users\/1"}],"replies":[{"embeddable":true,"href":"https:\/\/www.diarionoti7.com.mx\/index.php?rest_route=%2Fwp%2Fv2%2Fcomments&post=75733"}],"version-history":[{"count":4,"href":"https:\/\/www.diarionoti7.com.mx\/index.php?rest_route=\/wp\/v2\/posts\/75733\/revisions"}],"predecessor-version":[{"id":75737,"href":"https:\/\/www.diarionoti7.com.mx\/index.php?rest_route=\/wp\/v2\/posts\/75733\/revisions\/75737"}],"wp:featuredmedia":[{"embeddable":true,"href":"https:\/\/www.diarionoti7.com.mx\/index.php?rest_route=\/wp\/v2\/media\/75726"}],"wp:attachment":[{"href":"https:\/\/www.diarionoti7.com.mx\/index.php?rest_route=%2Fwp%2Fv2%2Fmedia&parent=75733"}],"wp:term":[{"taxonomy":"category","embeddable":true,"href":"https:\/\/www.diarionoti7.com.mx\/index.php?rest_route=%2Fwp%2Fv2%2Fcategories&post=75733"},{"taxonomy":"post_tag","embeddable":true,"href":"https:\/\/www.diarionoti7.com.mx\/index.php?rest_route=%2Fwp%2Fv2%2Ftags&post=75733"}],"curies":[{"name":"wp","href":"https:\/\/api.w.org\/{rel}","templated":true}]}}